{"id":95808,"date":"2019-12-03T05:04:03","date_gmt":"2019-12-03T08:04:03","guid":{"rendered":"http:\/\/www.eltrabajo.cl\/portal\/?p=95808"},"modified":"2019-12-02T20:45:20","modified_gmt":"2019-12-02T23:45:20","slug":"a-los-55-anos-de-edad-muere-conocido-exdirigente-y-vecino-de-villa-cordillera","status":"publish","type":"post","link":"https:\/\/eltrabajo.cl\/portal\/a-los-55-anos-de-edad-muere-conocido-exdirigente-y-vecino-de-villa-cordillera\/","title":{"rendered":"A los 55 a\u00f1os de edad muere conocido exdirigente y vecino de Villa Cordillera"},"content":{"rendered":"<p><span style=\"color: #ff0000;\"><strong>Pablo Imbert Jim\u00e9nez sufr\u00eda de diabetes:<\/strong><\/span><\/p>\n<ul>\n<li><strong>Sus restos fueron velados en la Parroquia Andacollo de San Felipe. <\/strong><\/li>\n<\/ul>\n<p>Enorme pesar familiar y vecinal origin\u00f3 el lamentable fallecimiento de <strong>Pablo Imbert Jim\u00e9nez<\/strong>, a la edad de 55 a\u00f1os, primer dirigente de la Junta de Vecinos en la Villa Cordillera de San Felipe, tras arrastrar diversas secuelas a ra\u00edz de una diabetes.<\/p>\n<p>Pablo Imbert dej\u00f3 de existir la semana pasada, despu\u00e9s de permanecer internado en el Hospital Carlos Van Buren de Valpara\u00edso, dejando a su viuda <strong>Bernardita Zamora N\u00fa\u00f1ez<\/strong> y sus tres hijos: <strong>Felipe<\/strong>, <strong>Pablo <\/strong>y<strong> Valentina<\/strong>.<\/p>\n<p>\u201c<em>El 6 de abril del 2018 sufri\u00f3 una hemorragia cerebral y ah\u00ed estuvo en la UCI alrededor de tres meses. El 15 de agosto de ese a\u00f1o lo llevamos a la casa donde le instalamos una pieza cl\u00ednica, donde fue asistido por casi un a\u00f1o por profesionales de la salud. Pablo se descompens\u00f3 y no hubo ninguna mejor\u00eda porque a \u00e9l se le declararon muchas enfermedades, al final muri\u00f3 de una neumon\u00eda por aspiraci\u00f3n, su hemorragia cerebral, estuvo 18 meses donde nunca pudo salir adelante, hab\u00eda que asistirlo 24\/7, donde tuve el apoyo de mis hijos Felipe, Pablo y Valentina\u201d,<\/em> \u00a0relata a <strong>Diario El Trabajo<\/strong>, Bernardita Zamora N\u00fa\u00f1ez.<\/p>\n<p>Sus restos fueron trasladados desde Valpara\u00edso hasta la Parroquia Andacollo de San Felipe para la celebraci\u00f3n de una misa por su eterno descanso, luego de lo cual continuaron sus funerales hasta el Cementerio Valle de Auco.<\/p>\n<p>\u201c<em>Le brindamos todo el amor que pudimos, nunca dudamos que podr\u00eda salir adelante, siempre tuvimos la esperanza de sacarlo adelante, pero su cuerpo estaba muy cansado, estaba muy agitado de tanto sufrir, termin\u00f3 muy delgado. \u00c9l fue un gran padre, un gran esposo, buen amigo, yerno, cu\u00f1ado, fue muy querido por muchos. \u00c9l form\u00f3 la primera junta de vecinos de la Villa Cordillera, con mis vecinos Jos\u00e9 Luis Aguirre, Sergio Urbina, Ruth Delgado. Fue el primer dirigente de la junta de vecinos con don H\u00e9ctor Parada\u201d,<\/em> a\u00f1adi\u00f3 Bernardita.<\/p>\n<p>Asimismo la familia agradeci\u00f3 a todos los familiares y amigos, quienes los acompa\u00f1aron en este duro momento de la p\u00e9rdida de un ser querido.<\/p>\n<p><strong>Pablo Salinas Sald\u00edas<\/strong><\/p>\n<p><strong>\u00a0<\/strong><\/p>\n<figure id=\"attachment_95810\" aria-describedby=\"caption-attachment-95810\" style=\"width: 580px\" class=\"wp-caption alignnone\"><img data-recalc-dims=\"1\" loading=\"lazy\" decoding=\"async\" class=\"size-full wp-image-95810\" src=\"https:\/\/i0.wp.com\/www.eltrabajo.cl\/portal\/wp-content\/uploads\/2019\/12\/pablo-imbert-2-copia.jpg?resize=580%2C580\" alt=\"Pablo vivi\u00f3 junto a su familia por m\u00e1s de dos d\u00e9cadas en la Villa Cordillera de San Felipe.\" width=\"580\" height=\"580\" srcset=\"https:\/\/i0.wp.com\/eltrabajo.cl\/portal\/wp-content\/uploads\/2019\/12\/pablo-imbert-2-copia.jpg?w=580&amp;ssl=1 580w, https:\/\/i0.wp.com\/eltrabajo.cl\/portal\/wp-content\/uploads\/2019\/12\/pablo-imbert-2-copia.jpg?resize=300%2C300&amp;ssl=1 300w, https:\/\/i0.wp.com\/eltrabajo.cl\/portal\/wp-content\/uploads\/2019\/12\/pablo-imbert-2-copia.jpg?resize=150%2C150&amp;ssl=1 150w, https:\/\/i0.wp.com\/eltrabajo.cl\/portal\/wp-content\/uploads\/2019\/12\/pablo-imbert-2-copia.jpg?resize=400%2C400&amp;ssl=1 400w, https:\/\/i0.wp.com\/eltrabajo.cl\/portal\/wp-content\/uploads\/2019\/12\/pablo-imbert-2-copia.jpg?resize=144%2C144&amp;ssl=1 144w\" sizes=\"auto, (max-width: 580px) 100vw, 580px\" \/><figcaption id=\"caption-attachment-95810\" class=\"wp-caption-text\">Pablo vivi\u00f3 junto a su familia por m\u00e1s de dos d\u00e9cadas en la Villa Cordillera de San Felipe.<\/figcaption><\/figure>\n<p>&nbsp;<\/p>\n<figure id=\"attachment_95809\" aria-describedby=\"caption-attachment-95809\" style=\"width: 579px\" class=\"wp-caption alignnone\"><img data-recalc-dims=\"1\" loading=\"lazy\" decoding=\"async\" class=\"size-full wp-image-95809\" src=\"https:\/\/i0.wp.com\/www.eltrabajo.cl\/portal\/wp-content\/uploads\/2019\/12\/pablo-imbert-1.jpg?resize=579%2C435\" alt=\"Pablo Imbert Jim\u00e9nez en sus \u00faltimos momentos junto a sus hijos.\" width=\"579\" height=\"435\" srcset=\"https:\/\/i0.wp.com\/eltrabajo.cl\/portal\/wp-content\/uploads\/2019\/12\/pablo-imbert-1.jpg?w=579&amp;ssl=1 579w, https:\/\/i0.wp.com\/eltrabajo.cl\/portal\/wp-content\/uploads\/2019\/12\/pablo-imbert-1.jpg?resize=300%2C225&amp;ssl=1 300w, https:\/\/i0.wp.com\/eltrabajo.cl\/portal\/wp-content\/uploads\/2019\/12\/pablo-imbert-1.jpg?resize=200%2C150&amp;ssl=1 200w, https:\/\/i0.wp.com\/eltrabajo.cl\/portal\/wp-content\/uploads\/2019\/12\/pablo-imbert-1.jpg?resize=400%2C301&amp;ssl=1 400w\" sizes=\"auto, (max-width: 579px) 100vw, 579px\" \/><figcaption id=\"caption-attachment-95809\" class=\"wp-caption-text\">Pablo Imbert Jim\u00e9nez en sus \u00faltimos momentos junto a sus hijos.<\/figcaption><\/figure>\n<p>&nbsp;<\/p>\n<figure id=\"attachment_95812\" aria-describedby=\"caption-attachment-95812\" style=\"width: 579px\" class=\"wp-caption alignnone\"><img data-recalc-dims=\"1\" loading=\"lazy\" decoding=\"async\" class=\"size-full wp-image-95812\" src=\"https:\/\/i0.wp.com\/www.eltrabajo.cl\/portal\/wp-content\/uploads\/2019\/12\/pablo-imbert-3.jpg?resize=579%2C442\" alt=\"El cuerpo de Pablo Imbert fue velado en la Parroquia Ancadollo de San Felipe.\" width=\"579\" height=\"442\" srcset=\"https:\/\/i0.wp.com\/eltrabajo.cl\/portal\/wp-content\/uploads\/2019\/12\/pablo-imbert-3.jpg?w=579&amp;ssl=1 579w, https:\/\/i0.wp.com\/eltrabajo.cl\/portal\/wp-content\/uploads\/2019\/12\/pablo-imbert-3.jpg?resize=300%2C229&amp;ssl=1 300w, https:\/\/i0.wp.com\/eltrabajo.cl\/portal\/wp-content\/uploads\/2019\/12\/pablo-imbert-3.jpg?resize=196%2C150&amp;ssl=1 196w, https:\/\/i0.wp.com\/eltrabajo.cl\/portal\/wp-content\/uploads\/2019\/12\/pablo-imbert-3.jpg?resize=400%2C305&amp;ssl=1 400w\" sizes=\"auto, (max-width: 579px) 100vw, 579px\" \/><figcaption id=\"caption-attachment-95812\" class=\"wp-caption-text\">El cuerpo de Pablo Imbert fue velado en la Parroquia Ancadollo de San Felipe.<\/figcaption><\/figure>\n<p>&nbsp;<\/p>\n","protected":false},"excerpt":{"rendered":"<p>Pablo Imbert Jim\u00e9nez sufr\u00eda de diabetes: Sus restos fueron velados en la Parroquia Andacollo de San Felipe. Enorme pesar familiar y vecinal origin\u00f3 el lamentable fallecimiento de Pablo Imbert Jim\u00e9nez, a la&#8230;<\/p>\n","protected":false},"author":482,"featured_media":95811,"comment_status":"open","ping_status":"open","sticky":false,"template":"","format":"standard","meta":{"advanced_seo_description":"","jetpack_seo_html_title":"","jetpack_seo_noindex":false,"_jetpack_memberships_contains_paid_content":false,"footnotes":""},"categories":[15],"tags":[],"class_list":["post-95808","post","type-post","status-publish","format-standard","has-post-thumbnail","hentry","category-comunidad"],"jetpack_featured_media_url":"https:\/\/i0.wp.com\/eltrabajo.cl\/portal\/wp-content\/uploads\/2019\/12\/pablo-imbert-2.jpg?fit=580%2C360&ssl=1","jetpack_sharing_enabled":true,"jetpack_likes_enabled":true,"jetpack-related-posts":[],"_links":{"self":[{"href":"https:\/\/eltrabajo.cl\/portal\/wp-json\/wp\/v2\/posts\/95808","targetHints":{"allow":["GET"]}}],"collection":[{"href":"https:\/\/eltrabajo.cl\/portal\/wp-json\/wp\/v2\/posts"}],"about":[{"href":"https:\/\/eltrabajo.cl\/portal\/wp-json\/wp\/v2\/types\/post"}],"author":[{"embeddable":true,"href":"https:\/\/eltrabajo.cl\/portal\/wp-json\/wp\/v2\/users\/482"}],"replies":[{"embeddable":true,"href":"https:\/\/eltrabajo.cl\/portal\/wp-json\/wp\/v2\/comments?post=95808"}],"version-history":[{"count":0,"href":"https:\/\/eltrabajo.cl\/portal\/wp-json\/wp\/v2\/posts\/95808\/revisions"}],"wp:featuredmedia":[{"embeddable":true,"href":"https:\/\/eltrabajo.cl\/portal\/wp-json\/wp\/v2\/media\/95811"}],"wp:attachment":[{"href":"https:\/\/eltrabajo.cl\/portal\/wp-json\/wp\/v2\/media?parent=95808"}],"wp:term":[{"taxonomy":"category","embeddable":true,"href":"https:\/\/eltrabajo.cl\/portal\/wp-json\/wp\/v2\/categories?post=95808"},{"taxonomy":"post_tag","embeddable":true,"href":"https:\/\/eltrabajo.cl\/portal\/wp-json\/wp\/v2\/tags?post=95808"}],"curies":[{"name":"wp","href":"https:\/\/api.w.org\/{rel}","templated":true}]}}