{"id":95814,"date":"2019-12-03T05:05:48","date_gmt":"2019-12-03T08:05:48","guid":{"rendered":"http:\/\/www.eltrabajo.cl\/portal\/?p=95814"},"modified":"2019-12-03T23:19:15","modified_gmt":"2019-12-04T02:19:15","slug":"joven-pareja-necesita-3-millones-de-pesos-para-comprar-maquina-para-la-apnea","status":"publish","type":"post","link":"https:\/\/eltrabajo.cl\/portal\/joven-pareja-necesita-3-millones-de-pesos-para-comprar-maquina-para-la-apnea\/","title":{"rendered":"Joven pareja necesita 3 millones de pesos para comprar m\u00e1quina para la Apnea"},"content":{"rendered":"<p><span style=\"color: #ff0000;\"><strong>Luchan por salvar a su hijo Matteo:<\/strong><\/span><\/p>\n<p>Una campa\u00f1a para reunir tres millones de pesos est\u00e1 realizando una joven pareja, padres de los gemelos <strong>Felipe <\/strong>y<strong> Matteo<\/strong>, el \u00faltimo de los cuales se encuentra actualmente internado en la UCI pedi\u00e1trica por problemas de salud.<\/p>\n<p>Para lo anterior est\u00e1n realizando una rifa que tiene un valor de 500 pesos el n\u00famero. Tambi\u00e9n este d\u00eda s\u00e1bado 7 de diciembre van a realizar una completada. Todo para reunir el dinero y poder comprar la m\u00e1quina para Matteo, algo que no es nuevo en nuestro pa\u00eds, donde familias deben costear car\u00edsimos tratamientos por medio de bingos, lotas, completadas, rifas, etc.<\/p>\n<p>El padre de Matteo, <strong>Juan Vera<\/strong>, explic\u00f3 que los ni\u00f1os nacieron en forma prematura. Entregando un poco de contexto de toda la situaci\u00f3n que le ha tocado vivir, se\u00f1ala que el embarazo fue complicado: <em>\u201cDe la semana 21 que se vio en este caso que Matteo pod\u00eda tener un poco de complicaci\u00f3n, por lo peque\u00f1ito que era, a parte que era una embarazo m\u00faltiple. Lamentablemente los ni\u00f1os cierran en la semana 30, no alcanzando a ser sietemesinos y quedaron internados casi 60 d\u00edas en la unidad de neonatolog\u00eda del Hospital San Camilo de San Felipe. Un 7 se portaron en el hospital, fue un proceso bastante largo, duro obviamente, no poder tener a tus hijos contigo apenas los dieran de alta. Y lamentablemente a las dos semanas de estar de alta, los ni\u00f1os se fueron con ox\u00edgeno porque padecen de displasia. Matteo comenz\u00f3 a presentar apneas, una primera complicaci\u00f3n que fue aproximadamente hace unas tres semanas, tres lunes atr\u00e1s estuvo en urgencia en el hospital, hospitalizado, y lo dieron de alta al d\u00eda siguiente, pero ya el lunes siguiente nuevamente present\u00f3 esta problem\u00e1tica y de ah\u00ed cay\u00f3 internado. Va a enterar pr\u00e1cticamente dos semanas en la UCI pedi\u00e1trica. Producto de lo mismo nosotros como familia, <strong>Karime<\/strong>, su mam\u00e1, claramente con su hermano <strong>Felipe<\/strong> que lo extra\u00f1a en demas\u00eda, nos vimos obligados a acudir a la solidaridad de la gente, realizando estas actividades; la completada el d\u00eda 07 y una rifa que se va a lanzar el d\u00eda 21. La idea de esto es poder reunir los fondos para tener la implementaci\u00f3n para que pueda Matteo estar con nosotros en forma un poco m\u00e1s regular. \u00bfA qu\u00e9 me refiero?, que con esta implementaci\u00f3n vamos a detectar cuando Matteo sufra quiz\u00e1s una apnea nuevamente, poder estar m\u00e1s alerta, prestarle mayor atenci\u00f3n, tener un registro de su rimo card\u00edaco, frecuencia respiratoria, etc. Es una m\u00e1quina en este caso muy completa, producto de lo mismo es el valor tan elevado que tiene, y la verdad que como familia no nos queda otra que dar las gracias porque ha tenido una difusi\u00f3n tremenda, un apoyo por parte de la gente impresionante, y no s\u00f3lo en lo econ\u00f3mico, sino nos han ofrecido si tenemos que recibir una donaci\u00f3n de sangre, palabras, ayuda sicol\u00f3gica a grupos de familia que tuvieron embarazo m\u00faltiple, de todo de personas que no conoc\u00edamos, que no conocemos y nos han querido aportar con un granito de arena\u201d,<\/em> \u00a0indic\u00f3.<\/p>\n<p>&#8211; <strong>\u00bfC\u00f3mo funciona en la pr\u00e1ctica la m\u00e1quina, lo dejan conectado a tu hijo?<\/strong><\/p>\n<p>&#8211; Esto va a ser igual que un cintur\u00f3n, pero en realidad no va a estar a la altura de la cintura sino a nivel de t\u00f3rax. Entonces con eso pueden medir la frecuencia card\u00edaca, lo que es la parte respiratoria, tener la claridad de por ejemplo si baj\u00f3 la frecuencia card\u00edaca, baj\u00f3 la frecuencia respiratoria, tener todas las se\u00f1ales de alerta en caso de&#8230;, adem\u00e1s como es un embarazo m\u00faltiple, son gemelos.<\/p>\n<p>El padre de Matteo dio a conocer su cuenta RUT en caso que alguien pueda cooperar econ\u00f3micamente. 17.971.716-6, tambi\u00e9n entreg\u00f3 su celular, el +56 9 8252 0400, para las personas que deseen comprar completos el d\u00eda 07 de diciembre.<\/p>\n<p>Aprovech\u00f3 para agradecer al servicio de Neonatolog\u00eda del Hospital San Camilo, por todo el servicio entregado.<\/p>\n<p>Recuerden que la m\u00e1quina tiene un valor de tres millones de pesos.<\/p>\n<p>La Apnea es la suspensi\u00f3n transitoria de la respiraci\u00f3n, lo que suele derivar en la muerte del paciente, raz\u00f3n por la cual la m\u00e1quina que desean comprar les permite monitorear las palpitaciones y respiraci\u00f3n de su hijo.<\/p>\n<figure id=\"attachment_95815\" aria-describedby=\"caption-attachment-95815\" style=\"width: 580px\" class=\"wp-caption alignnone\"><img data-recalc-dims=\"1\" loading=\"lazy\" decoding=\"async\" class=\"size-full wp-image-95815\" src=\"https:\/\/i0.wp.com\/www.eltrabajo.cl\/portal\/wp-content\/uploads\/2019\/12\/apnea-juan-vera-y-karime-orellana.jpg?resize=580%2C359\" alt=\"Juan Vera junto a su pareja Karime Orellana, padres de Felipe y Matteo, el \u00faltimo de los cuales se encuentra actualmente internado en la UCI pedi\u00e1trica por Apnea.\" width=\"580\" height=\"359\" srcset=\"https:\/\/i0.wp.com\/eltrabajo.cl\/portal\/wp-content\/uploads\/2019\/12\/apnea-juan-vera-y-karime-orellana.jpg?w=580&amp;ssl=1 580w, https:\/\/i0.wp.com\/eltrabajo.cl\/portal\/wp-content\/uploads\/2019\/12\/apnea-juan-vera-y-karime-orellana.jpg?resize=300%2C186&amp;ssl=1 300w, https:\/\/i0.wp.com\/eltrabajo.cl\/portal\/wp-content\/uploads\/2019\/12\/apnea-juan-vera-y-karime-orellana.jpg?resize=200%2C124&amp;ssl=1 200w, https:\/\/i0.wp.com\/eltrabajo.cl\/portal\/wp-content\/uploads\/2019\/12\/apnea-juan-vera-y-karime-orellana.jpg?resize=242%2C150&amp;ssl=1 242w, https:\/\/i0.wp.com\/eltrabajo.cl\/portal\/wp-content\/uploads\/2019\/12\/apnea-juan-vera-y-karime-orellana.jpg?resize=400%2C248&amp;ssl=1 400w\" sizes=\"auto, (max-width: 580px) 100vw, 580px\" \/><figcaption id=\"caption-attachment-95815\" class=\"wp-caption-text\">Juan Vera junto a su pareja Karime Orellana, padres de Felipe y Matteo, el \u00faltimo de los cuales se encuentra actualmente internado en la UCI pedi\u00e1trica por Apnea.<\/figcaption><\/figure>\n<p>&nbsp;<\/p>\n","protected":false},"excerpt":{"rendered":"<p>Luchan por salvar a su hijo Matteo: Una campa\u00f1a para reunir tres millones de pesos est\u00e1 realizando una joven pareja, padres de los gemelos Felipe y Matteo, el \u00faltimo de los cuales&#8230;<\/p>\n","protected":false},"author":482,"featured_media":95815,"comment_status":"open","ping_status":"open","sticky":false,"template":"","format":"standard","meta":{"advanced_seo_description":"","jetpack_seo_html_title":"","jetpack_seo_noindex":false,"_jetpack_memberships_contains_paid_content":false,"footnotes":""},"categories":[15],"tags":[],"class_list":["post-95814","post","type-post","status-publish","format-standard","has-post-thumbnail","hentry","category-comunidad"],"jetpack_featured_media_url":"https:\/\/i0.wp.com\/eltrabajo.cl\/portal\/wp-content\/uploads\/2019\/12\/apnea-juan-vera-y-karime-orellana.jpg?fit=580%2C359&ssl=1","jetpack_sharing_enabled":true,"jetpack_likes_enabled":true,"jetpack-related-posts":[],"_links":{"self":[{"href":"https:\/\/eltrabajo.cl\/portal\/wp-json\/wp\/v2\/posts\/95814","targetHints":{"allow":["GET"]}}],"collection":[{"href":"https:\/\/eltrabajo.cl\/portal\/wp-json\/wp\/v2\/posts"}],"about":[{"href":"https:\/\/eltrabajo.cl\/portal\/wp-json\/wp\/v2\/types\/post"}],"author":[{"embeddable":true,"href":"https:\/\/eltrabajo.cl\/portal\/wp-json\/wp\/v2\/users\/482"}],"replies":[{"embeddable":true,"href":"https:\/\/eltrabajo.cl\/portal\/wp-json\/wp\/v2\/comments?post=95814"}],"version-history":[{"count":0,"href":"https:\/\/eltrabajo.cl\/portal\/wp-json\/wp\/v2\/posts\/95814\/revisions"}],"wp:featuredmedia":[{"embeddable":true,"href":"https:\/\/eltrabajo.cl\/portal\/wp-json\/wp\/v2\/media\/95815"}],"wp:attachment":[{"href":"https:\/\/eltrabajo.cl\/portal\/wp-json\/wp\/v2\/media?parent=95814"}],"wp:term":[{"taxonomy":"category","embeddable":true,"href":"https:\/\/eltrabajo.cl\/portal\/wp-json\/wp\/v2\/categories?post=95814"},{"taxonomy":"post_tag","embeddable":true,"href":"https:\/\/eltrabajo.cl\/portal\/wp-json\/wp\/v2\/tags?post=95814"}],"curies":[{"name":"wp","href":"https:\/\/api.w.org\/{rel}","templated":true}]}}