{"id":95821,"date":"2019-12-04T05:01:16","date_gmt":"2019-12-04T08:01:16","guid":{"rendered":"http:\/\/www.eltrabajo.cl\/portal\/?p=95821"},"modified":"2019-12-03T21:05:53","modified_gmt":"2019-12-04T00:05:53","slug":"el-director-tecnico-y-nueve-jugadores-dicen-adios-al-uni-uni","status":"publish","type":"post","link":"https:\/\/eltrabajo.cl\/portal\/el-director-tecnico-y-nueve-jugadores-dicen-adios-al-uni-uni\/","title":{"rendered":"El Director T\u00e9cnico y nueve jugadores dicen adi\u00f3s al Un\u00ed Un\u00ed"},"content":{"rendered":"<p>Las primeras novedades que trajo para Uni\u00f3n San Felipe, la finalizaci\u00f3n anticipada del torneo, fue la confirmaci\u00f3n que el cuerpo t\u00e9cnico encabezado por <strong>Germ\u00e1n Corengia<\/strong>, m\u00e1s nueve jugadores, terminaron su relaci\u00f3n contractual con el club sanfelipe\u00f1o.<\/p>\n<p>La informaci\u00f3n fue proporcionada por el gerente general del Un\u00ed Un\u00ed, <strong>Eduardo Olivares<\/strong>, quien al momento de dar la noticia no descart\u00f3 que alguno de los jugadores con los que se termin\u00f3 el v\u00ednculo puedan vestir de albirrojo el 2020. <em>\u201cHay que agradecer el esfuerzo de cada uno de ellos mientras estuvieron en el club; reci\u00e9n estamos viendo y haciendo an\u00e1lisis. El f\u00fatbol es muy din\u00e1mico por lo que nada se debe descartar\u201d,<\/em> declar\u00f3 el alto directivo.<\/p>\n<p>Uni\u00f3n San Felipe inici\u00f3 formalmente su periodo de vacaciones el pasado lunes, teniendo programado el retorno al trabajo el lunes 6 de enero del pr\u00f3ximo a\u00f1o.<\/p>\n<p>Los nueve jugadores que no siguen son:<\/p>\n<p>Jonathan Salvador, David Fern\u00e1ndez, Jos\u00e9 Catal\u00e1n, Bruno Martini, Christian \u2018La Nona\u2019 Mu\u00f1oz, Tom\u00e1s Lanzini, Jos\u00e9 Mart\u00ednez, Brian Cort\u00e9s y Miguel \u00c1ngel Orellana.<\/p>\n<p>&nbsp;<\/p>\n<figure id=\"attachment_95823\" aria-describedby=\"caption-attachment-95823\" style=\"width: 580px\" class=\"wp-caption alignnone\"><img data-recalc-dims=\"1\" loading=\"lazy\" decoding=\"async\" class=\"size-full wp-image-95823\" src=\"https:\/\/i0.wp.com\/www.eltrabajo.cl\/portal\/wp-content\/uploads\/2019\/12\/tres-juntos.jpg?resize=580%2C360\" alt=\"El t\u00e9cnico Germ\u00e1n Corengia, m\u00e1s los experimentados Christian Mu\u00f1oz y Jos\u00e9 Mart\u00ednez, terminaron sus contratos con el Un\u00ed Un\u00ed.\" width=\"580\" height=\"360\" srcset=\"https:\/\/i0.wp.com\/eltrabajo.cl\/portal\/wp-content\/uploads\/2019\/12\/tres-juntos.jpg?w=580&amp;ssl=1 580w, https:\/\/i0.wp.com\/eltrabajo.cl\/portal\/wp-content\/uploads\/2019\/12\/tres-juntos.jpg?resize=300%2C186&amp;ssl=1 300w, https:\/\/i0.wp.com\/eltrabajo.cl\/portal\/wp-content\/uploads\/2019\/12\/tres-juntos.jpg?resize=200%2C124&amp;ssl=1 200w, https:\/\/i0.wp.com\/eltrabajo.cl\/portal\/wp-content\/uploads\/2019\/12\/tres-juntos.jpg?resize=242%2C150&amp;ssl=1 242w, https:\/\/i0.wp.com\/eltrabajo.cl\/portal\/wp-content\/uploads\/2019\/12\/tres-juntos.jpg?resize=400%2C248&amp;ssl=1 400w\" sizes=\"auto, (max-width: 580px) 100vw, 580px\" \/><figcaption id=\"caption-attachment-95823\" class=\"wp-caption-text\">El t\u00e9cnico Germ\u00e1n Corengia, m\u00e1s los experimentados Christian Mu\u00f1oz y Jos\u00e9 Mart\u00ednez, terminaron sus contratos con el Un\u00ed Un\u00ed.<\/figcaption><\/figure>\n<p>&nbsp;<\/p>\n<figure id=\"attachment_95822\" aria-describedby=\"caption-attachment-95822\" style=\"width: 580px\" class=\"wp-caption alignnone\"><img data-recalc-dims=\"1\" loading=\"lazy\" decoding=\"async\" class=\"size-full wp-image-95822\" src=\"https:\/\/i0.wp.com\/www.eltrabajo.cl\/portal\/wp-content\/uploads\/2019\/12\/david-Fernandez.jpg?resize=580%2C707\" alt=\"El hist\u00f3rico y referente defensor David Fern\u00e1ndez, culmin\u00f3 su relaci\u00f3n contractual con Uni\u00f3n San Felipe.\" width=\"580\" height=\"707\" srcset=\"https:\/\/i0.wp.com\/eltrabajo.cl\/portal\/wp-content\/uploads\/2019\/12\/david-Fernandez.jpg?w=580&amp;ssl=1 580w, https:\/\/i0.wp.com\/eltrabajo.cl\/portal\/wp-content\/uploads\/2019\/12\/david-Fernandez.jpg?resize=246%2C300&amp;ssl=1 246w, https:\/\/i0.wp.com\/eltrabajo.cl\/portal\/wp-content\/uploads\/2019\/12\/david-Fernandez.jpg?resize=123%2C150&amp;ssl=1 123w, https:\/\/i0.wp.com\/eltrabajo.cl\/portal\/wp-content\/uploads\/2019\/12\/david-Fernandez.jpg?resize=400%2C488&amp;ssl=1 400w\" sizes=\"auto, (max-width: 580px) 100vw, 580px\" \/><figcaption id=\"caption-attachment-95822\" class=\"wp-caption-text\">El hist\u00f3rico y referente defensor David Fern\u00e1ndez, culmin\u00f3 su relaci\u00f3n contractual con Uni\u00f3n San Felipe.<\/figcaption><\/figure>\n","protected":false},"excerpt":{"rendered":"<p>Las primeras novedades que trajo para Uni\u00f3n San Felipe, la finalizaci\u00f3n anticipada del torneo, fue la confirmaci\u00f3n que el cuerpo t\u00e9cnico encabezado por Germ\u00e1n Corengia, m\u00e1s nueve jugadores, terminaron su relaci\u00f3n contractual&#8230;<\/p>\n","protected":false},"author":482,"featured_media":95823,"comment_status":"open","ping_status":"open","sticky":false,"template":"","format":"standard","meta":{"advanced_seo_description":"","jetpack_seo_html_title":"","jetpack_seo_noindex":false,"_jetpack_memberships_contains_paid_content":false,"footnotes":""},"categories":[19],"tags":[],"class_list":["post-95821","post","type-post","status-publish","format-standard","has-post-thumbnail","hentry","category-deportes"],"jetpack_featured_media_url":"https:\/\/i0.wp.com\/eltrabajo.cl\/portal\/wp-content\/uploads\/2019\/12\/tres-juntos.jpg?fit=580%2C360&ssl=1","jetpack_sharing_enabled":true,"jetpack_likes_enabled":true,"jetpack-related-posts":[],"_links":{"self":[{"href":"https:\/\/eltrabajo.cl\/portal\/wp-json\/wp\/v2\/posts\/95821","targetHints":{"allow":["GET"]}}],"collection":[{"href":"https:\/\/eltrabajo.cl\/portal\/wp-json\/wp\/v2\/posts"}],"about":[{"href":"https:\/\/eltrabajo.cl\/portal\/wp-json\/wp\/v2\/types\/post"}],"author":[{"embeddable":true,"href":"https:\/\/eltrabajo.cl\/portal\/wp-json\/wp\/v2\/users\/482"}],"replies":[{"embeddable":true,"href":"https:\/\/eltrabajo.cl\/portal\/wp-json\/wp\/v2\/comments?post=95821"}],"version-history":[{"count":0,"href":"https:\/\/eltrabajo.cl\/portal\/wp-json\/wp\/v2\/posts\/95821\/revisions"}],"wp:featuredmedia":[{"embeddable":true,"href":"https:\/\/eltrabajo.cl\/portal\/wp-json\/wp\/v2\/media\/95823"}],"wp:attachment":[{"href":"https:\/\/eltrabajo.cl\/portal\/wp-json\/wp\/v2\/media?parent=95821"}],"wp:term":[{"taxonomy":"category","embeddable":true,"href":"https:\/\/eltrabajo.cl\/portal\/wp-json\/wp\/v2\/categories?post=95821"},{"taxonomy":"post_tag","embeddable":true,"href":"https:\/\/eltrabajo.cl\/portal\/wp-json\/wp\/v2\/tags?post=95821"}],"curies":[{"name":"wp","href":"https:\/\/api.w.org\/{rel}","templated":true}]}}