{"id":95825,"date":"2019-12-04T05:02:58","date_gmt":"2019-12-04T08:02:58","guid":{"rendered":"http:\/\/www.eltrabajo.cl\/portal\/?p=95825"},"modified":"2019-12-03T21:08:00","modified_gmt":"2019-12-04T00:08:00","slug":"escuela-espana-y-esval-inauguran-proyecto-de-eficiencia-hidrica","status":"publish","type":"post","link":"https:\/\/eltrabajo.cl\/portal\/escuela-espana-y-esval-inauguran-proyecto-de-eficiencia-hidrica\/","title":{"rendered":"Escuela Espa\u00f1a y Esval inauguran proyecto de eficiencia h\u00eddrica"},"content":{"rendered":"<ul>\n<li><strong>Cooperaci\u00f3n entre la empresa sanitaria y la unidad educativa ayudar\u00e1 a un manejo adecuado del agua, que no s\u00f3lo servir\u00e1 al mantenimiento de plantas, sino que tambi\u00e9n permitir\u00e1 beneficios en materia de ahorro econ\u00f3mico.<\/strong><\/li>\n<\/ul>\n<p><strong>LOS ANDES<\/strong>.- Con presencia de autoridades provinciales y municipales, junto con representantes de la comunidad escolar, cont\u00f3 la ceremonia de inauguraci\u00f3n del equipo de reutilizaci\u00f3n de agua potable, proyecto al cual Escuela Espa\u00f1a postul\u00f3 mediante concurso del fondo \u2018Contigo en cada gota\u2019 de Esval.<\/p>\n<p>\u201c<em>Destacamos la mezcla de iniciativas pr\u00e1cticas y tambi\u00e9n la educaci\u00f3n ambiental, mediante talleres desarrollados por los propios docentes y que promueven la iniciativa de cuidar nuestro mundo y destaco la relevancia que tiene para el establecimiento realizar intervenciones como esta, a sentir como propio el espacio\u201d,<\/em> coment\u00f3 el gobernador provincial de Los Andes, <strong>Sergio Salazar<\/strong>, dando especial importancia al sello ambiental del plantel.<\/p>\n<p>&nbsp;<\/p>\n<p><span style=\"color: #ff0000;\"><strong>USAR Y REUTILIZAR PARA CUIDAR<\/strong><\/span><\/p>\n<p>En lo concreto, la instalaci\u00f3n de tuber\u00edas y contenedores en dependencias de Escuela Espa\u00f1a, unidad educativa que entrega formaci\u00f3n a aproximadamente mil ni\u00f1os de la comuna, se encarga de redireccionar las llamadas \u2018aguas grises\u2019, tanto de lavamanos y comedores, para pasar por un proceso de filtrado e inyecci\u00f3n de ozono, evitando, con esto, malos olores. Finalmente, el vital elemento se utiliza en mecanismos de riego automatizado que ayuda a la mantenci\u00f3n de los \u00e1rboles del plantel y as\u00ed\u00a0 devolver nutrientes a las napas subterr\u00e1neas.<\/p>\n<p>\u201c<em>Creo que en estos momentos, el proyecto realizado es muy importante. Todos sabemos que tenemos problemas con el agua, mucha de esta agua se pierde y ser\u00eda bueno que otras escuelas vengan y conozcan lo que se est\u00e1 haciendo\u201d,<\/em> cuenta <strong>Marcos Morales<\/strong>, presidente del Centro de Padres del establecimiento.<\/p>\n<p>&nbsp;<\/p>\n<p><span style=\"color: #ff0000;\"><strong>EDUCAR PARA CUIDAR EL FUTURO<\/strong><\/span><\/p>\n<p>El proceso formativo de ni\u00f1as y ni\u00f1os contempla distintas aristas, y una de ellas es el potenciar valores positivos fundamentales en su desarrollo. Considerando lo anterior, <strong>Mar\u00eda Soledad Reinoso<\/strong>, directora DAEM de Los Andes, resalta la importancia de impulsar el cuidado del entorno como un eje clave en las escuelas y liceos de la red municipal.<\/p>\n<p>\u201c<em>Hemos establecido para el 2020 algunos hitos claves, y uno de ellos es generar una cultura medioambiental y de reciclaje. En esa l\u00ednea queremos fomentar lo que ocurre en esta escuela y seguir estimulando a otros planteles de manera que tengamos una red de estudiantes, equipos completos que se preocupen del\u00a0 cuidado del entorno local y mediante ellos poder ampliar este cuidado en sus hogares y familias\u201d.<\/em><\/p>\n<p>&nbsp;<\/p>\n<figure id=\"attachment_95826\" aria-describedby=\"caption-attachment-95826\" style=\"width: 580px\" class=\"wp-caption alignnone\"><img data-recalc-dims=\"1\" loading=\"lazy\" decoding=\"async\" class=\"size-full wp-image-95826\" src=\"https:\/\/i0.wp.com\/www.eltrabajo.cl\/portal\/wp-content\/uploads\/2019\/12\/cuidar-agua-1.jpg?resize=580%2C359\" alt=\"Autoridades junto a representantes de la comunidad escolar participaron de la inauguraci\u00f3n del equipo de reutilizaci\u00f3n de agua potable en la Escuela Espa\u00f1a.\" width=\"580\" height=\"359\" srcset=\"https:\/\/i0.wp.com\/eltrabajo.cl\/portal\/wp-content\/uploads\/2019\/12\/cuidar-agua-1.jpg?w=580&amp;ssl=1 580w, https:\/\/i0.wp.com\/eltrabajo.cl\/portal\/wp-content\/uploads\/2019\/12\/cuidar-agua-1.jpg?resize=300%2C186&amp;ssl=1 300w, https:\/\/i0.wp.com\/eltrabajo.cl\/portal\/wp-content\/uploads\/2019\/12\/cuidar-agua-1.jpg?resize=200%2C124&amp;ssl=1 200w, https:\/\/i0.wp.com\/eltrabajo.cl\/portal\/wp-content\/uploads\/2019\/12\/cuidar-agua-1.jpg?resize=242%2C150&amp;ssl=1 242w, https:\/\/i0.wp.com\/eltrabajo.cl\/portal\/wp-content\/uploads\/2019\/12\/cuidar-agua-1.jpg?resize=400%2C248&amp;ssl=1 400w\" sizes=\"auto, (max-width: 580px) 100vw, 580px\" \/><figcaption id=\"caption-attachment-95826\" class=\"wp-caption-text\">Autoridades junto a representantes de la comunidad escolar participaron de la inauguraci\u00f3n del equipo de reutilizaci\u00f3n de agua potable en la Escuela Espa\u00f1a.<\/figcaption><\/figure>\n<p>&nbsp;<\/p>\n<figure id=\"attachment_95827\" aria-describedby=\"caption-attachment-95827\" style=\"width: 580px\" class=\"wp-caption alignnone\"><img data-recalc-dims=\"1\" loading=\"lazy\" decoding=\"async\" class=\"size-full wp-image-95827\" src=\"https:\/\/i0.wp.com\/www.eltrabajo.cl\/portal\/wp-content\/uploads\/2019\/12\/cuidar-agua-3.jpg?resize=580%2C360\" alt=\"Usando tuber\u00edas y contenedores, el proyecto redirecciona las \u2018aguas grises\u2019 de lavamanos y comedores, la que es filtrada, se le inyecta ozono para los malos olores, y finalmente se utiliza en el riego automatizado de los \u00e1rboles del plantel, devolviendo los nutrientes a las napas subterr\u00e1neas.\" width=\"580\" height=\"360\" srcset=\"https:\/\/i0.wp.com\/eltrabajo.cl\/portal\/wp-content\/uploads\/2019\/12\/cuidar-agua-3.jpg?w=580&amp;ssl=1 580w, https:\/\/i0.wp.com\/eltrabajo.cl\/portal\/wp-content\/uploads\/2019\/12\/cuidar-agua-3.jpg?resize=300%2C186&amp;ssl=1 300w, https:\/\/i0.wp.com\/eltrabajo.cl\/portal\/wp-content\/uploads\/2019\/12\/cuidar-agua-3.jpg?resize=200%2C124&amp;ssl=1 200w, https:\/\/i0.wp.com\/eltrabajo.cl\/portal\/wp-content\/uploads\/2019\/12\/cuidar-agua-3.jpg?resize=242%2C150&amp;ssl=1 242w, https:\/\/i0.wp.com\/eltrabajo.cl\/portal\/wp-content\/uploads\/2019\/12\/cuidar-agua-3.jpg?resize=400%2C248&amp;ssl=1 400w\" sizes=\"auto, (max-width: 580px) 100vw, 580px\" \/><figcaption id=\"caption-attachment-95827\" class=\"wp-caption-text\">Usando tuber\u00edas y contenedores, el proyecto redirecciona las \u2018aguas grises\u2019 de lavamanos y comedores, la que es filtrada, se le inyecta ozono para los malos olores, y finalmente se utiliza en el riego automatizado de los \u00e1rboles del plantel, devolviendo los nutrientes a las napas subterr\u00e1neas.<\/figcaption><\/figure>\n","protected":false},"excerpt":{"rendered":"<p>Cooperaci\u00f3n entre la empresa sanitaria y la unidad educativa ayudar\u00e1 a un manejo adecuado del agua, que no s\u00f3lo servir\u00e1 al mantenimiento de plantas, sino que tambi\u00e9n permitir\u00e1 beneficios en materia de&#8230;<\/p>\n","protected":false},"author":482,"featured_media":95826,"comment_status":"open","ping_status":"open","sticky":false,"template":"","format":"standard","meta":{"advanced_seo_description":"","jetpack_seo_html_title":"","jetpack_seo_noindex":false,"_jetpack_memberships_contains_paid_content":false,"footnotes":""},"categories":[15],"tags":[],"class_list":["post-95825","post","type-post","status-publish","format-standard","has-post-thumbnail","hentry","category-comunidad"],"jetpack_featured_media_url":"https:\/\/i0.wp.com\/eltrabajo.cl\/portal\/wp-content\/uploads\/2019\/12\/cuidar-agua-1.jpg?fit=580%2C359&ssl=1","jetpack_sharing_enabled":true,"jetpack_likes_enabled":true,"jetpack-related-posts":[],"_links":{"self":[{"href":"https:\/\/eltrabajo.cl\/portal\/wp-json\/wp\/v2\/posts\/95825","targetHints":{"allow":["GET"]}}],"collection":[{"href":"https:\/\/eltrabajo.cl\/portal\/wp-json\/wp\/v2\/posts"}],"about":[{"href":"https:\/\/eltrabajo.cl\/portal\/wp-json\/wp\/v2\/types\/post"}],"author":[{"embeddable":true,"href":"https:\/\/eltrabajo.cl\/portal\/wp-json\/wp\/v2\/users\/482"}],"replies":[{"embeddable":true,"href":"https:\/\/eltrabajo.cl\/portal\/wp-json\/wp\/v2\/comments?post=95825"}],"version-history":[{"count":0,"href":"https:\/\/eltrabajo.cl\/portal\/wp-json\/wp\/v2\/posts\/95825\/revisions"}],"wp:featuredmedia":[{"embeddable":true,"href":"https:\/\/eltrabajo.cl\/portal\/wp-json\/wp\/v2\/media\/95826"}],"wp:attachment":[{"href":"https:\/\/eltrabajo.cl\/portal\/wp-json\/wp\/v2\/media?parent=95825"}],"wp:term":[{"taxonomy":"category","embeddable":true,"href":"https:\/\/eltrabajo.cl\/portal\/wp-json\/wp\/v2\/categories?post=95825"},{"taxonomy":"post_tag","embeddable":true,"href":"https:\/\/eltrabajo.cl\/portal\/wp-json\/wp\/v2\/tags?post=95825"}],"curies":[{"name":"wp","href":"https:\/\/api.w.org\/{rel}","templated":true}]}}