{"id":95837,"date":"2019-12-04T05:05:16","date_gmt":"2019-12-04T08:05:16","guid":{"rendered":"http:\/\/www.eltrabajo.cl\/portal\/?p=95837"},"modified":"2019-12-03T21:14:04","modified_gmt":"2019-12-04T00:14:04","slug":"absuelven-a-sujeto-acusado-de-robar-en-una-vivienda-de-santa-maria","status":"publish","type":"post","link":"https:\/\/eltrabajo.cl\/portal\/absuelven-a-sujeto-acusado-de-robar-en-una-vivienda-de-santa-maria\/","title":{"rendered":"Absuelven a sujeto acusado de robar en una vivienda de Santa Mar\u00eda"},"content":{"rendered":"<p><span style=\"color: #ff0000;\"><strong>Tribunal Oral consider\u00f3 insuficientes las pruebas:<\/strong><\/span><\/p>\n<ul>\n<li><strong>Hechos ocurrieron el 19 de febrero de este a\u00f1o, siendo observado por la v\u00edctima y un vecino a pleno d\u00eda.\u00a0 Asimismo se acus\u00f3 al imputado de amenazas de muerte en contra del testigo.<\/strong><\/li>\n<\/ul>\n<p>Por unanimidad el Tribunal Oral en Lo Penal de San Felipe decidi\u00f3 absolver a un sujeto de 30 a\u00f1os de edad, de iniciales <strong>O.S.R.V.<\/strong>, acusado de cometer un robo en una vivienda en la comuna de Santa Mar\u00eda, como asimismo de amenazas de muerte contra un testigo de los hechos.<\/p>\n<p>Los antecedentes de la acusaci\u00f3n de la Fiscal\u00eda refieren a que los hechos habr\u00edan ocurrido el pasado 19 de febrero de este a\u00f1o, precis\u00e1ndose que un sujeto ingres\u00f3 a eso de las 14:20 horas hasta un domicilio ubicado en el sector El Chepical de Santa Mar\u00eda.<\/p>\n<p>El sujeto habr\u00eda forzado el seguro de una de las ventanas de un dormitorio, registrando las dependencias, activ\u00e1ndose las alarmas de seguridad, concurriendo la v\u00edctima acompa\u00f1ada de un vecino, quienes al revisar la vivienda observaron al ladr\u00f3n huyendo por la ventana, llev\u00e1ndose consigo una c\u00e1mara fotogr\u00e1fica marca Canon.<\/p>\n<p>Momentos m\u00e1s tarde, Carabineros captur\u00f3 al imputado, quien desde el interior del furg\u00f3n policial habr\u00eda amenazado de muerte al testigo de los hechos denunciados, reiterando las amenazas al interior de la Tenencia de Carabineros.<\/p>\n<p>No obstante tras un juicio oral desarrollado en contra del acusado, los jueces del Tribunal Oral consideraron insuficientes las pruebas rendidas por la Fiscal\u00eda, generando dudas razonables en el delito de robo con fuerza en las cosas, sosteni\u00e9ndose adem\u00e1s en el veredicto que no se incorpor\u00f3 informaci\u00f3n suficiente para establecer todos los elementos t\u00edpicos de amenazas en esta causa.<\/p>\n<p>Finalmente el Tribunal resolvi\u00f3 absolver al imputado de los cargos de autor en los delitos consumados de robo en lugar habitado y amenazas simples.<\/p>\n<p>Por su parte la Fiscal\u00eda elev\u00f3 un recurso de nulidad sobre este juicio ante la Corte de Apelaciones de Valpara\u00edso.<\/p>\n<p><strong>Pablo Salinas Sald\u00edas<\/strong><\/p>\n<p><strong>\u00a0<\/strong><\/p>\n<figure id=\"attachment_95838\" aria-describedby=\"caption-attachment-95838\" style=\"width: 580px\" class=\"wp-caption alignnone\"><img data-recalc-dims=\"1\" loading=\"lazy\" decoding=\"async\" class=\"size-full wp-image-95838\" src=\"https:\/\/i0.wp.com\/www.eltrabajo.cl\/portal\/wp-content\/uploads\/2019\/12\/DETENIDO-SANTA-MARIA1-1.jpg?resize=580%2C360\" alt=\"El imputado fue detenido en febrero de este a\u00f1o por Carabineros de la Tenencia de Santa Mar\u00eda.\" width=\"580\" height=\"360\" srcset=\"https:\/\/i0.wp.com\/eltrabajo.cl\/portal\/wp-content\/uploads\/2019\/12\/DETENIDO-SANTA-MARIA1-1.jpg?w=580&amp;ssl=1 580w, https:\/\/i0.wp.com\/eltrabajo.cl\/portal\/wp-content\/uploads\/2019\/12\/DETENIDO-SANTA-MARIA1-1.jpg?resize=300%2C186&amp;ssl=1 300w, https:\/\/i0.wp.com\/eltrabajo.cl\/portal\/wp-content\/uploads\/2019\/12\/DETENIDO-SANTA-MARIA1-1.jpg?resize=200%2C124&amp;ssl=1 200w, https:\/\/i0.wp.com\/eltrabajo.cl\/portal\/wp-content\/uploads\/2019\/12\/DETENIDO-SANTA-MARIA1-1.jpg?resize=242%2C150&amp;ssl=1 242w, https:\/\/i0.wp.com\/eltrabajo.cl\/portal\/wp-content\/uploads\/2019\/12\/DETENIDO-SANTA-MARIA1-1.jpg?resize=400%2C248&amp;ssl=1 400w\" sizes=\"auto, (max-width: 580px) 100vw, 580px\" \/><figcaption id=\"caption-attachment-95838\" class=\"wp-caption-text\">El imputado fue detenido en febrero de este a\u00f1o por Carabineros de la Tenencia de Santa Mar\u00eda.<\/figcaption><\/figure>\n<p><strong>\u00a0<\/strong><\/p>\n","protected":false},"excerpt":{"rendered":"<p>Tribunal Oral consider\u00f3 insuficientes las pruebas: Hechos ocurrieron el 19 de febrero de este a\u00f1o, siendo observado por la v\u00edctima y un vecino a pleno d\u00eda.\u00a0 Asimismo se acus\u00f3 al imputado de&#8230;<\/p>\n","protected":false},"author":482,"featured_media":95838,"comment_status":"open","ping_status":"open","sticky":false,"template":"","format":"standard","meta":{"advanced_seo_description":"","jetpack_seo_html_title":"","jetpack_seo_noindex":false,"_jetpack_memberships_contains_paid_content":false,"footnotes":""},"categories":[97],"tags":[],"class_list":["post-95837","post","type-post","status-publish","format-standard","has-post-thumbnail","hentry","category-tribunales"],"jetpack_featured_media_url":"https:\/\/i0.wp.com\/eltrabajo.cl\/portal\/wp-content\/uploads\/2019\/12\/DETENIDO-SANTA-MARIA1-1.jpg?fit=580%2C360&ssl=1","jetpack_sharing_enabled":true,"jetpack_likes_enabled":true,"jetpack-related-posts":[],"_links":{"self":[{"href":"https:\/\/eltrabajo.cl\/portal\/wp-json\/wp\/v2\/posts\/95837","targetHints":{"allow":["GET"]}}],"collection":[{"href":"https:\/\/eltrabajo.cl\/portal\/wp-json\/wp\/v2\/posts"}],"about":[{"href":"https:\/\/eltrabajo.cl\/portal\/wp-json\/wp\/v2\/types\/post"}],"author":[{"embeddable":true,"href":"https:\/\/eltrabajo.cl\/portal\/wp-json\/wp\/v2\/users\/482"}],"replies":[{"embeddable":true,"href":"https:\/\/eltrabajo.cl\/portal\/wp-json\/wp\/v2\/comments?post=95837"}],"version-history":[{"count":0,"href":"https:\/\/eltrabajo.cl\/portal\/wp-json\/wp\/v2\/posts\/95837\/revisions"}],"wp:featuredmedia":[{"embeddable":true,"href":"https:\/\/eltrabajo.cl\/portal\/wp-json\/wp\/v2\/media\/95838"}],"wp:attachment":[{"href":"https:\/\/eltrabajo.cl\/portal\/wp-json\/wp\/v2\/media?parent=95837"}],"wp:term":[{"taxonomy":"category","embeddable":true,"href":"https:\/\/eltrabajo.cl\/portal\/wp-json\/wp\/v2\/categories?post=95837"},{"taxonomy":"post_tag","embeddable":true,"href":"https:\/\/eltrabajo.cl\/portal\/wp-json\/wp\/v2\/tags?post=95837"}],"curies":[{"name":"wp","href":"https:\/\/api.w.org\/{rel}","templated":true}]}}