{"id":95840,"date":"2019-12-04T05:06:14","date_gmt":"2019-12-04T08:06:14","guid":{"rendered":"http:\/\/www.eltrabajo.cl\/portal\/?p=95840"},"modified":"2019-12-03T21:17:35","modified_gmt":"2019-12-04T00:17:35","slug":"crianceros-piden-ayuda-para-que-sus-animales-dejen-de-morir-de-hambre","status":"publish","type":"post","link":"https:\/\/eltrabajo.cl\/portal\/crianceros-piden-ayuda-para-que-sus-animales-dejen-de-morir-de-hambre\/","title":{"rendered":"Crianceros piden ayuda para que sus animales dejen de morir de hambre"},"content":{"rendered":"<p><span style=\"color: #ff0000;\"><strong>Viven en la Edad Media, sin agua potable ni electricidad:<\/strong><\/span><\/p>\n<p>Un desesperante drama humano es el que est\u00e1 viviendo un matrimonio sanfelipe\u00f1o en la \u00faltima vivienda despu\u00e9s de poza La Pradera en La Parras\u00eda, a ra\u00edz de la inclemente sequ\u00eda que azota el Valle de Aconcagua. Ellos son <strong>Fernando Morales<\/strong> y su esposa <strong>Ana Cabello<\/strong>, crianceros ya en bancarrota y pr\u00e1cticamente viviendo s\u00f3lo con $50.000 al mes que cobran de una peque\u00f1a casa que arriendan en otra comuna.<\/p>\n<p>De los 18 vacunos que ten\u00edan apenas le quedan -en puro hueso- siete, y le sobreviven dos caballitos tambi\u00e9n a muy mal traer, y para empeorar la situaci\u00f3n, cuanto perro es dejado en abandono en ese sector, se refugia en su propiedad en busca de alg\u00fan alimento. Es importante se\u00f1alar que don Fernando tampoco puede trabajar, pues sufre fibromialgia, una enfermedad incurable que le causa fuertes dolores en todo el cuerpo y permanentemente.<\/p>\n<p>&nbsp;<\/p>\n<p><span style=\"color: #ff0000;\"><strong>EN LA EDAD MEDIA<\/strong><\/span><\/p>\n<p><strong>Diario El Trabajo<\/strong> habl\u00f3 con los protagonistas de esta dram\u00e1tica historia, <strong>Fernando Morales<\/strong> y su esposa <strong>Ana Cabello<\/strong>.<\/p>\n<p>\u00ab<em>Nuestra realidad es distinta porque toda la parte gubernamental se ha despreocupado mucho, porque aqu\u00ed hemos tenido alcaldes que jam\u00e1s se han preocupado de esta zona, no tenemos electricidad, tampoco agua potable, el Municipio manda un cami\u00f3n aljibe y nos traen agua<\/em>\u00bb, coment\u00f3 Fernando.<\/p>\n<p>&#8211; <strong>\u00bfC\u00f3mo es que en pleno siglo XXI y a 5 minutos de San Felipe en auto ustedes no tienen agua potable ni electricidad en su casa?<\/strong><\/p>\n<p>&#8211; Nosotros formamos en los tiempos del alcalde Jaime Amar un Comit\u00e9 de La Parras\u00eda, nos adherimos a la Junta de Vecinos de La Parras\u00eda, y ah\u00ed hicimos reuniones y todo, nosotros est\u00e1bamos esperanzados de que nos iban a instalar la luz, \u00bfy qu\u00e9 pas\u00f3?, llegamos all\u00e1, nos citaron a la reuni\u00f3n, todo bien, lleg\u00f3 el momento, empez\u00f3 la reuni\u00f3n, el funcionario municipal nos dijo directamente: <em>\u2018La Municipalidad no tiene plata para ustedes\u2019.<\/em> De ah\u00ed pas\u00f3 el tiempo y yo no fui m\u00e1s a las reuniones.<\/p>\n<p>&#8211; <strong>\u00bfC\u00f3mo les ha ido con la actual administraci\u00f3n municipal?<\/strong><\/p>\n<p>&#8211; Con Freire a\u00fan no hemos logrado tener luz. El a\u00f1o pasado cuatro vecinos fueron al Municipio, el alcalde Freire habl\u00f3 con la empresa a cargo, y ellos vinieron aqu\u00ed a medir hasta la poza La Pradera, ese es el sector que est\u00e1 sin luz. Ellos llegaron, dijeron: <em>\u2018Son 30 postes que necesitamos aqu\u00ed y los tenemos, as\u00ed que no se preocupen, la luz va de aqu\u00ed a diciembre\u2019.<\/em> Eso en 2018, luego se nos dijo que no se puede por el momento y ahora llevamos otro a\u00f1o y nada de soluci\u00f3n.<\/p>\n<p>&#8211; <strong>\u00bfQu\u00e9 es lo que necesitan con mayor urgencia?<\/strong><\/p>\n<p>&#8211; Lo que necesitamos nosotros es forraje para los animales, de agua estamos bien, alimentos para perros no tenemos, estos perros son animales que vienen a dejar aqu\u00ed en el sector, y los animalitos llegan a\u00a0 la casa, necesitamos que alg\u00fan veterinario nos asista los animales que quedan vivos, creo que una vaca tendr\u00e1 cr\u00eda.<\/p>\n<p>&#8211; <strong>\u00bfC\u00f3mo hacen ustedes para vivir el d\u00eda a d\u00eda?<\/strong><\/p>\n<p>&#8211; Nosotros sobrevivimos con $50.000 de un arriendo de una casita que tenemos en Quilpu\u00e9\u2026 (entrevistada se cubre el rostro con sus manos y el llanto no le deja hablar) Y lo que pasa es que con ese dinero vivimos, aparte de lo que a veces amigos nos pueden ayudar. Sea como sea la comida no nos falta, el problema para nosotros es ver a nuestros animalitos -que son nuestras herramientas de trabajo- morir de hambre (\u2026) Esa es la gran pena.<\/p>\n<p>&nbsp;<\/p>\n<p><span style=\"color: #ff0000;\"><strong>AUTORIDADES RESPONDEN<\/strong><\/span><\/p>\n<p><strong>Diario El Trabajo<\/strong> habl\u00f3 con autoridades para conocer las soluciones que \u00e9stas pueden brindar a esta familia sanfelipe\u00f1a. <strong>Gast\u00f3n Placencio<\/strong>, subgerente zonal de Esval para Aconcagua, nos explic\u00f3 que <em>\u00abeste sector se encuentra fuera del territorio operacional de Esval, por ende, para llegar con nuestro servicio, trabajamos en conjunto con las autoridades y la comunidad, apoy\u00e1ndoles con los dise\u00f1os del proyecto de conexi\u00f3n de redes, que fue ejecutado por la Municipalidad de San Felipe. Adem\u00e1s, gestionamos un convenio 52 Bis y una autorizaci\u00f3n de la Superintendencia de Servicios Sanitarios, para en forma excepcional abastecer de agua potable a este sector de Parras\u00eda. La conexi\u00f3n de las viviendas se realiz\u00f3 seg\u00fan los datos que la propia agrupaci\u00f3n de vecinos entreg\u00f3 al municipio, por tanto, Esval no tuvo injerencia alguna en el proceso de enrolamiento de estos nuevos clientes. No obstante, entendemos plenamente la preocupaci\u00f3n de la se\u00f1ora Ana, por lo mismo, la contactamos para conocer en detalle su situaci\u00f3n y nos reuniremos este mi\u00e9rcoles con ella para orientarle y apoyarle en la b\u00fasqueda de una soluci\u00f3n a su caso<\/em>\u00bb, dijo Placencio.<\/p>\n<p>Tambi\u00e9n por parte de la Secpla San Felipe, <strong>Claudio Paredes<\/strong> nos indic\u00f3 que <em>\u00abcon relaci\u00f3n al proyecto de luminarias en el sector, existe un proyecto que est\u00e1 aprobado y est\u00e1 en proceso de firma de convenio entre el intendente y el alcalde Patricio Freire. Este proyecto est\u00e1 financiado por el Gobierno Regional, tiene un valor superior a 400 millones de pesos y all\u00ed se incorporan nuevas postaciones donde falta en la comuna. Probablemente este proyecto que debiera ser licitado ahora en diciembre, va a poder dar soluci\u00f3n a los distintos sectores que hoy d\u00eda no cuentan con iluminaci\u00f3n p\u00fablica, esperamos que antes de marzo de 2020 ya el proyecto est\u00e9 en ejecuci\u00f3n<\/em>\u00bb, dijo Paredes.<\/p>\n<p>&nbsp;<\/p>\n<p><span style=\"color: #ff0000;\"><strong>OPERATIVO INMEDIATO<\/strong><\/span><\/p>\n<p>Tambi\u00e9n en horas de la tarde de ayer martes, Prodesal realiz\u00f3 un operativo de emergencia para en primera instancia atender a los animales. As\u00ed lo confirm\u00f3 el encargado de Prodesal, <strong>Patrick Guerra<\/strong>: <em>\u00abNuestra m\u00e9dico veterinario se contact\u00f3 con estos vecinos de La Parras\u00eda, ellos ya fueron visitados y se realiz\u00f3 el operativo sanitario, se vacunaron, se desparasitaron y se les aplic\u00f3 vitaminas<\/em>\u00bb, dijo Guerra.<\/p>\n<p><strong>\u00a0\u00a0\u00a0\u00a0\u00a0\u00a0\u00a0\u00a0\u00a0\u00a0\u00a0\u00a0\u00a0\u00a0\u00a0 <\/strong><\/p>\n<p><span style=\"color: #ff0000;\"><strong>NOBLEZA OBLIGA<\/strong><\/span><\/p>\n<p>Finalmente y para que nuestros lectores puedan dimensionar la situaci\u00f3n que viven estas dos personas, como medio de comunicaci\u00f3n podemos dar fe de la paup\u00e9rrima condici\u00f3n en la que viven, perros flacos y hambrientos por todas partes, gatos buscando qu\u00e9 comer entre las ollas de la cocina, cuerpos de animales muertos en los alrededores, tristeza y angustia en todos los seres vivientes en ese terreno. Ellos no pidieron para ellos, sino para sus animales, pero s\u00ed que necesitan alimentos, implementos de aseo, forraje para sus animales, alimentos para gallinas y todo lo que pueda aliviar el hambre de manera digna. Los interesados en apoyar, pueden llamar al <strong>9 8242 9523<\/strong>, y tratar directamente con los afectados.<\/p>\n<p><strong>Roberto Gonz\u00e1lez Short<\/strong><\/p>\n<p>&nbsp;<\/p>\n<figure id=\"attachment_95841\" aria-describedby=\"caption-attachment-95841\" style=\"width: 580px\" class=\"wp-caption alignnone\"><img data-recalc-dims=\"1\" loading=\"lazy\" decoding=\"async\" class=\"size-full wp-image-95841\" src=\"https:\/\/i0.wp.com\/www.eltrabajo.cl\/portal\/wp-content\/uploads\/2019\/12\/Drama1.jpg?resize=580%2C359\" alt=\"LA EDAD MEDIA.- Este es el panorama: Muerte. Desolaci\u00f3n. Hambre. Carro\u00f1a y subdesarrollo en un sector de nuestra comuna, ubicado a s\u00f3lo 5 minutos del damero de la ciudad.\" width=\"580\" height=\"359\" srcset=\"https:\/\/i0.wp.com\/eltrabajo.cl\/portal\/wp-content\/uploads\/2019\/12\/Drama1.jpg?w=580&amp;ssl=1 580w, https:\/\/i0.wp.com\/eltrabajo.cl\/portal\/wp-content\/uploads\/2019\/12\/Drama1.jpg?resize=300%2C186&amp;ssl=1 300w, https:\/\/i0.wp.com\/eltrabajo.cl\/portal\/wp-content\/uploads\/2019\/12\/Drama1.jpg?resize=200%2C124&amp;ssl=1 200w, https:\/\/i0.wp.com\/eltrabajo.cl\/portal\/wp-content\/uploads\/2019\/12\/Drama1.jpg?resize=242%2C150&amp;ssl=1 242w, https:\/\/i0.wp.com\/eltrabajo.cl\/portal\/wp-content\/uploads\/2019\/12\/Drama1.jpg?resize=400%2C248&amp;ssl=1 400w\" sizes=\"auto, (max-width: 580px) 100vw, 580px\" \/><figcaption id=\"caption-attachment-95841\" class=\"wp-caption-text\">LA EDAD MEDIA.- Este es el panorama: Muerte. Desolaci\u00f3n. Hambre. Carro\u00f1a y subdesarrollo en un sector de nuestra comuna, ubicado a s\u00f3lo 5 minutos del damero de la ciudad.<\/figcaption><\/figure>\n<p>&nbsp;<\/p>\n<figure id=\"attachment_95843\" aria-describedby=\"caption-attachment-95843\" style=\"width: 580px\" class=\"wp-caption alignnone\"><img data-recalc-dims=\"1\" loading=\"lazy\" decoding=\"async\" class=\"size-full wp-image-95843\" src=\"https:\/\/i0.wp.com\/www.eltrabajo.cl\/portal\/wp-content\/uploads\/2019\/12\/Drama3.jpg?resize=580%2C359\" alt=\"TORITO \u2018PIM POM\u2019.- Este torito, \u2018Pim Pom\u2019, est\u00e1 en los puros huesos, sus due\u00f1os est\u00e1n desesperados por salvarle la vida.\" width=\"580\" height=\"359\" srcset=\"https:\/\/i0.wp.com\/eltrabajo.cl\/portal\/wp-content\/uploads\/2019\/12\/Drama3.jpg?w=580&amp;ssl=1 580w, https:\/\/i0.wp.com\/eltrabajo.cl\/portal\/wp-content\/uploads\/2019\/12\/Drama3.jpg?resize=300%2C186&amp;ssl=1 300w, https:\/\/i0.wp.com\/eltrabajo.cl\/portal\/wp-content\/uploads\/2019\/12\/Drama3.jpg?resize=200%2C124&amp;ssl=1 200w, https:\/\/i0.wp.com\/eltrabajo.cl\/portal\/wp-content\/uploads\/2019\/12\/Drama3.jpg?resize=242%2C150&amp;ssl=1 242w, https:\/\/i0.wp.com\/eltrabajo.cl\/portal\/wp-content\/uploads\/2019\/12\/Drama3.jpg?resize=400%2C248&amp;ssl=1 400w\" sizes=\"auto, (max-width: 580px) 100vw, 580px\" \/><figcaption id=\"caption-attachment-95843\" class=\"wp-caption-text\">TORITO \u2018PIM POM\u2019.- Este torito, \u2018Pim Pom\u2019, est\u00e1 en los puros huesos, sus due\u00f1os est\u00e1n desesperados por salvarle la vida.<\/figcaption><\/figure>\n<p>&nbsp;<\/p>\n<figure id=\"attachment_95842\" aria-describedby=\"caption-attachment-95842\" style=\"width: 580px\" class=\"wp-caption alignnone\"><img data-recalc-dims=\"1\" loading=\"lazy\" decoding=\"async\" class=\"size-full wp-image-95842\" src=\"https:\/\/i0.wp.com\/www.eltrabajo.cl\/portal\/wp-content\/uploads\/2019\/12\/Drama2.jpg?resize=580%2C359\" alt=\"SOBREVIVIENDO.- Este gato busca, sin resultados, cualquier residuo de comida para saciar su hambre.\" width=\"580\" height=\"359\" srcset=\"https:\/\/i0.wp.com\/eltrabajo.cl\/portal\/wp-content\/uploads\/2019\/12\/Drama2.jpg?w=580&amp;ssl=1 580w, https:\/\/i0.wp.com\/eltrabajo.cl\/portal\/wp-content\/uploads\/2019\/12\/Drama2.jpg?resize=300%2C186&amp;ssl=1 300w, https:\/\/i0.wp.com\/eltrabajo.cl\/portal\/wp-content\/uploads\/2019\/12\/Drama2.jpg?resize=200%2C124&amp;ssl=1 200w, https:\/\/i0.wp.com\/eltrabajo.cl\/portal\/wp-content\/uploads\/2019\/12\/Drama2.jpg?resize=242%2C150&amp;ssl=1 242w, https:\/\/i0.wp.com\/eltrabajo.cl\/portal\/wp-content\/uploads\/2019\/12\/Drama2.jpg?resize=400%2C248&amp;ssl=1 400w\" sizes=\"auto, (max-width: 580px) 100vw, 580px\" \/><figcaption id=\"caption-attachment-95842\" class=\"wp-caption-text\">SOBREVIVIENDO.- Este gato busca, sin resultados, cualquier residuo de comida para saciar su hambre.<\/figcaption><\/figure>\n<p>&nbsp;<\/p>\n<figure id=\"attachment_95844\" aria-describedby=\"caption-attachment-95844\" style=\"width: 579px\" class=\"wp-caption alignnone\"><img data-recalc-dims=\"1\" loading=\"lazy\" decoding=\"async\" class=\"size-full wp-image-95844\" src=\"https:\/\/i0.wp.com\/www.eltrabajo.cl\/portal\/wp-content\/uploads\/2019\/12\/Drama4.jpg?resize=579%2C773\" alt=\"PRODESAL INTERVIENE.- Prodesal hizo ayer un operativo sanitario donde se vacunaron, se desparasitaron y se les aplic\u00f3 vitaminas a los animales.\" width=\"579\" height=\"773\" srcset=\"https:\/\/i0.wp.com\/eltrabajo.cl\/portal\/wp-content\/uploads\/2019\/12\/Drama4.jpg?w=579&amp;ssl=1 579w, https:\/\/i0.wp.com\/eltrabajo.cl\/portal\/wp-content\/uploads\/2019\/12\/Drama4.jpg?resize=225%2C300&amp;ssl=1 225w, https:\/\/i0.wp.com\/eltrabajo.cl\/portal\/wp-content\/uploads\/2019\/12\/Drama4.jpg?resize=112%2C150&amp;ssl=1 112w, https:\/\/i0.wp.com\/eltrabajo.cl\/portal\/wp-content\/uploads\/2019\/12\/Drama4.jpg?resize=400%2C534&amp;ssl=1 400w\" sizes=\"auto, (max-width: 579px) 100vw, 579px\" \/><figcaption id=\"caption-attachment-95844\" class=\"wp-caption-text\">PRODESAL INTERVIENE.- Prodesal hizo ayer un operativo sanitario donde se vacunaron, se desparasitaron y se les aplic\u00f3 vitaminas a los animales.<\/figcaption><\/figure>\n<p>&nbsp;<\/p>\n<figure id=\"attachment_95847\" aria-describedby=\"caption-attachment-95847\" style=\"width: 580px\" class=\"wp-caption alignnone\"><img data-recalc-dims=\"1\" loading=\"lazy\" decoding=\"async\" class=\"size-full wp-image-95847\" src=\"https:\/\/i0.wp.com\/www.eltrabajo.cl\/portal\/wp-content\/uploads\/2019\/12\/Drama_GASTON-PLACENCIO.jpg?resize=580%2C598\" alt=\"Gast\u00f3n Placencio, subgerente zonal de Esval para Aconcagua.\" width=\"580\" height=\"598\" srcset=\"https:\/\/i0.wp.com\/eltrabajo.cl\/portal\/wp-content\/uploads\/2019\/12\/Drama_GASTON-PLACENCIO.jpg?w=580&amp;ssl=1 580w, https:\/\/i0.wp.com\/eltrabajo.cl\/portal\/wp-content\/uploads\/2019\/12\/Drama_GASTON-PLACENCIO.jpg?resize=291%2C300&amp;ssl=1 291w, https:\/\/i0.wp.com\/eltrabajo.cl\/portal\/wp-content\/uploads\/2019\/12\/Drama_GASTON-PLACENCIO.jpg?resize=145%2C150&amp;ssl=1 145w, https:\/\/i0.wp.com\/eltrabajo.cl\/portal\/wp-content\/uploads\/2019\/12\/Drama_GASTON-PLACENCIO.jpg?resize=400%2C412&amp;ssl=1 400w\" sizes=\"auto, (max-width: 580px) 100vw, 580px\" \/><figcaption id=\"caption-attachment-95847\" class=\"wp-caption-text\">Gast\u00f3n Placencio, subgerente zonal de Esval para Aconcagua.<\/figcaption><\/figure>\n<p>&nbsp;<\/p>\n<figure id=\"attachment_95846\" aria-describedby=\"caption-attachment-95846\" style=\"width: 579px\" class=\"wp-caption alignnone\"><img data-recalc-dims=\"1\" loading=\"lazy\" decoding=\"async\" class=\"size-full wp-image-95846\" src=\"https:\/\/i0.wp.com\/www.eltrabajo.cl\/portal\/wp-content\/uploads\/2019\/12\/Drama_Fernando-Morales.jpg?resize=579%2C600\" alt=\"Fernando Morales, tiene fibromialgia y ha perdido la mitad de sus animales.\" width=\"579\" height=\"600\" srcset=\"https:\/\/i0.wp.com\/eltrabajo.cl\/portal\/wp-content\/uploads\/2019\/12\/Drama_Fernando-Morales.jpg?w=579&amp;ssl=1 579w, https:\/\/i0.wp.com\/eltrabajo.cl\/portal\/wp-content\/uploads\/2019\/12\/Drama_Fernando-Morales.jpg?resize=290%2C300&amp;ssl=1 290w, https:\/\/i0.wp.com\/eltrabajo.cl\/portal\/wp-content\/uploads\/2019\/12\/Drama_Fernando-Morales.jpg?resize=145%2C150&amp;ssl=1 145w, https:\/\/i0.wp.com\/eltrabajo.cl\/portal\/wp-content\/uploads\/2019\/12\/Drama_Fernando-Morales.jpg?resize=400%2C415&amp;ssl=1 400w\" sizes=\"auto, (max-width: 579px) 100vw, 579px\" \/><figcaption id=\"caption-attachment-95846\" class=\"wp-caption-text\">Fernando Morales, tiene fibromialgia y ha perdido la mitad de sus animales.<\/figcaption><\/figure>\n<p>&nbsp;<\/p>\n<figure id=\"attachment_95845\" aria-describedby=\"caption-attachment-95845\" style=\"width: 579px\" class=\"wp-caption alignnone\"><img data-recalc-dims=\"1\" loading=\"lazy\" decoding=\"async\" class=\"size-full wp-image-95845\" src=\"https:\/\/i0.wp.com\/www.eltrabajo.cl\/portal\/wp-content\/uploads\/2019\/12\/Drama_Ana-Cabello.jpg?resize=579%2C600\" alt=\"Llorando, Ana Cabello nos relat\u00f3 el drama que vive ella, su marido y los animales a su cuidado.\" width=\"579\" height=\"600\" srcset=\"https:\/\/i0.wp.com\/eltrabajo.cl\/portal\/wp-content\/uploads\/2019\/12\/Drama_Ana-Cabello.jpg?w=579&amp;ssl=1 579w, https:\/\/i0.wp.com\/eltrabajo.cl\/portal\/wp-content\/uploads\/2019\/12\/Drama_Ana-Cabello.jpg?resize=290%2C300&amp;ssl=1 290w, https:\/\/i0.wp.com\/eltrabajo.cl\/portal\/wp-content\/uploads\/2019\/12\/Drama_Ana-Cabello.jpg?resize=145%2C150&amp;ssl=1 145w, https:\/\/i0.wp.com\/eltrabajo.cl\/portal\/wp-content\/uploads\/2019\/12\/Drama_Ana-Cabello.jpg?resize=400%2C415&amp;ssl=1 400w\" sizes=\"auto, (max-width: 579px) 100vw, 579px\" \/><figcaption id=\"caption-attachment-95845\" class=\"wp-caption-text\">Llorando, Ana Cabello nos relat\u00f3 el drama que vive ella, su marido y los animales a su cuidado.<\/figcaption><\/figure>\n","protected":false},"excerpt":{"rendered":"<p>Viven en la Edad Media, sin agua potable ni electricidad: Un desesperante drama humano es el que est\u00e1 viviendo un matrimonio sanfelipe\u00f1o en la \u00faltima vivienda despu\u00e9s de poza La Pradera en&#8230;<\/p>\n","protected":false},"author":482,"featured_media":95841,"comment_status":"open","ping_status":"open","sticky":false,"template":"","format":"standard","meta":{"advanced_seo_description":"","jetpack_seo_html_title":"","jetpack_seo_noindex":false,"_jetpack_memberships_contains_paid_content":false,"footnotes":""},"categories":[15],"tags":[],"class_list":["post-95840","post","type-post","status-publish","format-standard","has-post-thumbnail","hentry","category-comunidad"],"jetpack_featured_media_url":"https:\/\/i0.wp.com\/eltrabajo.cl\/portal\/wp-content\/uploads\/2019\/12\/Drama1.jpg?fit=580%2C359&ssl=1","jetpack_sharing_enabled":true,"jetpack_likes_enabled":true,"jetpack-related-posts":[],"_links":{"self":[{"href":"https:\/\/eltrabajo.cl\/portal\/wp-json\/wp\/v2\/posts\/95840","targetHints":{"allow":["GET"]}}],"collection":[{"href":"https:\/\/eltrabajo.cl\/portal\/wp-json\/wp\/v2\/posts"}],"about":[{"href":"https:\/\/eltrabajo.cl\/portal\/wp-json\/wp\/v2\/types\/post"}],"author":[{"embeddable":true,"href":"https:\/\/eltrabajo.cl\/portal\/wp-json\/wp\/v2\/users\/482"}],"replies":[{"embeddable":true,"href":"https:\/\/eltrabajo.cl\/portal\/wp-json\/wp\/v2\/comments?post=95840"}],"version-history":[{"count":0,"href":"https:\/\/eltrabajo.cl\/portal\/wp-json\/wp\/v2\/posts\/95840\/revisions"}],"wp:featuredmedia":[{"embeddable":true,"href":"https:\/\/eltrabajo.cl\/portal\/wp-json\/wp\/v2\/media\/95841"}],"wp:attachment":[{"href":"https:\/\/eltrabajo.cl\/portal\/wp-json\/wp\/v2\/media?parent=95840"}],"wp:term":[{"taxonomy":"category","embeddable":true,"href":"https:\/\/eltrabajo.cl\/portal\/wp-json\/wp\/v2\/categories?post=95840"},{"taxonomy":"post_tag","embeddable":true,"href":"https:\/\/eltrabajo.cl\/portal\/wp-json\/wp\/v2\/tags?post=95840"}],"curies":[{"name":"wp","href":"https:\/\/api.w.org\/{rel}","templated":true}]}}