{"id":95849,"date":"2019-12-04T05:07:57","date_gmt":"2019-12-04T08:07:57","guid":{"rendered":"http:\/\/www.eltrabajo.cl\/portal\/?p=95849"},"modified":"2019-12-03T21:19:32","modified_gmt":"2019-12-04T00:19:32","slug":"joven-de-20-anos-detenido-en-san-felipe-por-incendio-al-metro-de-santiago","status":"publish","type":"post","link":"https:\/\/eltrabajo.cl\/portal\/joven-de-20-anos-detenido-en-san-felipe-por-incendio-al-metro-de-santiago\/","title":{"rendered":"Joven de 20 a\u00f1os detenido en San Felipe por incendio al Metro de Santiago"},"content":{"rendered":"<p><span style=\"color: #ff0000;\"><strong>PDI lo captur\u00f3 en casa de sus abuelos en Villa 250 A\u00f1os:<\/strong><\/span><\/p>\n<ul>\n<li><strong>Imputado fue formalizado ayer en Tribunal de Garant\u00eda de Santiago, quedando en prisi\u00f3n preventiva, arriesgando hasta 10 a\u00f1os de c\u00e1rcel por el delito de incendio a la estaci\u00f3n de Metro La Granja en la Regi\u00f3n Metropolitana, el pasado 18 de octubre tras el estallido social.<\/strong><\/li>\n<\/ul>\n<p>Durante la jornada de este lunes la Brigada de Investigaciones Policiales Especiales de la PDI, concret\u00f3 la detenci\u00f3n en la Villa 250 A\u00f1os de San Felipe, de un joven de 20 a\u00f1os de edad identificado como <strong>Jeremy Ram\u00edrez Bravo<\/strong>, como presunto autor de incendio y da\u00f1os a una estaci\u00f3n del metro en la comuna de La Granja, en Santiago.<\/p>\n<p>El imputado estar\u00eda identificado como part\u00edcipe de este grave atentado que afect\u00f3 al transporte p\u00fablico capitalino, tras el estallido social el pasado 18 de octubre, verific\u00e1ndose a trav\u00e9s de las c\u00e1maras de seguridad de Metro y grabaciones de testigos que se encontrar\u00edan en la estaci\u00f3n, donde se apreciar\u00eda al imputado ingresar y salir desde una oficina donde posteriormente se inici\u00f3 el fuego.<\/p>\n<p>Tras un trabajo de inteligencia de la polic\u00eda civil, se habr\u00eda logrado individualizar al presunto autor del incendio, inici\u00e1ndose las labores de b\u00fasqueda del imputado, quien registrar\u00eda domicilio en la comuna de La Granja, cercano a la estaci\u00f3n de Metro.<\/p>\n<p>Seg\u00fan la informaci\u00f3n de la polic\u00eda, el investigado, al enterarse que estaba siendo requerido por la justicia, habr\u00eda escapado hasta la casa de sus abuelos en la Villa 250 A\u00f1os de San Felipe, desempe\u00f1\u00e1ndose como temporero agr\u00edcola por cerca de un mes en esta ciudad, hasta ser descubierto por la PDI, concret\u00e1ndose su detenci\u00f3n este lunes.<\/p>\n<p>El imputado fue derivado ayer martes hasta el 12\u00ba Juzgado de Garant\u00eda de Santiago para ser formalizado por la Fiscal\u00eda Regional Metropolitana Sur por los delitos de incendio y da\u00f1os graves a la estaci\u00f3n de Metro, arriesgando penas que podr\u00edan alcanzar los 10 a\u00f1os de c\u00e1rcel.<\/p>\n<p>Al t\u00e9rmino de la audiencia efectuada en horas de la tarde de ayer, el Tribunal resolvi\u00f3 decretar la cautelar de prisi\u00f3n preventiva en contra del acusado, ordenando su ingreso a la c\u00e1rcel, fijando un plazo de investigaci\u00f3n de 90 d\u00edas.<\/p>\n<p>Cabe consignar que la Fiscal\u00eda de Chile inform\u00f3 que ya van cinco imputados detenidos, de los cuales tres son acusados por delitos de incendio y dos por da\u00f1os a la estaci\u00f3n del Metro de Santiago.<\/p>\n<p><strong>Pablo Salinas Sald\u00edas<\/strong><\/p>\n<p><strong>\u00a0<\/strong><\/p>\n<figure id=\"attachment_95850\" aria-describedby=\"caption-attachment-95850\" style=\"width: 580px\" class=\"wp-caption alignnone\"><img data-recalc-dims=\"1\" loading=\"lazy\" decoding=\"async\" class=\"size-full wp-image-95850\" src=\"https:\/\/i0.wp.com\/www.eltrabajo.cl\/portal\/wp-content\/uploads\/2019\/12\/CAPTURA-DETENIDO-INCENDIO.jpg?resize=580%2C360\" alt=\"El imputado de 20 a\u00f1os de edad es acusado de incendio y da\u00f1os a la estaci\u00f3n de Metro en la comuna de La Granja. (Cr\u00e9ditos: Meganoticias).\" width=\"580\" height=\"360\" srcset=\"https:\/\/i0.wp.com\/eltrabajo.cl\/portal\/wp-content\/uploads\/2019\/12\/CAPTURA-DETENIDO-INCENDIO.jpg?w=580&amp;ssl=1 580w, https:\/\/i0.wp.com\/eltrabajo.cl\/portal\/wp-content\/uploads\/2019\/12\/CAPTURA-DETENIDO-INCENDIO.jpg?resize=300%2C186&amp;ssl=1 300w, https:\/\/i0.wp.com\/eltrabajo.cl\/portal\/wp-content\/uploads\/2019\/12\/CAPTURA-DETENIDO-INCENDIO.jpg?resize=200%2C124&amp;ssl=1 200w, https:\/\/i0.wp.com\/eltrabajo.cl\/portal\/wp-content\/uploads\/2019\/12\/CAPTURA-DETENIDO-INCENDIO.jpg?resize=242%2C150&amp;ssl=1 242w, https:\/\/i0.wp.com\/eltrabajo.cl\/portal\/wp-content\/uploads\/2019\/12\/CAPTURA-DETENIDO-INCENDIO.jpg?resize=400%2C248&amp;ssl=1 400w\" sizes=\"auto, (max-width: 580px) 100vw, 580px\" \/><figcaption id=\"caption-attachment-95850\" class=\"wp-caption-text\">El imputado de 20 a\u00f1os de edad es acusado de incendio y da\u00f1os a la estaci\u00f3n de Metro en la comuna de La Granja. (Cr\u00e9ditos: Meganoticias).<\/figcaption><\/figure>\n<p><strong>\u00a0<\/strong><\/p>\n","protected":false},"excerpt":{"rendered":"<p>PDI lo captur\u00f3 en casa de sus abuelos en Villa 250 A\u00f1os: Imputado fue formalizado ayer en Tribunal de Garant\u00eda de Santiago, quedando en prisi\u00f3n preventiva, arriesgando hasta 10 a\u00f1os de c\u00e1rcel&#8230;<\/p>\n","protected":false},"author":482,"featured_media":95850,"comment_status":"open","ping_status":"open","sticky":false,"template":"","format":"standard","meta":{"advanced_seo_description":"","jetpack_seo_html_title":"","jetpack_seo_noindex":false,"_jetpack_memberships_contains_paid_content":false,"footnotes":""},"categories":[21],"tags":[],"class_list":["post-95849","post","type-post","status-publish","format-standard","has-post-thumbnail","hentry","category-policial"],"jetpack_featured_media_url":"https:\/\/i0.wp.com\/eltrabajo.cl\/portal\/wp-content\/uploads\/2019\/12\/CAPTURA-DETENIDO-INCENDIO.jpg?fit=580%2C360&ssl=1","jetpack_sharing_enabled":true,"jetpack_likes_enabled":true,"jetpack-related-posts":[],"_links":{"self":[{"href":"https:\/\/eltrabajo.cl\/portal\/wp-json\/wp\/v2\/posts\/95849","targetHints":{"allow":["GET"]}}],"collection":[{"href":"https:\/\/eltrabajo.cl\/portal\/wp-json\/wp\/v2\/posts"}],"about":[{"href":"https:\/\/eltrabajo.cl\/portal\/wp-json\/wp\/v2\/types\/post"}],"author":[{"embeddable":true,"href":"https:\/\/eltrabajo.cl\/portal\/wp-json\/wp\/v2\/users\/482"}],"replies":[{"embeddable":true,"href":"https:\/\/eltrabajo.cl\/portal\/wp-json\/wp\/v2\/comments?post=95849"}],"version-history":[{"count":0,"href":"https:\/\/eltrabajo.cl\/portal\/wp-json\/wp\/v2\/posts\/95849\/revisions"}],"wp:featuredmedia":[{"embeddable":true,"href":"https:\/\/eltrabajo.cl\/portal\/wp-json\/wp\/v2\/media\/95850"}],"wp:attachment":[{"href":"https:\/\/eltrabajo.cl\/portal\/wp-json\/wp\/v2\/media?parent=95849"}],"wp:term":[{"taxonomy":"category","embeddable":true,"href":"https:\/\/eltrabajo.cl\/portal\/wp-json\/wp\/v2\/categories?post=95849"},{"taxonomy":"post_tag","embeddable":true,"href":"https:\/\/eltrabajo.cl\/portal\/wp-json\/wp\/v2\/tags?post=95849"}],"curies":[{"name":"wp","href":"https:\/\/api.w.org\/{rel}","templated":true}]}}