{"id":95859,"date":"2019-12-05T05:01:16","date_gmt":"2019-12-05T08:01:16","guid":{"rendered":"http:\/\/www.eltrabajo.cl\/portal\/?p=95859"},"modified":"2019-12-04T21:05:06","modified_gmt":"2019-12-05T00:05:06","slug":"benjamin-gazzolo-se-integro-a-un-microciclo-de-la-seleccion-chilena-u23","status":"publish","type":"post","link":"https:\/\/eltrabajo.cl\/portal\/benjamin-gazzolo-se-integro-a-un-microciclo-de-la-seleccion-chilena-u23\/","title":{"rendered":"Benjam\u00edn Gazzolo se integr\u00f3 a un microciclo de la Selecci\u00f3n Chilena U23"},"content":{"rendered":"<p>Veintisiete jugadores, todos del medio local y entre los que se encuentra el defensa central de Uni\u00f3n San Felipe, <strong>Benjam\u00edn Gazzolo<\/strong>, iniciaron ayer un microciclo de entrenamientos de la Selecci\u00f3n Chilena Sub-23.<\/p>\n<p>El t\u00e9cnico colombiano Bernardo Redin, estar\u00e1 a la cabeza de este periodo de pr\u00e1cticas que tiene como objetivo central preparar el grupo para lo que ser\u00e1 su participaci\u00f3n en el Preol\u00edmpico que el pr\u00f3ximo a\u00f1o se realizar\u00e1 en Colombia.<\/p>\n<p>La Selecci\u00f3n Chilena Sub-23 qued\u00f3 sembrada en el grupo A, el que adem\u00e1s est\u00e1 integrado por Colombia, Argentina, Ecuador y Venezuela.<\/p>\n<p>Los entrenamientos en los que interviene el jugador del Un\u00ed Un\u00ed, se efect\u00faan en el complejo Juan Pinto Dur\u00e1n, y se prolongar\u00e1n hasta ma\u00f1ana viernes.<\/p>\n<p>&nbsp;<\/p>\n<figure id=\"attachment_95860\" aria-describedby=\"caption-attachment-95860\" style=\"width: 580px\" class=\"wp-caption alignnone\"><img data-recalc-dims=\"1\" loading=\"lazy\" decoding=\"async\" class=\"size-full wp-image-95860\" src=\"https:\/\/i0.wp.com\/www.eltrabajo.cl\/portal\/wp-content\/uploads\/2019\/12\/benjamin-gazzolo-en-la-seleccion.jpg?resize=580%2C358\" alt=\"El zaguero central albirrojo (a la derecha) en uno de los entrenamientos del combinado juvenil chileno.\" width=\"580\" height=\"358\" srcset=\"https:\/\/i0.wp.com\/eltrabajo.cl\/portal\/wp-content\/uploads\/2019\/12\/benjamin-gazzolo-en-la-seleccion.jpg?w=580&amp;ssl=1 580w, https:\/\/i0.wp.com\/eltrabajo.cl\/portal\/wp-content\/uploads\/2019\/12\/benjamin-gazzolo-en-la-seleccion.jpg?resize=300%2C185&amp;ssl=1 300w, https:\/\/i0.wp.com\/eltrabajo.cl\/portal\/wp-content\/uploads\/2019\/12\/benjamin-gazzolo-en-la-seleccion.jpg?resize=200%2C123&amp;ssl=1 200w, https:\/\/i0.wp.com\/eltrabajo.cl\/portal\/wp-content\/uploads\/2019\/12\/benjamin-gazzolo-en-la-seleccion.jpg?resize=243%2C150&amp;ssl=1 243w, https:\/\/i0.wp.com\/eltrabajo.cl\/portal\/wp-content\/uploads\/2019\/12\/benjamin-gazzolo-en-la-seleccion.jpg?resize=400%2C247&amp;ssl=1 400w\" sizes=\"auto, (max-width: 580px) 100vw, 580px\" \/><figcaption id=\"caption-attachment-95860\" class=\"wp-caption-text\">El zaguero central albirrojo (a la derecha) en uno de los entrenamientos del combinado juvenil chileno.<\/figcaption><\/figure>\n","protected":false},"excerpt":{"rendered":"<p>Veintisiete jugadores, todos del medio local y entre los que se encuentra el defensa central de Uni\u00f3n San Felipe, Benjam\u00edn Gazzolo, iniciaron ayer un microciclo de entrenamientos de la Selecci\u00f3n Chilena Sub-23&#8230;.<\/p>\n","protected":false},"author":482,"featured_media":95860,"comment_status":"open","ping_status":"open","sticky":false,"template":"","format":"standard","meta":{"advanced_seo_description":"","jetpack_seo_html_title":"","jetpack_seo_noindex":false,"_jetpack_memberships_contains_paid_content":false,"footnotes":""},"categories":[19],"tags":[],"class_list":["post-95859","post","type-post","status-publish","format-standard","has-post-thumbnail","hentry","category-deportes"],"jetpack_featured_media_url":"https:\/\/i0.wp.com\/eltrabajo.cl\/portal\/wp-content\/uploads\/2019\/12\/benjamin-gazzolo-en-la-seleccion.jpg?fit=580%2C358&ssl=1","jetpack_sharing_enabled":true,"jetpack_likes_enabled":true,"jetpack-related-posts":[],"_links":{"self":[{"href":"https:\/\/eltrabajo.cl\/portal\/wp-json\/wp\/v2\/posts\/95859","targetHints":{"allow":["GET"]}}],"collection":[{"href":"https:\/\/eltrabajo.cl\/portal\/wp-json\/wp\/v2\/posts"}],"about":[{"href":"https:\/\/eltrabajo.cl\/portal\/wp-json\/wp\/v2\/types\/post"}],"author":[{"embeddable":true,"href":"https:\/\/eltrabajo.cl\/portal\/wp-json\/wp\/v2\/users\/482"}],"replies":[{"embeddable":true,"href":"https:\/\/eltrabajo.cl\/portal\/wp-json\/wp\/v2\/comments?post=95859"}],"version-history":[{"count":0,"href":"https:\/\/eltrabajo.cl\/portal\/wp-json\/wp\/v2\/posts\/95859\/revisions"}],"wp:featuredmedia":[{"embeddable":true,"href":"https:\/\/eltrabajo.cl\/portal\/wp-json\/wp\/v2\/media\/95860"}],"wp:attachment":[{"href":"https:\/\/eltrabajo.cl\/portal\/wp-json\/wp\/v2\/media?parent=95859"}],"wp:term":[{"taxonomy":"category","embeddable":true,"href":"https:\/\/eltrabajo.cl\/portal\/wp-json\/wp\/v2\/categories?post=95859"},{"taxonomy":"post_tag","embeddable":true,"href":"https:\/\/eltrabajo.cl\/portal\/wp-json\/wp\/v2\/tags?post=95859"}],"curies":[{"name":"wp","href":"https:\/\/api.w.org\/{rel}","templated":true}]}}