{"id":95862,"date":"2019-12-05T05:02:14","date_gmt":"2019-12-05T08:02:14","guid":{"rendered":"http:\/\/www.eltrabajo.cl\/portal\/?p=95862"},"modified":"2019-12-04T21:07:44","modified_gmt":"2019-12-05T00:07:44","slug":"este-sabado-se-realizara-la-feria-indigena-y-salud-de-la-mujer-en-calle-larga","status":"publish","type":"post","link":"https:\/\/eltrabajo.cl\/portal\/este-sabado-se-realizara-la-feria-indigena-y-salud-de-la-mujer-en-calle-larga\/","title":{"rendered":"Este s\u00e1bado se realizar\u00e1 la Feria Ind\u00edgena y Salud de la Mujer en Calle Larga"},"content":{"rendered":"<p><strong>CALLE LARGA<\/strong>.-\u00a0 Toda la comunidad de Calle Larga y Aconcagua, en particular las mujeres y familias, son las invitadas a presenciar y participar de la Feria Ind\u00edgena de la Mujer 2019, que tiene varias sorpresas para este s\u00e1bado 7 de diciembre desde las 9:30 a 17:00 horas.<\/p>\n<p>La actividad est\u00e1 en el marco de un proyecto que se adjudic\u00f3 el Centro de Salud Familiar Jos\u00e9 Joaqu\u00edn Aguirre, de Calle Larga y la Agrupaci\u00f3n de Grupos Originarios \u2018Futa Repu\u2019, que busca cruzar dos miradas a la salud; la mirada ancestral y tradicional, seg\u00fan coment\u00f3 <strong><em>Luisa Castro<\/em><\/strong>, profesional del Cesfam y Programa Pueblos Originarios.<\/p>\n<p>\u201c<em>Tendremos atenci\u00f3n de m\u00e9dico, matr\u00f3n y una machi, adem\u00e1s habr\u00e1n juegos infantiles, interculturales, cuentacuentos, ceremonias ancestrales, atenci\u00f3n de los pueblos originarios como tambi\u00e9n de nuestra medicina tradicional hacia la mujer. As\u00ed que ser\u00e1 una actividad muy entretenida especialmente, para que nos visiten durante la ma\u00f1ana y conozcan el trabajo que se hace con pueblos originarios<\/em>\u201d, dijo Castro.<\/p>\n<p>La invitaci\u00f3n es para este s\u00e1bado 7 de diciembre, de 9:30 a 13:00 horas, para el desarrollo de la Feria Ind\u00edgena y de Salud de la Mujer en la Plaza de Armas. Por su parte el Lonco Dar\u00edo Manquel, presidente de la Agrupaci\u00f3n de Grupos Originarios Futa Repu, asever\u00f3 que \u201c<em>se mostrar\u00e1n los trabajos que se realizaron durante los talleres de telar, tambi\u00e9n se mostrar\u00e1n los productos de medicina ancestral, con hierbas, cremas, ung\u00fcentos y jarabes, y habr\u00e1 un cuentacuentos mapuche para todos los ni\u00f1os, por eso invitamos a toda la comunidad a que asista a esta actividad<\/em>\u201d.<\/p>\n<p>&nbsp;<\/p>\n<figure id=\"attachment_95863\" aria-describedby=\"caption-attachment-95863\" style=\"width: 580px\" class=\"wp-caption alignnone\"><img data-recalc-dims=\"1\" loading=\"lazy\" decoding=\"async\" class=\"size-full wp-image-95863\" src=\"https:\/\/i0.wp.com\/www.eltrabajo.cl\/portal\/wp-content\/uploads\/2019\/12\/Indigena1.jpg?resize=580%2C359\" alt=\"La actividad est\u00e1 en el marco de un proyecto que se adjudic\u00f3 el Centro de Salud Familiar Jos\u00e9 Joaqu\u00edn Aguirre, de Calle Larga y la Agrupaci\u00f3n de Grupos Originarios \u2018Futa Repu\u2019.\" width=\"580\" height=\"359\" srcset=\"https:\/\/i0.wp.com\/eltrabajo.cl\/portal\/wp-content\/uploads\/2019\/12\/Indigena1.jpg?w=580&amp;ssl=1 580w, https:\/\/i0.wp.com\/eltrabajo.cl\/portal\/wp-content\/uploads\/2019\/12\/Indigena1.jpg?resize=300%2C186&amp;ssl=1 300w, https:\/\/i0.wp.com\/eltrabajo.cl\/portal\/wp-content\/uploads\/2019\/12\/Indigena1.jpg?resize=200%2C124&amp;ssl=1 200w, https:\/\/i0.wp.com\/eltrabajo.cl\/portal\/wp-content\/uploads\/2019\/12\/Indigena1.jpg?resize=242%2C150&amp;ssl=1 242w, https:\/\/i0.wp.com\/eltrabajo.cl\/portal\/wp-content\/uploads\/2019\/12\/Indigena1.jpg?resize=400%2C248&amp;ssl=1 400w\" sizes=\"auto, (max-width: 580px) 100vw, 580px\" \/><figcaption id=\"caption-attachment-95863\" class=\"wp-caption-text\">La actividad est\u00e1 en el marco de un proyecto que se adjudic\u00f3 el Centro de Salud Familiar Jos\u00e9 Joaqu\u00edn Aguirre, de Calle Larga y la Agrupaci\u00f3n de Grupos Originarios \u2018Futa Repu\u2019.<\/figcaption><\/figure>\n<p>&nbsp;<\/p>\n<figure id=\"attachment_95864\" aria-describedby=\"caption-attachment-95864\" style=\"width: 580px\" class=\"wp-caption alignnone\"><img data-recalc-dims=\"1\" loading=\"lazy\" decoding=\"async\" class=\"size-full wp-image-95864\" src=\"https:\/\/i0.wp.com\/www.eltrabajo.cl\/portal\/wp-content\/uploads\/2019\/12\/Indigena2.jpg?resize=580%2C360\" alt=\"Este s\u00e1bado 7 de diciembre la Plaza de Armas de Calle Larga albergar\u00e1 exposiciones, stands con medicina tradicional y ancestral, adem\u00e1s de cuentacuentos y una serie de actividades pensados en los ni\u00f1os y la familia.\" width=\"580\" height=\"360\" srcset=\"https:\/\/i0.wp.com\/eltrabajo.cl\/portal\/wp-content\/uploads\/2019\/12\/Indigena2.jpg?w=580&amp;ssl=1 580w, https:\/\/i0.wp.com\/eltrabajo.cl\/portal\/wp-content\/uploads\/2019\/12\/Indigena2.jpg?resize=300%2C186&amp;ssl=1 300w, https:\/\/i0.wp.com\/eltrabajo.cl\/portal\/wp-content\/uploads\/2019\/12\/Indigena2.jpg?resize=200%2C124&amp;ssl=1 200w, https:\/\/i0.wp.com\/eltrabajo.cl\/portal\/wp-content\/uploads\/2019\/12\/Indigena2.jpg?resize=242%2C150&amp;ssl=1 242w, https:\/\/i0.wp.com\/eltrabajo.cl\/portal\/wp-content\/uploads\/2019\/12\/Indigena2.jpg?resize=400%2C248&amp;ssl=1 400w\" sizes=\"auto, (max-width: 580px) 100vw, 580px\" \/><figcaption id=\"caption-attachment-95864\" class=\"wp-caption-text\">Este s\u00e1bado 7 de diciembre la Plaza de Armas de Calle Larga albergar\u00e1 exposiciones, stands con medicina tradicional y ancestral, adem\u00e1s de cuentacuentos y una serie de actividades pensados en los ni\u00f1os y la familia.<\/figcaption><\/figure>\n","protected":false},"excerpt":{"rendered":"<p>CALLE LARGA.-\u00a0 Toda la comunidad de Calle Larga y Aconcagua, en particular las mujeres y familias, son las invitadas a presenciar y participar de la Feria Ind\u00edgena de la Mujer 2019, que&#8230;<\/p>\n","protected":false},"author":482,"featured_media":95863,"comment_status":"open","ping_status":"open","sticky":false,"template":"","format":"standard","meta":{"advanced_seo_description":"","jetpack_seo_html_title":"","jetpack_seo_noindex":false,"_jetpack_memberships_contains_paid_content":false,"footnotes":""},"categories":[20],"tags":[],"class_list":["post-95862","post","type-post","status-publish","format-standard","has-post-thumbnail","hentry","category-arte-y-cultura"],"jetpack_featured_media_url":"https:\/\/i0.wp.com\/eltrabajo.cl\/portal\/wp-content\/uploads\/2019\/12\/Indigena1.jpg?fit=580%2C359&ssl=1","jetpack_sharing_enabled":true,"jetpack_likes_enabled":true,"jetpack-related-posts":[],"_links":{"self":[{"href":"https:\/\/eltrabajo.cl\/portal\/wp-json\/wp\/v2\/posts\/95862","targetHints":{"allow":["GET"]}}],"collection":[{"href":"https:\/\/eltrabajo.cl\/portal\/wp-json\/wp\/v2\/posts"}],"about":[{"href":"https:\/\/eltrabajo.cl\/portal\/wp-json\/wp\/v2\/types\/post"}],"author":[{"embeddable":true,"href":"https:\/\/eltrabajo.cl\/portal\/wp-json\/wp\/v2\/users\/482"}],"replies":[{"embeddable":true,"href":"https:\/\/eltrabajo.cl\/portal\/wp-json\/wp\/v2\/comments?post=95862"}],"version-history":[{"count":0,"href":"https:\/\/eltrabajo.cl\/portal\/wp-json\/wp\/v2\/posts\/95862\/revisions"}],"wp:featuredmedia":[{"embeddable":true,"href":"https:\/\/eltrabajo.cl\/portal\/wp-json\/wp\/v2\/media\/95863"}],"wp:attachment":[{"href":"https:\/\/eltrabajo.cl\/portal\/wp-json\/wp\/v2\/media?parent=95862"}],"wp:term":[{"taxonomy":"category","embeddable":true,"href":"https:\/\/eltrabajo.cl\/portal\/wp-json\/wp\/v2\/categories?post=95862"},{"taxonomy":"post_tag","embeddable":true,"href":"https:\/\/eltrabajo.cl\/portal\/wp-json\/wp\/v2\/tags?post=95862"}],"curies":[{"name":"wp","href":"https:\/\/api.w.org\/{rel}","templated":true}]}}