{"id":95874,"date":"2019-12-05T05:05:14","date_gmt":"2019-12-05T08:05:14","guid":{"rendered":"http:\/\/www.eltrabajo.cl\/portal\/?p=95874"},"modified":"2019-12-04T21:17:07","modified_gmt":"2019-12-05T00:17:07","slug":"gala-de-tango-hoy-jueves-a-partir-de-las-2100-horas-en-centrico-bar-de-san-felipe","status":"publish","type":"post","link":"https:\/\/eltrabajo.cl\/portal\/gala-de-tango-hoy-jueves-a-partir-de-las-2100-horas-en-centrico-bar-de-san-felipe\/","title":{"rendered":"Gala de Tango hoy jueves a partir de las 21:00 horas en c\u00e9ntrico bar de San Felipe"},"content":{"rendered":"<p>Todos los amantes del tango tienen una cita especial en el conocido bar ubicado en Traslavi\u00f1a esquina Freire, hoy jueves desde las 21:00 horas. Se trata de una actividad organizada por el Taller de Tango del departamento municipal de Cultura.<\/p>\n<p>La informaci\u00f3n la confirm\u00f3 a nuestro medio la profesora <strong>Soledad Rojas<\/strong>, del grupo tanguero: <em>\u00abLuego de un a\u00f1o de arduo trabajo, los monitores Soledad Rojas y Fernando Gimeno, cierran con sus alumnos sus actividades con una presentaci\u00f3n abierta a toda la comunidad. Este es un hermoso cierre de ciclo, donde todos los participantes pusieron mucho esfuerzo y sacrificio para bailar tango y milonga de la mejor manera posible\u00bb,<\/em> dijo Rojas.<\/p>\n<p>Por su parte <strong>Fernando Gimeno <\/strong>nos coment\u00f3 que <em>\u00abtenemos personas de todas las edades e interact\u00faan muy bien. Esta mezcla generacional da fuerza y vitalidad a nuestro grupo y demuestra que el arte no tiene edad. Agradecemos mucho a Bar Brava por habernos abierto sus puertas para realizar la gala de este a\u00f1o. Quisimos darle un sentido integral de entretenci\u00f3n a la gala de este a\u00f1o, haci\u00e9ndolo en este lugar de esparcimiento, uno de los principales de nuestra ciudad<\/em>\u00bb, indic\u00f3.<\/p>\n<p><strong>Roberto Gonz\u00e1lez Short<\/strong><\/p>\n<p>&nbsp;<\/p>\n<figure id=\"attachment_95875\" aria-describedby=\"caption-attachment-95875\" style=\"width: 580px\" class=\"wp-caption alignnone\"><img data-recalc-dims=\"1\" loading=\"lazy\" decoding=\"async\" class=\"size-full wp-image-95875\" src=\"https:\/\/i0.wp.com\/www.eltrabajo.cl\/portal\/wp-content\/uploads\/2019\/12\/Tango1.jpg?resize=580%2C360\" alt=\"NOCHE DE TANGO.- Exponentes del mejor tango y todas las edades estar\u00e1n haciendo de las suyas hoy jueves desde las 21:00 horas.\" width=\"580\" height=\"360\" srcset=\"https:\/\/i0.wp.com\/eltrabajo.cl\/portal\/wp-content\/uploads\/2019\/12\/Tango1.jpg?w=580&amp;ssl=1 580w, https:\/\/i0.wp.com\/eltrabajo.cl\/portal\/wp-content\/uploads\/2019\/12\/Tango1.jpg?resize=300%2C186&amp;ssl=1 300w, https:\/\/i0.wp.com\/eltrabajo.cl\/portal\/wp-content\/uploads\/2019\/12\/Tango1.jpg?resize=200%2C124&amp;ssl=1 200w, https:\/\/i0.wp.com\/eltrabajo.cl\/portal\/wp-content\/uploads\/2019\/12\/Tango1.jpg?resize=242%2C150&amp;ssl=1 242w, https:\/\/i0.wp.com\/eltrabajo.cl\/portal\/wp-content\/uploads\/2019\/12\/Tango1.jpg?resize=400%2C248&amp;ssl=1 400w\" sizes=\"auto, (max-width: 580px) 100vw, 580px\" \/><figcaption id=\"caption-attachment-95875\" class=\"wp-caption-text\">NOCHE DE TANGO.- Exponentes del mejor tango y todas las edades estar\u00e1n haciendo de las suyas hoy jueves desde las 21:00 horas.<\/figcaption><\/figure>\n<p>&nbsp;<\/p>\n<figure id=\"attachment_95876\" aria-describedby=\"caption-attachment-95876\" style=\"width: 580px\" class=\"wp-caption alignnone\"><img data-recalc-dims=\"1\" loading=\"lazy\" decoding=\"async\" class=\"size-full wp-image-95876\" src=\"https:\/\/i0.wp.com\/www.eltrabajo.cl\/portal\/wp-content\/uploads\/2019\/12\/Tango-2.jpg?resize=580%2C487\" alt=\"Arnold Flores ejecuta junto a una de sus mejores alumnas, esta impecable obra de arte musical, lastimosamente no asistir\u00e1 a la actividad. (Archivo).\" width=\"580\" height=\"487\" srcset=\"https:\/\/i0.wp.com\/eltrabajo.cl\/portal\/wp-content\/uploads\/2019\/12\/Tango-2.jpg?w=580&amp;ssl=1 580w, https:\/\/i0.wp.com\/eltrabajo.cl\/portal\/wp-content\/uploads\/2019\/12\/Tango-2.jpg?resize=300%2C252&amp;ssl=1 300w, https:\/\/i0.wp.com\/eltrabajo.cl\/portal\/wp-content\/uploads\/2019\/12\/Tango-2.jpg?resize=179%2C150&amp;ssl=1 179w, https:\/\/i0.wp.com\/eltrabajo.cl\/portal\/wp-content\/uploads\/2019\/12\/Tango-2.jpg?resize=400%2C336&amp;ssl=1 400w\" sizes=\"auto, (max-width: 580px) 100vw, 580px\" \/><figcaption id=\"caption-attachment-95876\" class=\"wp-caption-text\">Arnold Flores ejecuta junto a una de sus mejores alumnas, esta impecable obra de arte musical, lastimosamente no asistir\u00e1 a la actividad. (Archivo).<\/figcaption><\/figure>\n<p>&nbsp;<\/p>\n<figure id=\"attachment_95877\" aria-describedby=\"caption-attachment-95877\" style=\"width: 580px\" class=\"wp-caption alignnone\"><img data-recalc-dims=\"1\" loading=\"lazy\" decoding=\"async\" class=\"size-full wp-image-95877\" src=\"https:\/\/i0.wp.com\/www.eltrabajo.cl\/portal\/wp-content\/uploads\/2019\/12\/Tango_Fernando-Gimeno.jpg?resize=580%2C557\" alt=\"Fernando Gimeno, destacado bailar\u00edn de tango.\" width=\"580\" height=\"557\" srcset=\"https:\/\/i0.wp.com\/eltrabajo.cl\/portal\/wp-content\/uploads\/2019\/12\/Tango_Fernando-Gimeno.jpg?w=580&amp;ssl=1 580w, https:\/\/i0.wp.com\/eltrabajo.cl\/portal\/wp-content\/uploads\/2019\/12\/Tango_Fernando-Gimeno.jpg?resize=300%2C288&amp;ssl=1 300w, https:\/\/i0.wp.com\/eltrabajo.cl\/portal\/wp-content\/uploads\/2019\/12\/Tango_Fernando-Gimeno.jpg?resize=156%2C150&amp;ssl=1 156w, https:\/\/i0.wp.com\/eltrabajo.cl\/portal\/wp-content\/uploads\/2019\/12\/Tango_Fernando-Gimeno.jpg?resize=400%2C384&amp;ssl=1 400w\" sizes=\"auto, (max-width: 580px) 100vw, 580px\" \/><figcaption id=\"caption-attachment-95877\" class=\"wp-caption-text\">Fernando Gimeno, destacado bailar\u00edn de tango.<\/figcaption><\/figure>\n","protected":false},"excerpt":{"rendered":"<p>Todos los amantes del tango tienen una cita especial en el conocido bar ubicado en Traslavi\u00f1a esquina Freire, hoy jueves desde las 21:00 horas. Se trata de una actividad organizada por el&#8230;<\/p>\n","protected":false},"author":482,"featured_media":95875,"comment_status":"open","ping_status":"open","sticky":false,"template":"","format":"standard","meta":{"advanced_seo_description":"","jetpack_seo_html_title":"","jetpack_seo_noindex":false,"_jetpack_memberships_contains_paid_content":false,"footnotes":""},"categories":[15],"tags":[],"class_list":["post-95874","post","type-post","status-publish","format-standard","has-post-thumbnail","hentry","category-comunidad"],"jetpack_featured_media_url":"https:\/\/i0.wp.com\/eltrabajo.cl\/portal\/wp-content\/uploads\/2019\/12\/Tango1.jpg?fit=580%2C360&ssl=1","jetpack_sharing_enabled":true,"jetpack_likes_enabled":true,"jetpack-related-posts":[],"_links":{"self":[{"href":"https:\/\/eltrabajo.cl\/portal\/wp-json\/wp\/v2\/posts\/95874","targetHints":{"allow":["GET"]}}],"collection":[{"href":"https:\/\/eltrabajo.cl\/portal\/wp-json\/wp\/v2\/posts"}],"about":[{"href":"https:\/\/eltrabajo.cl\/portal\/wp-json\/wp\/v2\/types\/post"}],"author":[{"embeddable":true,"href":"https:\/\/eltrabajo.cl\/portal\/wp-json\/wp\/v2\/users\/482"}],"replies":[{"embeddable":true,"href":"https:\/\/eltrabajo.cl\/portal\/wp-json\/wp\/v2\/comments?post=95874"}],"version-history":[{"count":0,"href":"https:\/\/eltrabajo.cl\/portal\/wp-json\/wp\/v2\/posts\/95874\/revisions"}],"wp:featuredmedia":[{"embeddable":true,"href":"https:\/\/eltrabajo.cl\/portal\/wp-json\/wp\/v2\/media\/95875"}],"wp:attachment":[{"href":"https:\/\/eltrabajo.cl\/portal\/wp-json\/wp\/v2\/media?parent=95874"}],"wp:term":[{"taxonomy":"category","embeddable":true,"href":"https:\/\/eltrabajo.cl\/portal\/wp-json\/wp\/v2\/categories?post=95874"},{"taxonomy":"post_tag","embeddable":true,"href":"https:\/\/eltrabajo.cl\/portal\/wp-json\/wp\/v2\/tags?post=95874"}],"curies":[{"name":"wp","href":"https:\/\/api.w.org\/{rel}","templated":true}]}}