{"id":95882,"date":"2019-12-05T05:07:00","date_gmt":"2019-12-05T08:07:00","guid":{"rendered":"http:\/\/www.eltrabajo.cl\/portal\/?p=95882"},"modified":"2019-12-04T21:24:14","modified_gmt":"2019-12-05T00:24:14","slug":"dos-motociclistas-resultaron-heridos-al-colisionar-en-calle-antofagasta-de-panquehue","status":"publish","type":"post","link":"https:\/\/eltrabajo.cl\/portal\/dos-motociclistas-resultaron-heridos-al-colisionar-en-calle-antofagasta-de-panquehue\/","title":{"rendered":"Dos motociclistas resultaron heridos al colisionar en calle Antofagasta de Panquehue"},"content":{"rendered":"<ul>\n<li><strong>Los pacientes fueron derivados por la ambulancia del SAMU hasta el Hospital San Camilo de San Felipe.\u00a0 Carabineros adopt\u00f3 el procedimiento de rigor, derivando los antecedentes hasta el Juzgado de Polic\u00eda Local.<\/strong><\/li>\n<\/ul>\n<p>Policontusos de car\u00e1cter leve resultaron dos motociclistas tras protagonizar una colisi\u00f3n en calle Antofagasta, frente a la Vi\u00f1a Err\u00e1zuriz en la comuna de Panquehue, cuando ambos se dirig\u00edan a su lugar de trabajo.<\/p>\n<p>El accidente de tr\u00e1nsito se origin\u00f3 a eso de las 08:00 horas de la ma\u00f1ana de ayer mi\u00e9rcoles, en circunstancias que ambos conductores circulaban por la ruta en el mismo sentido.<\/p>\n<p>Por causas que se investigan, uno de los motociclistas habr\u00eda efectuado una maniobra de adelantamiento, instante en que el primer conductor que lo anteced\u00eda habr\u00eda efectuado una maniobra de viraje, origin\u00e1ndose la colisi\u00f3n.<\/p>\n<p>A ra\u00edz de lo anterior, ambos conductores de 56 y 33 a\u00f1os de edad, cayeron violentamente a la calzada, debiendo concurrir hasta el lugar personal del SAMU para trasladar a los pacientes hasta el servicio de urgencias del Hospital San Camilo de San Felipe, siendo diagnosticados por el m\u00e9dico de turno de sufrir lesiones de car\u00e1cter leve.<\/p>\n<p>Al mismo tiempo personal de Carabineros adopt\u00f3 el procedimiento de rigor, entregando los antecedentes del caso al Juzgado de Polic\u00eda Local.<\/p>\n<p><strong>Pablo Salinas Sald\u00edas<\/strong><\/p>\n<p><strong>\u00a0<\/strong><\/p>\n<figure id=\"attachment_95883\" aria-describedby=\"caption-attachment-95883\" style=\"width: 580px\" class=\"wp-caption alignnone\"><img data-recalc-dims=\"1\" loading=\"lazy\" decoding=\"async\" class=\"size-full wp-image-95883\" src=\"https:\/\/i0.wp.com\/www.eltrabajo.cl\/portal\/wp-content\/uploads\/2019\/12\/DOS-MOTOCICLETAS.jpg?resize=580%2C360\" alt=\"Ambos conductores circulaban en estas motocicletas, origin\u00e1ndose una colisi\u00f3n en calle Antofagasta, frente a la Vi\u00f1a Err\u00e1zuriz de Panquehue durante la ma\u00f1ana de ayer.\" width=\"580\" height=\"360\" srcset=\"https:\/\/i0.wp.com\/eltrabajo.cl\/portal\/wp-content\/uploads\/2019\/12\/DOS-MOTOCICLETAS.jpg?w=580&amp;ssl=1 580w, https:\/\/i0.wp.com\/eltrabajo.cl\/portal\/wp-content\/uploads\/2019\/12\/DOS-MOTOCICLETAS.jpg?resize=300%2C186&amp;ssl=1 300w, https:\/\/i0.wp.com\/eltrabajo.cl\/portal\/wp-content\/uploads\/2019\/12\/DOS-MOTOCICLETAS.jpg?resize=200%2C124&amp;ssl=1 200w, https:\/\/i0.wp.com\/eltrabajo.cl\/portal\/wp-content\/uploads\/2019\/12\/DOS-MOTOCICLETAS.jpg?resize=242%2C150&amp;ssl=1 242w, https:\/\/i0.wp.com\/eltrabajo.cl\/portal\/wp-content\/uploads\/2019\/12\/DOS-MOTOCICLETAS.jpg?resize=400%2C248&amp;ssl=1 400w\" sizes=\"auto, (max-width: 580px) 100vw, 580px\" \/><figcaption id=\"caption-attachment-95883\" class=\"wp-caption-text\">Ambos conductores circulaban en estas motocicletas, origin\u00e1ndose una colisi\u00f3n en calle Antofagasta, frente a la Vi\u00f1a Err\u00e1zuriz de Panquehue durante la ma\u00f1ana de ayer.<\/figcaption><\/figure>\n<p><strong>\u00a0<\/strong><\/p>\n","protected":false},"excerpt":{"rendered":"<p>Los pacientes fueron derivados por la ambulancia del SAMU hasta el Hospital San Camilo de San Felipe.\u00a0 Carabineros adopt\u00f3 el procedimiento de rigor, derivando los antecedentes hasta el Juzgado de Polic\u00eda Local&#8230;.<\/p>\n","protected":false},"author":482,"featured_media":95883,"comment_status":"open","ping_status":"open","sticky":false,"template":"","format":"standard","meta":{"advanced_seo_description":"","jetpack_seo_html_title":"","jetpack_seo_noindex":false,"_jetpack_memberships_contains_paid_content":false,"footnotes":""},"categories":[21],"tags":[],"class_list":["post-95882","post","type-post","status-publish","format-standard","has-post-thumbnail","hentry","category-policial"],"jetpack_featured_media_url":"https:\/\/i0.wp.com\/eltrabajo.cl\/portal\/wp-content\/uploads\/2019\/12\/DOS-MOTOCICLETAS.jpg?fit=580%2C360&ssl=1","jetpack_sharing_enabled":true,"jetpack_likes_enabled":true,"jetpack-related-posts":[],"_links":{"self":[{"href":"https:\/\/eltrabajo.cl\/portal\/wp-json\/wp\/v2\/posts\/95882","targetHints":{"allow":["GET"]}}],"collection":[{"href":"https:\/\/eltrabajo.cl\/portal\/wp-json\/wp\/v2\/posts"}],"about":[{"href":"https:\/\/eltrabajo.cl\/portal\/wp-json\/wp\/v2\/types\/post"}],"author":[{"embeddable":true,"href":"https:\/\/eltrabajo.cl\/portal\/wp-json\/wp\/v2\/users\/482"}],"replies":[{"embeddable":true,"href":"https:\/\/eltrabajo.cl\/portal\/wp-json\/wp\/v2\/comments?post=95882"}],"version-history":[{"count":0,"href":"https:\/\/eltrabajo.cl\/portal\/wp-json\/wp\/v2\/posts\/95882\/revisions"}],"wp:featuredmedia":[{"embeddable":true,"href":"https:\/\/eltrabajo.cl\/portal\/wp-json\/wp\/v2\/media\/95883"}],"wp:attachment":[{"href":"https:\/\/eltrabajo.cl\/portal\/wp-json\/wp\/v2\/media?parent=95882"}],"wp:term":[{"taxonomy":"category","embeddable":true,"href":"https:\/\/eltrabajo.cl\/portal\/wp-json\/wp\/v2\/categories?post=95882"},{"taxonomy":"post_tag","embeddable":true,"href":"https:\/\/eltrabajo.cl\/portal\/wp-json\/wp\/v2\/tags?post=95882"}],"curies":[{"name":"wp","href":"https:\/\/api.w.org\/{rel}","templated":true}]}}