{"id":95891,"date":"2019-12-06T05:01:14","date_gmt":"2019-12-06T08:01:14","guid":{"rendered":"http:\/\/www.eltrabajo.cl\/portal\/?p=95891"},"modified":"2019-12-05T21:14:06","modified_gmt":"2019-12-06T00:14:06","slug":"el-prat-obligado-a-encestar-su-primer-triunfo-para-comenzar-a-salvar-la-categoria","status":"publish","type":"post","link":"https:\/\/eltrabajo.cl\/portal\/el-prat-obligado-a-encestar-su-primer-triunfo-para-comenzar-a-salvar-la-categoria\/","title":{"rendered":"El Prat obligado a encestar su primer triunfo para comenzar a salvar la categor\u00eda"},"content":{"rendered":"<p><span style=\"color: #ff0000;\"><strong>Y evitar el descenso a Tercera:<\/strong><\/span><\/p>\n<ul>\n<li><strong>La serie largar\u00e1 ma\u00f1ana, para continuar la pr\u00f3xima semana en la comuna de Las Condes.<\/strong><\/li>\n<\/ul>\n<p>Aunque sea un ejercicio mental dif\u00edcil de realizar debido a la p\u00e9sima performance en la fase regular de la competencia, el quinteto del club Arturo Prat de San Felipe, necesariamente deber\u00e1 dejar en el olvido la marca negativa de este 2019, para intentar torcer el destino y salvar la categor\u00eda B en la LNB.<\/p>\n<p>El primer juego de la llave de Play Offs para definir al equipo que descender\u00e1 a la Tercera Divisi\u00f3n que animar\u00e1n pratinos y Stadio Italiano, est\u00e1 programado para las cinco de la tarde de este s\u00e1bado en el Fort\u00edn Prat de San Felipe.<\/p>\n<p>En la interna los sanfelipe\u00f1os ven con buenos ojos el tener que enfrentar a los de colonia it\u00e1lica, debido a que si bien es cierto ya fueron superados en las dos ocasiones en que se vieron las caras, qued\u00f3 la sensaci\u00f3n que las distancias pueden acortarse porque fueron partidos apretados, donde los marcadores no fueron tan expresivos a favor de Stadio: <em>\u201cCreo que si el equipo se ajusta y consigue levantar, habr\u00e1 posibilidades de ganar la serie\u201d,<\/em> coment\u00f3 a <strong>El Trabajo Deportivo<\/strong>, el directivo <strong>Mauro Bull<\/strong>, quien en su fuero \u00edntimo apela a un milagro deportivo que le permita al Prat seguir siendo parte de la elite del b\u00e1squetbol chileno.<\/p>\n<p>Programaci\u00f3n<\/p>\n<p>Partido 1\u00aa<\/p>\n<p>17:00 horas; Fort\u00edn Prat: Arturo Prat \u2013 Stadio Italiano<\/p>\n<p>&nbsp;<\/p>\n<figure id=\"attachment_95892\" aria-describedby=\"caption-attachment-95892\" style=\"width: 580px\" class=\"wp-caption alignnone\"><img data-recalc-dims=\"1\" loading=\"lazy\" decoding=\"async\" class=\"size-full wp-image-95892\" src=\"https:\/\/i0.wp.com\/www.eltrabajo.cl\/portal\/wp-content\/uploads\/2019\/12\/prat-1.jpg?resize=580%2C359\" alt=\"Los pratinos est\u00e1n obligados a hacer pesar su condici\u00f3n de locales para tener opciones de seguir en la serie B de la LNB.\" width=\"580\" height=\"359\" srcset=\"https:\/\/i0.wp.com\/eltrabajo.cl\/portal\/wp-content\/uploads\/2019\/12\/prat-1.jpg?w=580&amp;ssl=1 580w, https:\/\/i0.wp.com\/eltrabajo.cl\/portal\/wp-content\/uploads\/2019\/12\/prat-1.jpg?resize=300%2C186&amp;ssl=1 300w, https:\/\/i0.wp.com\/eltrabajo.cl\/portal\/wp-content\/uploads\/2019\/12\/prat-1.jpg?resize=200%2C124&amp;ssl=1 200w, https:\/\/i0.wp.com\/eltrabajo.cl\/portal\/wp-content\/uploads\/2019\/12\/prat-1.jpg?resize=242%2C150&amp;ssl=1 242w, https:\/\/i0.wp.com\/eltrabajo.cl\/portal\/wp-content\/uploads\/2019\/12\/prat-1.jpg?resize=400%2C248&amp;ssl=1 400w\" sizes=\"auto, (max-width: 580px) 100vw, 580px\" \/><figcaption id=\"caption-attachment-95892\" class=\"wp-caption-text\">Los pratinos est\u00e1n obligados a hacer pesar su condici\u00f3n de locales para tener opciones de seguir en la serie B de la LNB.<\/figcaption><\/figure>\n","protected":false},"excerpt":{"rendered":"<p>Y evitar el descenso a Tercera: La serie largar\u00e1 ma\u00f1ana, para continuar la pr\u00f3xima semana en la comuna de Las Condes. Aunque sea un ejercicio mental dif\u00edcil de realizar debido a la&#8230;<\/p>\n","protected":false},"author":482,"featured_media":95892,"comment_status":"open","ping_status":"open","sticky":false,"template":"","format":"standard","meta":{"advanced_seo_description":"","jetpack_seo_html_title":"","jetpack_seo_noindex":false,"_jetpack_memberships_contains_paid_content":false,"footnotes":""},"categories":[19],"tags":[],"class_list":["post-95891","post","type-post","status-publish","format-standard","has-post-thumbnail","hentry","category-deportes"],"jetpack_featured_media_url":"https:\/\/i0.wp.com\/eltrabajo.cl\/portal\/wp-content\/uploads\/2019\/12\/prat-1.jpg?fit=580%2C359&ssl=1","jetpack_sharing_enabled":true,"jetpack_likes_enabled":true,"jetpack-related-posts":[],"_links":{"self":[{"href":"https:\/\/eltrabajo.cl\/portal\/wp-json\/wp\/v2\/posts\/95891","targetHints":{"allow":["GET"]}}],"collection":[{"href":"https:\/\/eltrabajo.cl\/portal\/wp-json\/wp\/v2\/posts"}],"about":[{"href":"https:\/\/eltrabajo.cl\/portal\/wp-json\/wp\/v2\/types\/post"}],"author":[{"embeddable":true,"href":"https:\/\/eltrabajo.cl\/portal\/wp-json\/wp\/v2\/users\/482"}],"replies":[{"embeddable":true,"href":"https:\/\/eltrabajo.cl\/portal\/wp-json\/wp\/v2\/comments?post=95891"}],"version-history":[{"count":0,"href":"https:\/\/eltrabajo.cl\/portal\/wp-json\/wp\/v2\/posts\/95891\/revisions"}],"wp:featuredmedia":[{"embeddable":true,"href":"https:\/\/eltrabajo.cl\/portal\/wp-json\/wp\/v2\/media\/95892"}],"wp:attachment":[{"href":"https:\/\/eltrabajo.cl\/portal\/wp-json\/wp\/v2\/media?parent=95891"}],"wp:term":[{"taxonomy":"category","embeddable":true,"href":"https:\/\/eltrabajo.cl\/portal\/wp-json\/wp\/v2\/categories?post=95891"},{"taxonomy":"post_tag","embeddable":true,"href":"https:\/\/eltrabajo.cl\/portal\/wp-json\/wp\/v2\/tags?post=95891"}],"curies":[{"name":"wp","href":"https:\/\/api.w.org\/{rel}","templated":true}]}}