{"id":95897,"date":"2019-12-06T05:03:52","date_gmt":"2019-12-06T08:03:52","guid":{"rendered":"http:\/\/www.eltrabajo.cl\/portal\/?p=95897"},"modified":"2019-12-05T21:18:32","modified_gmt":"2019-12-06T00:18:32","slug":"declaran-culpable-a-miguel-espinoza-por-matar-y-violar-a-ambar-lazcano","status":"publish","type":"post","link":"https:\/\/eltrabajo.cl\/portal\/declaran-culpable-a-miguel-espinoza-por-matar-y-violar-a-ambar-lazcano\/","title":{"rendered":"Declaran culpable a Miguel Espinoza por matar y violar a \u00c1mbar Lazcano"},"content":{"rendered":"<p><span style=\"color: #ff0000;\"><strong>\u2018Chacal de Rinconada\u2019 arriesga 40 a\u00f1os en prisi\u00f3n:<\/strong><\/span><\/p>\n<p><strong>LOS ANDES<\/strong>.- El Tribunal de Juicio Oral en lo penal de Los Andes integrado por los Magistrados Carlos Mu\u00f1oz, Mar\u00eda Cornejo Sandoval y Alessandra Tubino, declar\u00f3 culpable del delito de Violaci\u00f3n con Homicidio a Miguel Espinoza Aravena. Bajo gran expectaci\u00f3n period\u00edstica la ma\u00f1ana de este jueves fue le\u00eddo el fallo donde se condena a Espinoza Aravena por este alevoso y macabro crimen perpetrado la noche del 27 de abril de 2018 en el interior de un domicilio de Villa Colunqu\u00e9n en la comuna de Rinconada, seg\u00fan informaron muchos medios nacionales, y tambi\u00e9n <strong>losandesonline.cl<\/strong><\/p>\n<p>&nbsp;<\/p>\n<p><span style=\"color: #ff0000;\"><strong>LECTURA PRINCIPAL<\/strong><\/span><\/p>\n<p>La lectura del veredicto estuvo a cargo de la jueza Tubbino, quien sostuvo que las pruebas y pericias aportadas por el Ministerio P\u00fablico fueron suficientes para acreditar el delito y la participaci\u00f3n del acusado, quedando sobradamente demostrado que Espinoza Aravena accedi\u00f3 carnalmente v\u00eda anal a la peque\u00f1a \u00c1mbar y le caus\u00f3 lesiones que le causaron una rotura g\u00e1strica.<\/p>\n<p>Tambi\u00e9n queda acreditado que fue el estallido g\u00e1strico fue la lesi\u00f3n que le caus\u00f3 la muerte, \u201c<em>las que incluso provocaron\u00a0 fracturas de alguna de las costillas de la ni\u00f1a, teniendo estos golpes una clara acci\u00f3n homicida<\/em>\u201d.<\/p>\n<p>Asimismo, qued\u00f3 acreditado que el perfil gen\u00e9tico de Espinoza y de la peque\u00f1a \u00c1mbar se encontraban presenten en un b\u00f3xer del acusado, \u201c<em>lo mismo que ocurri\u00f3 con el cobertor de la cama donde dorm\u00eda la ni\u00f1a<\/em>\u201d.<\/p>\n<p>De igual manera\u00a0 se dio por sentado que cuando \u00c1mbar sufri\u00f3 el estallido g\u00e1strico que le caus\u00f3 dolores insufribles, el condenado no la llev\u00f3 a un centro asistencia, sino que se \u201c<em>prepar\u00f3 un trago y sali\u00f3 a fumarse un cigarrillo<\/em>\u201d.<\/p>\n<p>Se desestim\u00f3 el informe de una psic\u00f3loga estableciendo que Espinoza era una persona correcta e incapaz de cometer alg\u00fan delito en la persona de \u00c1mbar. En el fallo, el tribunal consider\u00f3 particularmente la agravante de la alevos\u00eda, \u201c<em>porque en diferentes momentos en que el acusado permaneci\u00f3 al cuidado de la ni\u00f1a busco los momentos y espacios para realizar sus crueles acciones en forma segura, garantizando su impunidad<\/em>\u201d.<\/p>\n<p>&nbsp;<\/p>\n<p><span style=\"color: #ff0000;\"><strong>M\u00c1XIMO CASTIGO<\/strong><\/span><\/p>\n<p>Para la determinaci\u00f3n de la pena, el Ministerio P\u00fablico representado por el fiscal Jefe Ricardo Reinoso, consider\u00f3 especialmente esta agravante reconocida por el tribunal, adem\u00e1s de la edad de la v\u00edctima para pedir a pena de presidio perpetuo calificado, es decir, 40 a\u00f1os de c\u00e1rcel efectivos antes de obtener alg\u00fan beneficio intrapenitenciario.<\/p>\n<p>En tanto, la defensa de Espinoza pidi\u00f3 considerar la atenuante de irreprochable conducta anterior, solicitando al tribunal aplicar el m\u00ednimo de la pena posible, es decir 10 a\u00f1os y un d\u00eda de c\u00e1rcel. La lectura de sentencia ser\u00e1 le\u00edda el pr\u00f3ximo mi\u00e9rcoles 18 de diciembre.<\/p>\n<p>&nbsp;<\/p>\n<figure id=\"attachment_95898\" aria-describedby=\"caption-attachment-95898\" style=\"width: 580px\" class=\"wp-caption alignnone\"><img data-recalc-dims=\"1\" loading=\"lazy\" decoding=\"async\" class=\"size-full wp-image-95898\" src=\"https:\/\/i0.wp.com\/www.eltrabajo.cl\/portal\/wp-content\/uploads\/2019\/12\/Ambar_Miguel-Andres-Espinoza-Aravena.jpg?resize=580%2C358\" alt=\"Miguel Andr\u00e9s Espinoza Aravena, culpable de violar y matar a una guagua indefensa. FOTO:FRANCISCO FLORES SEGUEL\/AGENCIAUNO\" width=\"580\" height=\"358\" srcset=\"https:\/\/i0.wp.com\/eltrabajo.cl\/portal\/wp-content\/uploads\/2019\/12\/Ambar_Miguel-Andres-Espinoza-Aravena.jpg?w=580&amp;ssl=1 580w, https:\/\/i0.wp.com\/eltrabajo.cl\/portal\/wp-content\/uploads\/2019\/12\/Ambar_Miguel-Andres-Espinoza-Aravena.jpg?resize=300%2C185&amp;ssl=1 300w, https:\/\/i0.wp.com\/eltrabajo.cl\/portal\/wp-content\/uploads\/2019\/12\/Ambar_Miguel-Andres-Espinoza-Aravena.jpg?resize=200%2C123&amp;ssl=1 200w, https:\/\/i0.wp.com\/eltrabajo.cl\/portal\/wp-content\/uploads\/2019\/12\/Ambar_Miguel-Andres-Espinoza-Aravena.jpg?resize=243%2C150&amp;ssl=1 243w, https:\/\/i0.wp.com\/eltrabajo.cl\/portal\/wp-content\/uploads\/2019\/12\/Ambar_Miguel-Andres-Espinoza-Aravena.jpg?resize=400%2C247&amp;ssl=1 400w\" sizes=\"auto, (max-width: 580px) 100vw, 580px\" \/><figcaption id=\"caption-attachment-95898\" class=\"wp-caption-text\">Miguel Andr\u00e9s Espinoza Aravena, culpable de violar y matar a una guagua indefensa. FOTO:FRANCISCO FLORES SEGUEL\/AGENCIAUNO<\/figcaption><\/figure>\n<p>&nbsp;<\/p>\n<figure id=\"attachment_95899\" aria-describedby=\"caption-attachment-95899\" style=\"width: 579px\" class=\"wp-caption alignnone\"><img data-recalc-dims=\"1\" loading=\"lazy\" decoding=\"async\" class=\"size-full wp-image-95899\" src=\"https:\/\/i0.wp.com\/www.eltrabajo.cl\/portal\/wp-content\/uploads\/2019\/12\/Ambar_Ambar-Lazcano-Paez.jpg?resize=579%2C662\" alt=\"\u00c1mbar Lazcano, la inocente v\u00edctima.\" width=\"579\" height=\"662\" srcset=\"https:\/\/i0.wp.com\/eltrabajo.cl\/portal\/wp-content\/uploads\/2019\/12\/Ambar_Ambar-Lazcano-Paez.jpg?w=579&amp;ssl=1 579w, https:\/\/i0.wp.com\/eltrabajo.cl\/portal\/wp-content\/uploads\/2019\/12\/Ambar_Ambar-Lazcano-Paez.jpg?resize=262%2C300&amp;ssl=1 262w, https:\/\/i0.wp.com\/eltrabajo.cl\/portal\/wp-content\/uploads\/2019\/12\/Ambar_Ambar-Lazcano-Paez.jpg?resize=131%2C150&amp;ssl=1 131w, https:\/\/i0.wp.com\/eltrabajo.cl\/portal\/wp-content\/uploads\/2019\/12\/Ambar_Ambar-Lazcano-Paez.jpg?resize=400%2C457&amp;ssl=1 400w\" sizes=\"auto, (max-width: 579px) 100vw, 579px\" \/><figcaption id=\"caption-attachment-95899\" class=\"wp-caption-text\">\u00c1mbar Lazcano, la inocente v\u00edctima.<\/figcaption><\/figure>\n","protected":false},"excerpt":{"rendered":"<p>\u2018Chacal de Rinconada\u2019 arriesga 40 a\u00f1os en prisi\u00f3n: LOS ANDES.- El Tribunal de Juicio Oral en lo penal de Los Andes integrado por los Magistrados Carlos Mu\u00f1oz, Mar\u00eda Cornejo Sandoval y Alessandra&#8230;<\/p>\n","protected":false},"author":482,"featured_media":95898,"comment_status":"open","ping_status":"open","sticky":false,"template":"","format":"standard","meta":{"advanced_seo_description":"","jetpack_seo_html_title":"","jetpack_seo_noindex":false,"_jetpack_memberships_contains_paid_content":false,"footnotes":""},"categories":[97],"tags":[],"class_list":["post-95897","post","type-post","status-publish","format-standard","has-post-thumbnail","hentry","category-tribunales"],"jetpack_featured_media_url":"https:\/\/i0.wp.com\/eltrabajo.cl\/portal\/wp-content\/uploads\/2019\/12\/Ambar_Miguel-Andres-Espinoza-Aravena.jpg?fit=580%2C358&ssl=1","jetpack_sharing_enabled":true,"jetpack_likes_enabled":true,"jetpack-related-posts":[],"_links":{"self":[{"href":"https:\/\/eltrabajo.cl\/portal\/wp-json\/wp\/v2\/posts\/95897","targetHints":{"allow":["GET"]}}],"collection":[{"href":"https:\/\/eltrabajo.cl\/portal\/wp-json\/wp\/v2\/posts"}],"about":[{"href":"https:\/\/eltrabajo.cl\/portal\/wp-json\/wp\/v2\/types\/post"}],"author":[{"embeddable":true,"href":"https:\/\/eltrabajo.cl\/portal\/wp-json\/wp\/v2\/users\/482"}],"replies":[{"embeddable":true,"href":"https:\/\/eltrabajo.cl\/portal\/wp-json\/wp\/v2\/comments?post=95897"}],"version-history":[{"count":0,"href":"https:\/\/eltrabajo.cl\/portal\/wp-json\/wp\/v2\/posts\/95897\/revisions"}],"wp:featuredmedia":[{"embeddable":true,"href":"https:\/\/eltrabajo.cl\/portal\/wp-json\/wp\/v2\/media\/95898"}],"wp:attachment":[{"href":"https:\/\/eltrabajo.cl\/portal\/wp-json\/wp\/v2\/media?parent=95897"}],"wp:term":[{"taxonomy":"category","embeddable":true,"href":"https:\/\/eltrabajo.cl\/portal\/wp-json\/wp\/v2\/categories?post=95897"},{"taxonomy":"post_tag","embeddable":true,"href":"https:\/\/eltrabajo.cl\/portal\/wp-json\/wp\/v2\/tags?post=95897"}],"curies":[{"name":"wp","href":"https:\/\/api.w.org\/{rel}","templated":true}]}}