{"id":95901,"date":"2019-12-06T05:04:45","date_gmt":"2019-12-06T08:04:45","guid":{"rendered":"http:\/\/www.eltrabajo.cl\/portal\/?p=95901"},"modified":"2019-12-05T21:22:56","modified_gmt":"2019-12-06T00:22:56","slug":"funcionarios-municipales-a-honorarios-por-fin-reciben-justicia-laboral-en-san-felipe","status":"publish","type":"post","link":"https:\/\/eltrabajo.cl\/portal\/funcionarios-municipales-a-honorarios-por-fin-reciben-justicia-laboral-en-san-felipe\/","title":{"rendered":"Funcionarios municipales a Honorarios por fin reciben justicia laboral en San Felipe"},"content":{"rendered":"<p><span style=\"color: #ff0000;\"><strong>Hist\u00f3rico Convenio de Negociaci\u00f3n l\u00edder en la V Regi\u00f3n:<\/strong><\/span><\/p>\n<p>Convirti\u00e9ndose en un hito a nivel de toda la V Regi\u00f3n y tras casi un a\u00f1o de negociaciones entre el Municipio de San Felipe y el Sindicato de Trabajadores a Honorarios, se firm\u00f3 ayer jueves en el Sal\u00f3n de Honor el Convenio de Negociaci\u00f3n que permitir\u00e1 a partir del 1\u00ba de enero de 2020, dignificar las condiciones laborales de sus trabajadores a honorarios, o sea, a quienes trabajan a plazo m\u00ednimo de un a\u00f1o.<\/p>\n<p>As\u00ed lo dieron a conocer ayer jueves el alcalde <strong>Patricio Freire<\/strong> y representantes del sindicato: <em>\u00abParte de los acuerdos alcanzados son: los contratos tendr\u00e1n una duraci\u00f3n m\u00ednima de un a\u00f1o, vacaciones proporcionales, derecho a salacuna, permisos administrativos, permiso por fallecimiento de un familiar, opci\u00f3n a cursos de capacitaci\u00f3n, reducci\u00f3n de la jornada laboral a 40 horas y mejoras en los procesos de contrataci\u00f3n, entre otros beneficios. Creo que eso es important\u00edsimo, somos pioneros en la V Regi\u00f3n, en que los Honorarios hoy d\u00eda van a tener una obligaci\u00f3n de 40 horas semanales de trabajo, tambi\u00e9n tendr\u00e1n piso para negociar, las futuras negociaciones con el sindicato, tambi\u00e9n el Municipio reconocemos este sindicato, un seguro contra accidentes se est\u00e1 evaluando y otros derechos\u00bb,<\/em> coment\u00f3 Freire en rueda de prensa.<\/p>\n<p>&nbsp;<\/p>\n<p><span style=\"color: #ff0000;\"><strong>SINDICATO AVANZA<\/strong><\/span><\/p>\n<p>El anuncio fue aplaudido efusivamente por decenas de empleados a Honorarios, quienes asistieron para enterarse de primera mano. Tras este anuncio del alcalde, el presidente del Sindicato, <strong><em>Albert Lobos Poza<\/em><\/strong>, indic\u00f3 que <em>\u00abnosotros partimos como sindicato en 2018 haciendo algunas negociaciones con el alcalde, present\u00e1ndole principalmente nuestras diferencias laborales y contractuales que tenemos con los funcionarios, ya que nosotros como Honorarios \u00e9ramos los m\u00e1s precarizados, desde lo m\u00e1s b\u00e1sico como no tener derecho a vacaciones, no tener descanso pos laborales, entonces este proceso de negociaci\u00f3n parte en 2018 y hoy d\u00eda llegamos a este acuerdo que tiene que ver obviamente con la situaci\u00f3n del pa\u00eds, hemos logrado varios avances significativos como el tema de las 40 horas, creo que eso regulariza un poco a los Honorarios y genera mayor motivaci\u00f3n laboral<\/em>\u00bb, dijo Lobos.<\/p>\n<p><strong>Roberto Gonz\u00e1lez Short<\/strong><\/p>\n<p>&nbsp;<\/p>\n<figure id=\"attachment_95906\" aria-describedby=\"caption-attachment-95906\" style=\"width: 580px\" class=\"wp-caption alignnone\"><img data-recalc-dims=\"1\" loading=\"lazy\" decoding=\"async\" class=\"size-full wp-image-95906\" src=\"https:\/\/i0.wp.com\/www.eltrabajo.cl\/portal\/wp-content\/uploads\/2019\/12\/Honorarios1.jpg?resize=580%2C360\" alt=\"S\u00cd SE PUDO.- El alcalde Patricio Freire mostr\u00f3 orgulloso el documento con los puntos logrados gracias al di\u00e1logo, trabajo del administrador municipal, sindicalistas y jur\u00eddico tambi\u00e9n.\" width=\"580\" height=\"360\" srcset=\"https:\/\/i0.wp.com\/eltrabajo.cl\/portal\/wp-content\/uploads\/2019\/12\/Honorarios1.jpg?w=580&amp;ssl=1 580w, https:\/\/i0.wp.com\/eltrabajo.cl\/portal\/wp-content\/uploads\/2019\/12\/Honorarios1.jpg?resize=300%2C186&amp;ssl=1 300w, https:\/\/i0.wp.com\/eltrabajo.cl\/portal\/wp-content\/uploads\/2019\/12\/Honorarios1.jpg?resize=200%2C124&amp;ssl=1 200w, https:\/\/i0.wp.com\/eltrabajo.cl\/portal\/wp-content\/uploads\/2019\/12\/Honorarios1.jpg?resize=242%2C150&amp;ssl=1 242w, https:\/\/i0.wp.com\/eltrabajo.cl\/portal\/wp-content\/uploads\/2019\/12\/Honorarios1.jpg?resize=400%2C248&amp;ssl=1 400w\" sizes=\"auto, (max-width: 580px) 100vw, 580px\" \/><figcaption id=\"caption-attachment-95906\" class=\"wp-caption-text\">S\u00cd SE PUDO.- El alcalde Patricio Freire mostr\u00f3 orgulloso el documento con los puntos logrados gracias al di\u00e1logo, trabajo del administrador municipal, sindicalistas y jur\u00eddico tambi\u00e9n.<\/figcaption><\/figure>\n<p>&nbsp;<\/p>\n<figure id=\"attachment_95903\" aria-describedby=\"caption-attachment-95903\" style=\"width: 580px\" class=\"wp-caption alignnone\"><img data-recalc-dims=\"1\" loading=\"lazy\" decoding=\"async\" class=\"size-full wp-image-95903\" src=\"https:\/\/i0.wp.com\/www.eltrabajo.cl\/portal\/wp-content\/uploads\/2019\/12\/Honorarios4.jpg?resize=580%2C359\" alt=\"DIRECTIVA SINDICAL.- Albert Lobos presidente, Francisca Hidalgo secretaria, y Karen Ortiz como tesorera, ellos la llevan en este potente sindicato.\" width=\"580\" height=\"359\" srcset=\"https:\/\/i0.wp.com\/eltrabajo.cl\/portal\/wp-content\/uploads\/2019\/12\/Honorarios4.jpg?w=580&amp;ssl=1 580w, https:\/\/i0.wp.com\/eltrabajo.cl\/portal\/wp-content\/uploads\/2019\/12\/Honorarios4.jpg?resize=300%2C186&amp;ssl=1 300w, https:\/\/i0.wp.com\/eltrabajo.cl\/portal\/wp-content\/uploads\/2019\/12\/Honorarios4.jpg?resize=200%2C124&amp;ssl=1 200w, https:\/\/i0.wp.com\/eltrabajo.cl\/portal\/wp-content\/uploads\/2019\/12\/Honorarios4.jpg?resize=242%2C150&amp;ssl=1 242w, https:\/\/i0.wp.com\/eltrabajo.cl\/portal\/wp-content\/uploads\/2019\/12\/Honorarios4.jpg?resize=400%2C248&amp;ssl=1 400w\" sizes=\"auto, (max-width: 580px) 100vw, 580px\" \/><figcaption id=\"caption-attachment-95903\" class=\"wp-caption-text\">DIRECTIVA SINDICAL.- Albert Lobos presidente, Francisca Hidalgo secretaria, y Karen Ortiz como tesorera, ellos la llevan en este potente sindicato.<\/figcaption><\/figure>\n<p>&nbsp;<\/p>\n<figure id=\"attachment_95907\" aria-describedby=\"caption-attachment-95907\" style=\"width: 580px\" class=\"wp-caption alignnone\"><img data-recalc-dims=\"1\" loading=\"lazy\" decoding=\"async\" class=\"size-full wp-image-95907\" src=\"https:\/\/i0.wp.com\/www.eltrabajo.cl\/portal\/wp-content\/uploads\/2019\/12\/Honorarios2.jpg?resize=580%2C360\" alt=\"PIONEROS REGIONALES.- Con j\u00fabilo recibieron el anuncio decenas de empleados afiliados al Sindicato de Trabajadores a Honorarios de la Municipalidad de San Felipe.\" width=\"580\" height=\"360\" srcset=\"https:\/\/i0.wp.com\/eltrabajo.cl\/portal\/wp-content\/uploads\/2019\/12\/Honorarios2.jpg?w=580&amp;ssl=1 580w, https:\/\/i0.wp.com\/eltrabajo.cl\/portal\/wp-content\/uploads\/2019\/12\/Honorarios2.jpg?resize=300%2C186&amp;ssl=1 300w, https:\/\/i0.wp.com\/eltrabajo.cl\/portal\/wp-content\/uploads\/2019\/12\/Honorarios2.jpg?resize=200%2C124&amp;ssl=1 200w, https:\/\/i0.wp.com\/eltrabajo.cl\/portal\/wp-content\/uploads\/2019\/12\/Honorarios2.jpg?resize=242%2C150&amp;ssl=1 242w, https:\/\/i0.wp.com\/eltrabajo.cl\/portal\/wp-content\/uploads\/2019\/12\/Honorarios2.jpg?resize=400%2C248&amp;ssl=1 400w\" sizes=\"auto, (max-width: 580px) 100vw, 580px\" \/><figcaption id=\"caption-attachment-95907\" class=\"wp-caption-text\">PIONEROS REGIONALES.- Con j\u00fabilo recibieron el anuncio decenas de empleados afiliados al Sindicato de Trabajadores a Honorarios de la Municipalidad de San Felipe.<\/figcaption><\/figure>\n<p>&nbsp;<\/p>\n<figure id=\"attachment_95902\" aria-describedby=\"caption-attachment-95902\" style=\"width: 580px\" class=\"wp-caption alignnone\"><img data-recalc-dims=\"1\" loading=\"lazy\" decoding=\"async\" class=\"size-full wp-image-95902\" src=\"https:\/\/i0.wp.com\/www.eltrabajo.cl\/portal\/wp-content\/uploads\/2019\/12\/Honorarios3.jpg?resize=580%2C360\" alt=\"IGUALDAD LABORAL.- Muchas han sido las marchas en las que estos empleados a Honorarios han participado en nuestra comuna.\" width=\"580\" height=\"360\" srcset=\"https:\/\/i0.wp.com\/eltrabajo.cl\/portal\/wp-content\/uploads\/2019\/12\/Honorarios3.jpg?w=580&amp;ssl=1 580w, https:\/\/i0.wp.com\/eltrabajo.cl\/portal\/wp-content\/uploads\/2019\/12\/Honorarios3.jpg?resize=300%2C186&amp;ssl=1 300w, https:\/\/i0.wp.com\/eltrabajo.cl\/portal\/wp-content\/uploads\/2019\/12\/Honorarios3.jpg?resize=200%2C124&amp;ssl=1 200w, https:\/\/i0.wp.com\/eltrabajo.cl\/portal\/wp-content\/uploads\/2019\/12\/Honorarios3.jpg?resize=242%2C150&amp;ssl=1 242w, https:\/\/i0.wp.com\/eltrabajo.cl\/portal\/wp-content\/uploads\/2019\/12\/Honorarios3.jpg?resize=400%2C248&amp;ssl=1 400w\" sizes=\"auto, (max-width: 580px) 100vw, 580px\" \/><figcaption id=\"caption-attachment-95902\" class=\"wp-caption-text\">IGUALDAD LABORAL.- Muchas han sido las marchas en las que estos empleados a Honorarios han participado en nuestra comuna.<\/figcaption><\/figure>\n<p>&nbsp;<\/p>\n<figure id=\"attachment_95904\" aria-describedby=\"caption-attachment-95904\" style=\"width: 579px\" class=\"wp-caption alignnone\"><img data-recalc-dims=\"1\" loading=\"lazy\" decoding=\"async\" class=\"size-full wp-image-95904\" src=\"https:\/\/i0.wp.com\/www.eltrabajo.cl\/portal\/wp-content\/uploads\/2019\/12\/Honorarios_Albert-Lobos.jpg?resize=579%2C634\" alt=\"Presidente del Sindicato, Albert Lobos Poza.\" width=\"579\" height=\"634\" srcset=\"https:\/\/i0.wp.com\/eltrabajo.cl\/portal\/wp-content\/uploads\/2019\/12\/Honorarios_Albert-Lobos.jpg?w=579&amp;ssl=1 579w, https:\/\/i0.wp.com\/eltrabajo.cl\/portal\/wp-content\/uploads\/2019\/12\/Honorarios_Albert-Lobos.jpg?resize=274%2C300&amp;ssl=1 274w, https:\/\/i0.wp.com\/eltrabajo.cl\/portal\/wp-content\/uploads\/2019\/12\/Honorarios_Albert-Lobos.jpg?resize=137%2C150&amp;ssl=1 137w, https:\/\/i0.wp.com\/eltrabajo.cl\/portal\/wp-content\/uploads\/2019\/12\/Honorarios_Albert-Lobos.jpg?resize=400%2C438&amp;ssl=1 400w\" sizes=\"auto, (max-width: 579px) 100vw, 579px\" \/><figcaption id=\"caption-attachment-95904\" class=\"wp-caption-text\">Presidente del Sindicato, Albert Lobos Poza.<\/figcaption><\/figure>\n<p>&nbsp;<\/p>\n<figure id=\"attachment_95905\" aria-describedby=\"caption-attachment-95905\" style=\"width: 579px\" class=\"wp-caption alignnone\"><img data-recalc-dims=\"1\" loading=\"lazy\" decoding=\"async\" class=\"size-full wp-image-95905\" src=\"https:\/\/i0.wp.com\/www.eltrabajo.cl\/portal\/wp-content\/uploads\/2019\/12\/Honorarios_Patricio-Freire.jpg?resize=579%2C773\" alt=\"Patricio Freire Canto, alcalde de San Felipe.\" width=\"579\" height=\"773\" srcset=\"https:\/\/i0.wp.com\/eltrabajo.cl\/portal\/wp-content\/uploads\/2019\/12\/Honorarios_Patricio-Freire.jpg?w=579&amp;ssl=1 579w, https:\/\/i0.wp.com\/eltrabajo.cl\/portal\/wp-content\/uploads\/2019\/12\/Honorarios_Patricio-Freire.jpg?resize=225%2C300&amp;ssl=1 225w, https:\/\/i0.wp.com\/eltrabajo.cl\/portal\/wp-content\/uploads\/2019\/12\/Honorarios_Patricio-Freire.jpg?resize=112%2C150&amp;ssl=1 112w, https:\/\/i0.wp.com\/eltrabajo.cl\/portal\/wp-content\/uploads\/2019\/12\/Honorarios_Patricio-Freire.jpg?resize=400%2C534&amp;ssl=1 400w\" sizes=\"auto, (max-width: 579px) 100vw, 579px\" \/><figcaption id=\"caption-attachment-95905\" class=\"wp-caption-text\">Patricio Freire Canto, alcalde de San Felipe.<\/figcaption><\/figure>\n","protected":false},"excerpt":{"rendered":"<p>Hist\u00f3rico Convenio de Negociaci\u00f3n l\u00edder en la V Regi\u00f3n: Convirti\u00e9ndose en un hito a nivel de toda la V Regi\u00f3n y tras casi un a\u00f1o de negociaciones entre el Municipio de San&#8230;<\/p>\n","protected":false},"author":482,"featured_media":95906,"comment_status":"open","ping_status":"open","sticky":false,"template":"","format":"standard","meta":{"advanced_seo_description":"","jetpack_seo_html_title":"","jetpack_seo_noindex":false,"_jetpack_memberships_contains_paid_content":false,"footnotes":""},"categories":[15],"tags":[],"class_list":["post-95901","post","type-post","status-publish","format-standard","has-post-thumbnail","hentry","category-comunidad"],"jetpack_featured_media_url":"https:\/\/i0.wp.com\/eltrabajo.cl\/portal\/wp-content\/uploads\/2019\/12\/Honorarios1.jpg?fit=580%2C360&ssl=1","jetpack_sharing_enabled":true,"jetpack_likes_enabled":true,"jetpack-related-posts":[],"_links":{"self":[{"href":"https:\/\/eltrabajo.cl\/portal\/wp-json\/wp\/v2\/posts\/95901","targetHints":{"allow":["GET"]}}],"collection":[{"href":"https:\/\/eltrabajo.cl\/portal\/wp-json\/wp\/v2\/posts"}],"about":[{"href":"https:\/\/eltrabajo.cl\/portal\/wp-json\/wp\/v2\/types\/post"}],"author":[{"embeddable":true,"href":"https:\/\/eltrabajo.cl\/portal\/wp-json\/wp\/v2\/users\/482"}],"replies":[{"embeddable":true,"href":"https:\/\/eltrabajo.cl\/portal\/wp-json\/wp\/v2\/comments?post=95901"}],"version-history":[{"count":0,"href":"https:\/\/eltrabajo.cl\/portal\/wp-json\/wp\/v2\/posts\/95901\/revisions"}],"wp:featuredmedia":[{"embeddable":true,"href":"https:\/\/eltrabajo.cl\/portal\/wp-json\/wp\/v2\/media\/95906"}],"wp:attachment":[{"href":"https:\/\/eltrabajo.cl\/portal\/wp-json\/wp\/v2\/media?parent=95901"}],"wp:term":[{"taxonomy":"category","embeddable":true,"href":"https:\/\/eltrabajo.cl\/portal\/wp-json\/wp\/v2\/categories?post=95901"},{"taxonomy":"post_tag","embeddable":true,"href":"https:\/\/eltrabajo.cl\/portal\/wp-json\/wp\/v2\/tags?post=95901"}],"curies":[{"name":"wp","href":"https:\/\/api.w.org\/{rel}","templated":true}]}}