{"id":95909,"date":"2019-12-06T05:05:01","date_gmt":"2019-12-06T08:05:01","guid":{"rendered":"http:\/\/www.eltrabajo.cl\/portal\/?p=95909"},"modified":"2019-12-05T21:26:34","modified_gmt":"2019-12-06T00:26:34","slug":"ciclista-grave-al-ser-impactado-por-automovilista-que-se-fugo-sin-auxiliarlo","status":"publish","type":"post","link":"https:\/\/eltrabajo.cl\/portal\/ciclista-grave-al-ser-impactado-por-automovilista-que-se-fugo-sin-auxiliarlo\/","title":{"rendered":"Ciclista grave al ser impactado por automovilista que se fug\u00f3 sin auxiliarlo"},"content":{"rendered":"<p><span style=\"color: #ff0000;\"><strong>Accidente ocurri\u00f3 de madrugada en ruta E-71<\/strong><\/span><\/p>\n<ul>\n<li><strong>En horas de la tarde ayer, el conductor del veh\u00edculo se entreg\u00f3 voluntariamente ante Carabineros de San Felipe.\u00a0 En tanto la v\u00edctima, de nacionalidad argentina, permanece grave aunque sin riesgo vital en el Hospital San Juan de Dios de Los Andes.<\/strong><\/li>\n<\/ul>\n<p>Con lesiones y fracturas de car\u00e1cter grave result\u00f3 un ciclista de nacionalidad argentina, de 24 a\u00f1os de edad, identificado como <strong>Juan Manuel Venturino<\/strong>, luego de ser embestido por un automovilista que tras protagonizar el accidente de tr\u00e1nsito, se fug\u00f3 sin prestar auxilio a la v\u00edctima, la que qued\u00f3 semi inconsciente en la ruta E-71 que una las comunas de Putaendo y San Felipe.<\/p>\n<p>El accidente ocurri\u00f3 alrededor de la 01:00 horas de la madrugada de ayer jueves, siendo advertido por testigos, quienes requirieron la presencia de la ambulancia del SAMU y personal de Carabineros.<\/p>\n<p>El teniente <strong>Marcelo Gonz\u00e1lez<\/strong> inform\u00f3 a <strong>Diario El Trabajo<\/strong> que la v\u00edctima se encuentra de paso por nuestro pa\u00eds, debido a que participaba de una competencia cicl\u00edstica, salvando gracias al uso de su casco; no obstante, pese a sufrir serias lesiones y fracturas, se encontrar\u00eda fuera de riesgo vital.<\/p>\n<p>\u201c<em>Al concurrir al lugar se observa una bicicleta con da\u00f1os y a pocos metros una persona con equipo de ciclista tendida en la calle, semi inconsciente. A los pocos minutos concurri\u00f3 el SAMU, le dio los primeros auxilios traslad\u00e1ndolo r\u00e1pidamente hasta el Hospital San Camilo de San Felipe. Carabineros permaneci\u00f3 en el lugar en b\u00fasqueda de testigos y recabando m\u00e1s antecedentes porque el segundo veh\u00edculo se dio a la fuga.\u00a0 Se acercaron unos vecinos del sector indicando que no vieron nada, pero escucharon el sonido de un veh\u00edculo que fren\u00f3 muy fuerte y cuando salieron a ver se percataron del ciclista, pero no hab\u00eda ning\u00fan veh\u00edculo\u201d.<\/em><\/p>\n<p>El oficial policial se\u00f1al\u00f3 que la v\u00edctima de 24 a\u00f1os de edad, fue derivada desde San Felipe hasta la Unidad de Traumatolog\u00eda del Hospital San Juan de Dios de Los Andes para su recuperaci\u00f3n.<\/p>\n<p>&nbsp;<\/p>\n<p><span style=\"color: #ff0000;\"><strong>CONDUCTOR SE ENTREGA<\/strong><\/span><\/p>\n<p>Cabe destacar que alrededor de las 13:00 horas de ayer jueves, el automovilista involucrado en estos hechos concurri\u00f3 voluntariamente a la guardia de la Segunda Comisar\u00eda de San Felipe para asumir su responsabilidad en el accidente, manifestando haber conducido su autom\u00f3vil que origin\u00f3 la colisi\u00f3n con el ciclista que result\u00f3 gravemente herido.<\/p>\n<p>Fue as\u00ed que la Secci\u00f3n de Investigaci\u00f3n Policial de Carabineros efectu\u00f3 un peritaje al veh\u00edculo del imputado, de iniciales <strong>W.M.C.P.<\/strong>, de 28 a\u00f1os de edad, con domicilio en San Felipe, quien posteriormente, por instrucci\u00f3n de la Fiscal\u00eda, qued\u00f3 en libertad a la espera de ser citado ante el Ministerio P\u00fablico.<\/p>\n<p><strong>Pablo Salinas Sald\u00edas<\/strong><\/p>\n<p><strong>\u00a0<\/strong><\/p>\n<figure id=\"attachment_95911\" aria-describedby=\"caption-attachment-95911\" style=\"width: 579px\" class=\"wp-caption alignnone\"><img data-recalc-dims=\"1\" loading=\"lazy\" decoding=\"async\" class=\"size-full wp-image-95911\" src=\"https:\/\/i0.wp.com\/www.eltrabajo.cl\/portal\/wp-content\/uploads\/2019\/12\/accidente-ciclista-1.jpg?resize=579%2C513\" alt=\"Personal del SAMU asiste al ciclista de 24 a\u00f1os de edad, de nacionalidad argentina, quien result\u00f3 con serias lesiones, aunque sin riesgo vital.\" width=\"579\" height=\"513\" srcset=\"https:\/\/i0.wp.com\/eltrabajo.cl\/portal\/wp-content\/uploads\/2019\/12\/accidente-ciclista-1.jpg?w=579&amp;ssl=1 579w, https:\/\/i0.wp.com\/eltrabajo.cl\/portal\/wp-content\/uploads\/2019\/12\/accidente-ciclista-1.jpg?resize=300%2C266&amp;ssl=1 300w, https:\/\/i0.wp.com\/eltrabajo.cl\/portal\/wp-content\/uploads\/2019\/12\/accidente-ciclista-1.jpg?resize=169%2C150&amp;ssl=1 169w, https:\/\/i0.wp.com\/eltrabajo.cl\/portal\/wp-content\/uploads\/2019\/12\/accidente-ciclista-1.jpg?resize=400%2C354&amp;ssl=1 400w\" sizes=\"auto, (max-width: 579px) 100vw, 579px\" \/><figcaption id=\"caption-attachment-95911\" class=\"wp-caption-text\">Personal del SAMU asiste al ciclista de 24 a\u00f1os de edad, de nacionalidad argentina, quien result\u00f3 con serias lesiones, aunque sin riesgo vital.<\/figcaption><\/figure>\n<p>&nbsp;<\/p>\n<figure id=\"attachment_95912\" aria-describedby=\"caption-attachment-95912\" style=\"width: 580px\" class=\"wp-caption alignnone\"><img data-recalc-dims=\"1\" loading=\"lazy\" decoding=\"async\" class=\"size-full wp-image-95912\" src=\"https:\/\/i0.wp.com\/www.eltrabajo.cl\/portal\/wp-content\/uploads\/2019\/12\/accidente-ciclista-2.jpg?resize=580%2C359\" alt=\"Al llegar al lugar Carabineros encontr\u00f3 la bicicleta con serios da\u00f1os y a pocos metros a la persona con equipo de ciclista tendida en la calle, semi inconsciente.\" width=\"580\" height=\"359\" srcset=\"https:\/\/i0.wp.com\/eltrabajo.cl\/portal\/wp-content\/uploads\/2019\/12\/accidente-ciclista-2.jpg?w=580&amp;ssl=1 580w, https:\/\/i0.wp.com\/eltrabajo.cl\/portal\/wp-content\/uploads\/2019\/12\/accidente-ciclista-2.jpg?resize=300%2C186&amp;ssl=1 300w, https:\/\/i0.wp.com\/eltrabajo.cl\/portal\/wp-content\/uploads\/2019\/12\/accidente-ciclista-2.jpg?resize=200%2C124&amp;ssl=1 200w, https:\/\/i0.wp.com\/eltrabajo.cl\/portal\/wp-content\/uploads\/2019\/12\/accidente-ciclista-2.jpg?resize=242%2C150&amp;ssl=1 242w, https:\/\/i0.wp.com\/eltrabajo.cl\/portal\/wp-content\/uploads\/2019\/12\/accidente-ciclista-2.jpg?resize=400%2C248&amp;ssl=1 400w\" sizes=\"auto, (max-width: 580px) 100vw, 580px\" \/><figcaption id=\"caption-attachment-95912\" class=\"wp-caption-text\">Al llegar al lugar Carabineros encontr\u00f3 la bicicleta con serios da\u00f1os y a pocos metros a la persona con equipo de ciclista tendida en la calle, semi inconsciente.<\/figcaption><\/figure>\n","protected":false},"excerpt":{"rendered":"<p>Accidente ocurri\u00f3 de madrugada en ruta E-71 En horas de la tarde ayer, el conductor del veh\u00edculo se entreg\u00f3 voluntariamente ante Carabineros de San Felipe.\u00a0 En tanto la v\u00edctima, de nacionalidad argentina,&#8230;<\/p>\n","protected":false},"author":482,"featured_media":95910,"comment_status":"open","ping_status":"open","sticky":false,"template":"","format":"standard","meta":{"advanced_seo_description":"","jetpack_seo_html_title":"","jetpack_seo_noindex":false,"_jetpack_memberships_contains_paid_content":false,"footnotes":""},"categories":[21],"tags":[],"class_list":["post-95909","post","type-post","status-publish","format-standard","has-post-thumbnail","hentry","category-policial"],"jetpack_featured_media_url":"https:\/\/i0.wp.com\/eltrabajo.cl\/portal\/wp-content\/uploads\/2019\/12\/accidente-ciclista-1-copia.jpg?fit=580%2C358&ssl=1","jetpack_sharing_enabled":true,"jetpack_likes_enabled":true,"jetpack-related-posts":[],"_links":{"self":[{"href":"https:\/\/eltrabajo.cl\/portal\/wp-json\/wp\/v2\/posts\/95909","targetHints":{"allow":["GET"]}}],"collection":[{"href":"https:\/\/eltrabajo.cl\/portal\/wp-json\/wp\/v2\/posts"}],"about":[{"href":"https:\/\/eltrabajo.cl\/portal\/wp-json\/wp\/v2\/types\/post"}],"author":[{"embeddable":true,"href":"https:\/\/eltrabajo.cl\/portal\/wp-json\/wp\/v2\/users\/482"}],"replies":[{"embeddable":true,"href":"https:\/\/eltrabajo.cl\/portal\/wp-json\/wp\/v2\/comments?post=95909"}],"version-history":[{"count":0,"href":"https:\/\/eltrabajo.cl\/portal\/wp-json\/wp\/v2\/posts\/95909\/revisions"}],"wp:featuredmedia":[{"embeddable":true,"href":"https:\/\/eltrabajo.cl\/portal\/wp-json\/wp\/v2\/media\/95910"}],"wp:attachment":[{"href":"https:\/\/eltrabajo.cl\/portal\/wp-json\/wp\/v2\/media?parent=95909"}],"wp:term":[{"taxonomy":"category","embeddable":true,"href":"https:\/\/eltrabajo.cl\/portal\/wp-json\/wp\/v2\/categories?post=95909"},{"taxonomy":"post_tag","embeddable":true,"href":"https:\/\/eltrabajo.cl\/portal\/wp-json\/wp\/v2\/tags?post=95909"}],"curies":[{"name":"wp","href":"https:\/\/api.w.org\/{rel}","templated":true}]}}