{"id":95914,"date":"2019-12-06T05:06:48","date_gmt":"2019-12-06T08:06:48","guid":{"rendered":"http:\/\/www.eltrabajo.cl\/portal\/?p=95914"},"modified":"2019-12-05T21:28:52","modified_gmt":"2019-12-06T00:28:52","slug":"sindicato-conductores-independientes-de-locomocion-colectiva-piden-volver-al-centro","status":"publish","type":"post","link":"https:\/\/eltrabajo.cl\/portal\/sindicato-conductores-independientes-de-locomocion-colectiva-piden-volver-al-centro\/","title":{"rendered":"Sindicato conductores independientes de locomoci\u00f3n colectiva piden volver al centro"},"content":{"rendered":"<p><span style=\"color: #ff0000;\"><strong>Al menos durante este mes de navidad:<\/strong><\/span><\/p>\n<p>El sindicato independiente de taxis colectivos, que preside <strong>Juan Torrej\u00f3n<\/strong>, como una forma de ayudar a la reactivaci\u00f3n econ\u00f3mica de los comerciantes de San Felipe, est\u00e1 formulando una petici\u00f3n a la autoridad local. Esta consiste en que por el mes de diciembre puedan retomar el recorrido tradicional que hab\u00eda antes de aplicar el plan maestro de gesti\u00f3n de tr\u00e1nsito. Lo anterior, insiste, como una forma de ayudar al comercio local y especialmente ayudar a los usuarios.<\/p>\n<p>\u201c<em>S\u00ed, hay que tomar en cuenta tambi\u00e9n lo que se plante\u00f3 el otro d\u00eda, que fue hacer una venta nocturna, verdad, en donde se unieron varios, y se pens\u00f3 que era un buen plan, pero lamentablemente esto no result\u00f3 por la sencilla raz\u00f3n de las continuas amenazas que hubo en contra del comercio, de que si abr\u00edan, dejaban sus locales hasta cierta hora, iban a ser saqueados, y lamentablemente no se pudo hacer. Yo pienso que la mejor idea es, ya que se iba a hacer un decreto para que la locomoci\u00f3n colectiva pasara por el centro,\u00a0 por todas las calles para darle un mejor servicio al cliente, que eso es lo que necesita San Felipe, por lo menos en estos momentos si queremos ayudar a todo el comercio, grande o chico, yo creo que es una forma que ser\u00eda autorizar por lo menos en este mes de diciembre que se mueve m\u00e1s, el movimiento de comprar cosas de regalos, es que la locomoci\u00f3n colectiva pasara toda por el centro, sin impedimento. Esa ser\u00eda una forma de nosotros poder llevar al cliente donde va a comprar, o sea t\u00fa lo vas a dejar pr\u00e1cticamente en las puertas de los negocios. Si se pod\u00eda hacer un decreto por un par de d\u00edas, yo creo que con la buena voluntad del se\u00f1or Orellana, el alcalde y tal vez el Seremi, nosotros podr\u00edamos lograr esto y entusiasmar y re encantar de nuevo al comercio en San Felipe y poder lograr una tranquilidad que todos queremos\u201d,<\/em> dice Torrej\u00f3n.<\/p>\n<p>&#8211; <strong>\u00bfC\u00f3mo ser\u00eda en la pr\u00e1ctica, pasar por las calles antiguas, retirar a los pasajeros con sus regalos?<\/strong><\/p>\n<p>&#8211; Tal como lo dices t\u00fa, pasar por las calles antiguas, lo que es Salinas, Coimas, Merced, bajar por Prat, ya que si hablamos de un plan maestro, y t\u00fa te fijas, andas conmigo por la calle, todas las calles segregadas que eran para locomoci\u00f3n colectiva, est\u00e1n llenas para estacionamientos, est\u00e1n todas copadas. En este momento San Felipe es tierra de nadie, no solamente San Felipe, sino que todas las partes de Chile, en donde ya nadie fiscaliza nada, no salen los inspectores municipales; Carabineros ya est\u00e1 saliendo a las calles, pero no pasan, hacen caso omiso, est\u00e1 pintado de amarillo, eso significa que no te puedes estacionar, pero est\u00e1n todos los veh\u00edculos estacionados. Si me dicen a m\u00ed que vamos a destruir el plan maestro porque nosotros vamos a pasar por el centro, \u00bfqu\u00e9 plan maestro?, el plan maestro se destruy\u00f3 hace ratito, se destruy\u00f3 hace rato. Ya no hay ley ac\u00e1, en ninguna zona, entonces deber\u00edamos pasar nosotros, por el bien de la clientela, por el bien del comercio, para nosotros poder estar tranquilos y que nadie nos vaya a fiscalizar y querer sacarnos un parte por tratar de darle un buen servicio a nuestros usuarios.<\/p>\n<p>&#8211; <strong>\u00bfEn ese sentido ustedes piensan reunirse antes de navidad o hacerlo p\u00fablico esta inquietud nada m\u00e1s?<\/strong><\/p>\n<p>&#8211; Lamentablemente yo hablo por todos nosotros que estamos en el sindicato de conductores profesionales independientes, y que somos uno, despu\u00e9s viene el gremio y despu\u00e9s la federaci\u00f3n. Ojala que en alg\u00fan momento pudi\u00e9ramos llegar todos a un buen contexto y luchar todos por la misma causa, y eso ser\u00eda espectacular, ser\u00eda bonito no solamente por el bien de algunos, si aqu\u00ed estamos viendo el bien de todos los muchachos que hemos resistido trabajar as\u00ed como trabajamos. T\u00fa lo ves ahora, taco aqu\u00ed, taco all\u00e1, cuesta mucho pasar y las calles que est\u00e1bamos pasando por ambos lados, solo se puede pasar por un solo lado, entonces eso es lo que nos tiene un poco \u2018bajoneados\u2019 porque no podemos hacer nada, y lamentablemente la ley est\u00e1 as\u00ed, y si Carabineros no puede hacer nada, los municipales no pueden hacer nada, menos lo podemos hacer nosotros de decirle a alguien que no puede estacionar ah\u00ed.<\/p>\n<p>El sindicato de conductores independientes de locomoci\u00f3n colectiva cuenta en el listado con m\u00e1s de cien socios.<\/p>\n<p>&nbsp;<\/p>\n<figure id=\"attachment_95915\" aria-describedby=\"caption-attachment-95915\" style=\"width: 580px\" class=\"wp-caption alignnone\"><img data-recalc-dims=\"1\" loading=\"lazy\" decoding=\"async\" class=\"size-full wp-image-95915\" src=\"https:\/\/i0.wp.com\/www.eltrabajo.cl\/portal\/wp-content\/uploads\/2019\/12\/Juan-Torrejon.jpg?resize=580%2C360\" alt=\"Juan Torrej\u00f3n, presidente de los conductores independientes de la locomoci\u00f3n colectiva. \" width=\"580\" height=\"360\" srcset=\"https:\/\/i0.wp.com\/eltrabajo.cl\/portal\/wp-content\/uploads\/2019\/12\/Juan-Torrejon.jpg?w=580&amp;ssl=1 580w, https:\/\/i0.wp.com\/eltrabajo.cl\/portal\/wp-content\/uploads\/2019\/12\/Juan-Torrejon.jpg?resize=300%2C186&amp;ssl=1 300w, https:\/\/i0.wp.com\/eltrabajo.cl\/portal\/wp-content\/uploads\/2019\/12\/Juan-Torrejon.jpg?resize=200%2C124&amp;ssl=1 200w, https:\/\/i0.wp.com\/eltrabajo.cl\/portal\/wp-content\/uploads\/2019\/12\/Juan-Torrejon.jpg?resize=242%2C150&amp;ssl=1 242w, https:\/\/i0.wp.com\/eltrabajo.cl\/portal\/wp-content\/uploads\/2019\/12\/Juan-Torrejon.jpg?resize=400%2C248&amp;ssl=1 400w\" sizes=\"auto, (max-width: 580px) 100vw, 580px\" \/><figcaption id=\"caption-attachment-95915\" class=\"wp-caption-text\">Juan Torrej\u00f3n, presidente de los conductores independientes de la locomoci\u00f3n colectiva.<\/figcaption><\/figure>\n","protected":false},"excerpt":{"rendered":"<p>Al menos durante este mes de navidad: El sindicato independiente de taxis colectivos, que preside Juan Torrej\u00f3n, como una forma de ayudar a la reactivaci\u00f3n econ\u00f3mica de los comerciantes de San Felipe,&#8230;<\/p>\n","protected":false},"author":482,"featured_media":95915,"comment_status":"open","ping_status":"open","sticky":false,"template":"","format":"standard","meta":{"advanced_seo_description":"","jetpack_seo_html_title":"","jetpack_seo_noindex":false,"_jetpack_memberships_contains_paid_content":false,"footnotes":""},"categories":[15],"tags":[],"class_list":["post-95914","post","type-post","status-publish","format-standard","has-post-thumbnail","hentry","category-comunidad"],"jetpack_featured_media_url":"https:\/\/i0.wp.com\/eltrabajo.cl\/portal\/wp-content\/uploads\/2019\/12\/Juan-Torrejon.jpg?fit=580%2C360&ssl=1","jetpack_sharing_enabled":true,"jetpack_likes_enabled":true,"jetpack-related-posts":[],"_links":{"self":[{"href":"https:\/\/eltrabajo.cl\/portal\/wp-json\/wp\/v2\/posts\/95914","targetHints":{"allow":["GET"]}}],"collection":[{"href":"https:\/\/eltrabajo.cl\/portal\/wp-json\/wp\/v2\/posts"}],"about":[{"href":"https:\/\/eltrabajo.cl\/portal\/wp-json\/wp\/v2\/types\/post"}],"author":[{"embeddable":true,"href":"https:\/\/eltrabajo.cl\/portal\/wp-json\/wp\/v2\/users\/482"}],"replies":[{"embeddable":true,"href":"https:\/\/eltrabajo.cl\/portal\/wp-json\/wp\/v2\/comments?post=95914"}],"version-history":[{"count":0,"href":"https:\/\/eltrabajo.cl\/portal\/wp-json\/wp\/v2\/posts\/95914\/revisions"}],"wp:featuredmedia":[{"embeddable":true,"href":"https:\/\/eltrabajo.cl\/portal\/wp-json\/wp\/v2\/media\/95915"}],"wp:attachment":[{"href":"https:\/\/eltrabajo.cl\/portal\/wp-json\/wp\/v2\/media?parent=95914"}],"wp:term":[{"taxonomy":"category","embeddable":true,"href":"https:\/\/eltrabajo.cl\/portal\/wp-json\/wp\/v2\/categories?post=95914"},{"taxonomy":"post_tag","embeddable":true,"href":"https:\/\/eltrabajo.cl\/portal\/wp-json\/wp\/v2\/tags?post=95914"}],"curies":[{"name":"wp","href":"https:\/\/api.w.org\/{rel}","templated":true}]}}