{"id":95917,"date":"2019-12-06T05:07:58","date_gmt":"2019-12-06T08:07:58","guid":{"rendered":"http:\/\/www.eltrabajo.cl\/portal\/?p=95917"},"modified":"2019-12-05T21:31:40","modified_gmt":"2019-12-06T00:31:40","slug":"colision-multiple-de-cuatro-vehiculos-causa-expectacion-en-avenida-chacabuco","status":"publish","type":"post","link":"https:\/\/eltrabajo.cl\/portal\/colision-multiple-de-cuatro-vehiculos-causa-expectacion-en-avenida-chacabuco\/","title":{"rendered":"Colisi\u00f3n m\u00faltiple de cuatro veh\u00edculos causa expectaci\u00f3n en Avenida Chacabuco"},"content":{"rendered":"<ul>\n<li><strong>Presencia de beb\u00e9 de 8 meses de edad que viajaba en uno de los m\u00f3viles involucrados, despert\u00f3 la preocupaci\u00f3n de numerosas personas que presenciaron el accidente.<\/strong><\/li>\n<\/ul>\n<p><strong>\u00a0<\/strong>Una colisi\u00f3n m\u00faltiple se registr\u00f3 ayer en la ma\u00f1ana en el costado norte de la Avenida Chacabuco, pasado calle Navarro, en la cual participaron cuatro veh\u00edculos, entre ellos un bus de la empresa JM que trasporta personal. El accidente gener\u00f3 preocupaci\u00f3n porque en uno de los veh\u00edculos se desplazaba una beb\u00e9 de ocho meses de edad.<\/p>\n<p>Uno de los conductores del accidente, <strong>Tom\u00e1s Condell<\/strong>, dijo a nuestro medio lo siguiente: \u201cNosotros est\u00e1bamos esperando con un conductor que me anteced\u00eda, que una se\u00f1ora se estacionara al costado derecho, y otra persona, una mujer, par\u00f3 detr\u00e1s de m\u00ed. Y mientras est\u00e1bamos haciendo la espera vino un bus que no s\u00e9 por qu\u00e9 no se percat\u00f3 de que est\u00e1bamos los tres veh\u00edculos esperando, e impact\u00f3 al veh\u00edculo que estaba detr\u00e1s de m\u00ed; el veh\u00edculo que estaba detr\u00e1s me golpe\u00f3 a m\u00ed y yo al que estaba delante\u201d, dijo.<\/p>\n<p>&#8211; <strong>Como efecto domin\u00f3.<\/strong><\/p>\n<p>&#8211; Exactamente.<\/p>\n<p>&#8211; <strong>\u00bfAlguna lesi\u00f3n, iba solo o acompa\u00f1ado?<\/strong><\/p>\n<p>&#8211; Yo iba solo, pero la se\u00f1ora que iba detr\u00e1s de m\u00ed iba con tres ocupantes, uno de ellos era beb\u00e9 y parece que no le pas\u00f3 nada, pero igual se fueron al hospital.<\/p>\n<p>&#8211; <strong>\u00bfDa\u00f1os en su camioneta?<\/strong><\/p>\n<p>&#8211; S\u00ed, en el parachoques trasero y el delantero resultaron afectados.<\/p>\n<p>El conductor del bus indicaba a unas personas que esperaba poder revisar la c\u00e1mara de seguridad.<\/p>\n<p>Al lugar concurri\u00f3 personal de Carabineros, Bomberos y SAMU. Estos \u00faltimos trasladaron a dos adultos al Hospital por lo que pudimos apreciar. De todas maneras iban conscientes, sin heridas de gravedad. Lo mismo que la beb\u00e9 de ocho meses, familiar de la destacada psiquiatra <strong>Iris Boissier<\/strong> que lleg\u00f3 al lugar y estaba muy preocupada por la situaci\u00f3n.<\/p>\n<p>Cabe destacar que la beb\u00e9 iba sentada en una silla reglamentaria en la parte posterior como corresponde, lo que sin duda evit\u00f3 que sufriera alguna lesi\u00f3n.<\/p>\n<p>El tr\u00e1nsito debi\u00f3 ser suspendido por largo rato, hasta que finalmente los veh\u00edculos fueron retirados del lugar y el tr\u00e1nsito volvi\u00f3 a la normalidad.<\/p>\n<p>El autom\u00f3vil color blanco, donde iban cuatro ocupantes incluyendo a la conductora, fue el que result\u00f3 con da\u00f1os de consideraci\u00f3n al quedar entre medio de una camioneta y el bus.<\/p>\n<p>Carabineros adopt\u00f3 el procedimiento de rigor.<\/p>\n<p>&nbsp;<\/p>\n<figure id=\"attachment_95918\" aria-describedby=\"caption-attachment-95918\" style=\"width: 580px\" class=\"wp-caption alignnone\"><img data-recalc-dims=\"1\" loading=\"lazy\" decoding=\"async\" class=\"size-full wp-image-95918\" src=\"https:\/\/i0.wp.com\/www.eltrabajo.cl\/portal\/wp-content\/uploads\/2019\/12\/choque-Auto-2.jpg?resize=580%2C359\" alt=\"En la imagen se aprecian tres de los cuatro veh\u00edculos que participaron en el accidente.\" width=\"580\" height=\"359\" srcset=\"https:\/\/i0.wp.com\/eltrabajo.cl\/portal\/wp-content\/uploads\/2019\/12\/choque-Auto-2.jpg?w=580&amp;ssl=1 580w, https:\/\/i0.wp.com\/eltrabajo.cl\/portal\/wp-content\/uploads\/2019\/12\/choque-Auto-2.jpg?resize=300%2C186&amp;ssl=1 300w, https:\/\/i0.wp.com\/eltrabajo.cl\/portal\/wp-content\/uploads\/2019\/12\/choque-Auto-2.jpg?resize=200%2C124&amp;ssl=1 200w, https:\/\/i0.wp.com\/eltrabajo.cl\/portal\/wp-content\/uploads\/2019\/12\/choque-Auto-2.jpg?resize=242%2C150&amp;ssl=1 242w, https:\/\/i0.wp.com\/eltrabajo.cl\/portal\/wp-content\/uploads\/2019\/12\/choque-Auto-2.jpg?resize=400%2C248&amp;ssl=1 400w\" sizes=\"auto, (max-width: 580px) 100vw, 580px\" \/><figcaption id=\"caption-attachment-95918\" class=\"wp-caption-text\">En la imagen se aprecian tres de los cuatro veh\u00edculos que participaron en el accidente.<\/figcaption><\/figure>\n<p>&nbsp;<\/p>\n<figure id=\"attachment_95920\" aria-describedby=\"caption-attachment-95920\" style=\"width: 580px\" class=\"wp-caption alignnone\"><img data-recalc-dims=\"1\" loading=\"lazy\" decoding=\"async\" class=\"size-full wp-image-95920\" src=\"https:\/\/i0.wp.com\/www.eltrabajo.cl\/portal\/wp-content\/uploads\/2019\/12\/choque-SAMU.jpg?resize=580%2C360\" alt=\"Personal del SAMU lleg\u00f3 hasta el lugar del accidente, atendiendo a las dos mujeres adultas en el lugar.\" width=\"580\" height=\"360\" srcset=\"https:\/\/i0.wp.com\/eltrabajo.cl\/portal\/wp-content\/uploads\/2019\/12\/choque-SAMU.jpg?w=580&amp;ssl=1 580w, https:\/\/i0.wp.com\/eltrabajo.cl\/portal\/wp-content\/uploads\/2019\/12\/choque-SAMU.jpg?resize=300%2C186&amp;ssl=1 300w, https:\/\/i0.wp.com\/eltrabajo.cl\/portal\/wp-content\/uploads\/2019\/12\/choque-SAMU.jpg?resize=200%2C124&amp;ssl=1 200w, https:\/\/i0.wp.com\/eltrabajo.cl\/portal\/wp-content\/uploads\/2019\/12\/choque-SAMU.jpg?resize=242%2C150&amp;ssl=1 242w, https:\/\/i0.wp.com\/eltrabajo.cl\/portal\/wp-content\/uploads\/2019\/12\/choque-SAMU.jpg?resize=400%2C248&amp;ssl=1 400w\" sizes=\"auto, (max-width: 580px) 100vw, 580px\" \/><figcaption id=\"caption-attachment-95920\" class=\"wp-caption-text\">Personal del SAMU lleg\u00f3 hasta el lugar del accidente, atendiendo a las dos mujeres adultas en el lugar.<\/figcaption><\/figure>\n<p>&nbsp;<\/p>\n<figure id=\"attachment_95919\" aria-describedby=\"caption-attachment-95919\" style=\"width: 580px\" class=\"wp-caption alignnone\"><img data-recalc-dims=\"1\" loading=\"lazy\" decoding=\"async\" class=\"size-full wp-image-95919\" src=\"https:\/\/i0.wp.com\/www.eltrabajo.cl\/portal\/wp-content\/uploads\/2019\/12\/choque-Auto.jpg?resize=580%2C359\" alt=\"Ac\u00e1 vemos al autom\u00f3vil color blanco, como el jam\u00f3n del s\u00e1ndwich, entre medio del bus y la camioneta. En este veh\u00edculo, en su silla reglamentaria, iba la beb\u00e9 de ocho meses que result\u00f3 ilesa.\" width=\"580\" height=\"359\" srcset=\"https:\/\/i0.wp.com\/eltrabajo.cl\/portal\/wp-content\/uploads\/2019\/12\/choque-Auto.jpg?w=580&amp;ssl=1 580w, https:\/\/i0.wp.com\/eltrabajo.cl\/portal\/wp-content\/uploads\/2019\/12\/choque-Auto.jpg?resize=300%2C186&amp;ssl=1 300w, https:\/\/i0.wp.com\/eltrabajo.cl\/portal\/wp-content\/uploads\/2019\/12\/choque-Auto.jpg?resize=200%2C124&amp;ssl=1 200w, https:\/\/i0.wp.com\/eltrabajo.cl\/portal\/wp-content\/uploads\/2019\/12\/choque-Auto.jpg?resize=242%2C150&amp;ssl=1 242w, https:\/\/i0.wp.com\/eltrabajo.cl\/portal\/wp-content\/uploads\/2019\/12\/choque-Auto.jpg?resize=400%2C248&amp;ssl=1 400w\" sizes=\"auto, (max-width: 580px) 100vw, 580px\" \/><figcaption id=\"caption-attachment-95919\" class=\"wp-caption-text\">Ac\u00e1 vemos al autom\u00f3vil color blanco, como el jam\u00f3n del s\u00e1ndwich, entre medio del bus y la camioneta. En este veh\u00edculo, en su silla reglamentaria, iba la beb\u00e9 de ocho meses que result\u00f3 ilesa.<\/figcaption><\/figure>\n","protected":false},"excerpt":{"rendered":"<p>Presencia de beb\u00e9 de 8 meses de edad que viajaba en uno de los m\u00f3viles involucrados, despert\u00f3 la preocupaci\u00f3n de numerosas personas que presenciaron el accidente. \u00a0Una colisi\u00f3n m\u00faltiple se registr\u00f3 ayer&#8230;<\/p>\n","protected":false},"author":482,"featured_media":95918,"comment_status":"open","ping_status":"open","sticky":false,"template":"","format":"standard","meta":{"advanced_seo_description":"","jetpack_seo_html_title":"","jetpack_seo_noindex":false,"_jetpack_memberships_contains_paid_content":false,"footnotes":""},"categories":[21],"tags":[],"class_list":["post-95917","post","type-post","status-publish","format-standard","has-post-thumbnail","hentry","category-policial"],"jetpack_featured_media_url":"https:\/\/i0.wp.com\/eltrabajo.cl\/portal\/wp-content\/uploads\/2019\/12\/choque-Auto-2.jpg?fit=580%2C359&ssl=1","jetpack_sharing_enabled":true,"jetpack_likes_enabled":true,"jetpack-related-posts":[],"_links":{"self":[{"href":"https:\/\/eltrabajo.cl\/portal\/wp-json\/wp\/v2\/posts\/95917","targetHints":{"allow":["GET"]}}],"collection":[{"href":"https:\/\/eltrabajo.cl\/portal\/wp-json\/wp\/v2\/posts"}],"about":[{"href":"https:\/\/eltrabajo.cl\/portal\/wp-json\/wp\/v2\/types\/post"}],"author":[{"embeddable":true,"href":"https:\/\/eltrabajo.cl\/portal\/wp-json\/wp\/v2\/users\/482"}],"replies":[{"embeddable":true,"href":"https:\/\/eltrabajo.cl\/portal\/wp-json\/wp\/v2\/comments?post=95917"}],"version-history":[{"count":0,"href":"https:\/\/eltrabajo.cl\/portal\/wp-json\/wp\/v2\/posts\/95917\/revisions"}],"wp:featuredmedia":[{"embeddable":true,"href":"https:\/\/eltrabajo.cl\/portal\/wp-json\/wp\/v2\/media\/95918"}],"wp:attachment":[{"href":"https:\/\/eltrabajo.cl\/portal\/wp-json\/wp\/v2\/media?parent=95917"}],"wp:term":[{"taxonomy":"category","embeddable":true,"href":"https:\/\/eltrabajo.cl\/portal\/wp-json\/wp\/v2\/categories?post=95917"},{"taxonomy":"post_tag","embeddable":true,"href":"https:\/\/eltrabajo.cl\/portal\/wp-json\/wp\/v2\/tags?post=95917"}],"curies":[{"name":"wp","href":"https:\/\/api.w.org\/{rel}","templated":true}]}}