{"id":95922,"date":"2019-12-06T05:08:01","date_gmt":"2019-12-06T08:08:01","guid":{"rendered":"http:\/\/www.eltrabajo.cl\/portal\/?p=95922"},"modified":"2019-12-05T21:35:11","modified_gmt":"2019-12-06T00:35:11","slug":"bomberos-rescata-a-perrito-que-se-ahogaba-en-canal-de-regadio-de-santa-maria","status":"publish","type":"post","link":"https:\/\/eltrabajo.cl\/portal\/bomberos-rescata-a-perrito-que-se-ahogaba-en-canal-de-regadio-de-santa-maria\/","title":{"rendered":"Bomberos rescata a perrito que se ahogaba en canal de regad\u00edo de Santa Mar\u00eda"},"content":{"rendered":"<p><span style=\"color: #ff0000;\"><strong>Veterinaria Municipal inici\u00f3 campa\u00f1a de adopci\u00f3n:<\/strong><\/span><\/p>\n<ul>\n<li><strong>Una mujer intent\u00f3 ayudar al animalito lanz\u00e1ndose a las aguas para rescatarlo, requiri\u00e9ndose la presencia de Bomberos que finalmente logr\u00f3 extraerlo del canal.<\/strong><\/li>\n<\/ul>\n<p>Siempre en su abnegada labor en beneficio de la comunidad, pasado el mediod\u00eda de ayer jueves voluntarios de Bomberos de Santa Mar\u00eda rescataron a un perro que se estaba ahogando en un canal de regad\u00edo en las cercan\u00edas de la poblaci\u00f3n Los Robles de esa comuna.<\/p>\n<p>Bomberos recibi\u00f3 una llamado de auxilio mientras controlaban un incendio de pastizales en calle Jahuel, inform\u00e1ndose que el perrito se estaba ahogando y no lograba salir por sus propios medios, intentando una vecina introducirse al canal para rescatarlo, sin resultados positivos.<\/p>\n<p>Fue as\u00ed que un grupo de voluntarios de Bomberos concurrieron de inmediato al sitio del suceso, logrando extraer de las aguas a la mascota, siendo asistida por profesionales de la Veterinaria Municipal, manteni\u00e9ndose en delicado estado de salud. As\u00ed lo inform\u00f3 a <strong>Diario El Trabajo<\/strong>, el relacionador p\u00fablico de Bomberos de Santa Mar\u00eda, <strong>Diego Arancibia Rodr\u00edguez<\/strong>.<\/p>\n<p>\u201c<em>Cada vida es importante para nosotros como Bomberos. Al llegar al lugar una joven mujer se hab\u00eda lanzado al canal para mantenerle la cabeza en alto al perro, para que no se ahogara. Bomberos rescat\u00f3 al perro, la se\u00f1orita igual pudo salir, ella se encuentra bien, sin lesiones, pero el perrito se encuentra delicado de salud. Fue atendido por personal de la Veterinaria Municipal, estaba con hipotermia, no sabemos cu\u00e1nto tiempo estuvo en el agua, estaba \u00a0exhausto, se desconoce el propietario de esta mascota, no se ha logrado su ubicaci\u00f3n\u201d.<\/em><\/p>\n<p>Arancibia a\u00f1adi\u00f3 que aparentemente el animal estaba en situaci\u00f3n de abandono debido a su estado de desnutrici\u00f3n, argumentando que se inici\u00f3 una campa\u00f1a por parte de la Veterinaria Municipal para ser dado en adopci\u00f3n en \u00f3ptimas condiciones de salud.<\/p>\n<p><strong>Pablo Salinas Sald\u00edas<\/strong><\/p>\n<p>&nbsp;<\/p>\n<figure id=\"attachment_95926\" aria-describedby=\"caption-attachment-95926\" style=\"width: 579px\" class=\"wp-caption alignnone\"><img data-recalc-dims=\"1\" loading=\"lazy\" decoding=\"async\" class=\"size-full wp-image-95926\" src=\"https:\/\/i0.wp.com\/www.eltrabajo.cl\/portal\/wp-content\/uploads\/2019\/12\/RESCATE1.jpg?resize=579%2C435\" alt=\"Bomberos logr\u00f3 rescatar al perrito del canal al mediod\u00eda de ayer. (Fotograf\u00edas: Emergencias Santa Mar\u00eda).\" width=\"579\" height=\"435\" srcset=\"https:\/\/i0.wp.com\/eltrabajo.cl\/portal\/wp-content\/uploads\/2019\/12\/RESCATE1.jpg?w=579&amp;ssl=1 579w, https:\/\/i0.wp.com\/eltrabajo.cl\/portal\/wp-content\/uploads\/2019\/12\/RESCATE1.jpg?resize=300%2C225&amp;ssl=1 300w, https:\/\/i0.wp.com\/eltrabajo.cl\/portal\/wp-content\/uploads\/2019\/12\/RESCATE1.jpg?resize=200%2C150&amp;ssl=1 200w, https:\/\/i0.wp.com\/eltrabajo.cl\/portal\/wp-content\/uploads\/2019\/12\/RESCATE1.jpg?resize=400%2C301&amp;ssl=1 400w\" sizes=\"auto, (max-width: 579px) 100vw, 579px\" \/><figcaption id=\"caption-attachment-95926\" class=\"wp-caption-text\">Bomberos logr\u00f3 rescatar al perrito del canal al mediod\u00eda de ayer. (Fotograf\u00edas: Emergencias Santa Mar\u00eda).<\/figcaption><\/figure>\n<p>&nbsp;<\/p>\n<figure id=\"attachment_95923\" aria-describedby=\"caption-attachment-95923\" style=\"width: 580px\" class=\"wp-caption alignnone\"><img data-recalc-dims=\"1\" loading=\"lazy\" decoding=\"async\" class=\"size-full wp-image-95923\" src=\"https:\/\/i0.wp.com\/www.eltrabajo.cl\/portal\/wp-content\/uploads\/2019\/12\/RESCATE2.jpg?resize=580%2C360\" alt=\"Luego de ser rescatado de las aguas, el can fue retirado del lugar por Bomberos.\" width=\"580\" height=\"360\" srcset=\"https:\/\/i0.wp.com\/eltrabajo.cl\/portal\/wp-content\/uploads\/2019\/12\/RESCATE2.jpg?w=580&amp;ssl=1 580w, https:\/\/i0.wp.com\/eltrabajo.cl\/portal\/wp-content\/uploads\/2019\/12\/RESCATE2.jpg?resize=300%2C186&amp;ssl=1 300w, https:\/\/i0.wp.com\/eltrabajo.cl\/portal\/wp-content\/uploads\/2019\/12\/RESCATE2.jpg?resize=200%2C124&amp;ssl=1 200w, https:\/\/i0.wp.com\/eltrabajo.cl\/portal\/wp-content\/uploads\/2019\/12\/RESCATE2.jpg?resize=242%2C150&amp;ssl=1 242w, https:\/\/i0.wp.com\/eltrabajo.cl\/portal\/wp-content\/uploads\/2019\/12\/RESCATE2.jpg?resize=400%2C248&amp;ssl=1 400w\" sizes=\"auto, (max-width: 580px) 100vw, 580px\" \/><figcaption id=\"caption-attachment-95923\" class=\"wp-caption-text\">Luego de ser rescatado de las aguas, el can fue retirado del lugar por Bomberos.<\/figcaption><\/figure>\n<p>&nbsp;<\/p>\n<figure id=\"attachment_95924\" aria-describedby=\"caption-attachment-95924\" style=\"width: 579px\" class=\"wp-caption alignnone\"><img data-recalc-dims=\"1\" loading=\"lazy\" decoding=\"async\" class=\"size-full wp-image-95924\" src=\"https:\/\/i0.wp.com\/www.eltrabajo.cl\/portal\/wp-content\/uploads\/2019\/12\/RESCATE3.jpg?resize=579%2C415\" alt=\"Tras ser salvado, el perrito fue atendido por profesionales de la Veterinaria Municipal, el cual se encontraba con hipotermia.\" width=\"579\" height=\"415\" srcset=\"https:\/\/i0.wp.com\/eltrabajo.cl\/portal\/wp-content\/uploads\/2019\/12\/RESCATE3.jpg?w=579&amp;ssl=1 579w, https:\/\/i0.wp.com\/eltrabajo.cl\/portal\/wp-content\/uploads\/2019\/12\/RESCATE3.jpg?resize=300%2C215&amp;ssl=1 300w, https:\/\/i0.wp.com\/eltrabajo.cl\/portal\/wp-content\/uploads\/2019\/12\/RESCATE3.jpg?resize=200%2C143&amp;ssl=1 200w, https:\/\/i0.wp.com\/eltrabajo.cl\/portal\/wp-content\/uploads\/2019\/12\/RESCATE3.jpg?resize=209%2C150&amp;ssl=1 209w, https:\/\/i0.wp.com\/eltrabajo.cl\/portal\/wp-content\/uploads\/2019\/12\/RESCATE3.jpg?resize=400%2C287&amp;ssl=1 400w\" sizes=\"auto, (max-width: 579px) 100vw, 579px\" \/><figcaption id=\"caption-attachment-95924\" class=\"wp-caption-text\">Tras ser salvado, el perrito fue atendido por profesionales de la Veterinaria Municipal, el cual se encontraba con hipotermia.<\/figcaption><\/figure>\n<p>&nbsp;<\/p>\n<figure id=\"attachment_95925\" aria-describedby=\"caption-attachment-95925\" style=\"width: 579px\" class=\"wp-caption alignnone\"><img data-recalc-dims=\"1\" loading=\"lazy\" decoding=\"async\" class=\"size-full wp-image-95925\" src=\"https:\/\/i0.wp.com\/www.eltrabajo.cl\/portal\/wp-content\/uploads\/2019\/12\/rescate-PERRITO.jpg?resize=579%2C773\" alt=\"Se inici\u00f3 una campa\u00f1a para buscar un hogar donde pueda vivir este perrito rescatado de las aguas.\" width=\"579\" height=\"773\" srcset=\"https:\/\/i0.wp.com\/eltrabajo.cl\/portal\/wp-content\/uploads\/2019\/12\/rescate-PERRITO.jpg?w=579&amp;ssl=1 579w, https:\/\/i0.wp.com\/eltrabajo.cl\/portal\/wp-content\/uploads\/2019\/12\/rescate-PERRITO.jpg?resize=225%2C300&amp;ssl=1 225w, https:\/\/i0.wp.com\/eltrabajo.cl\/portal\/wp-content\/uploads\/2019\/12\/rescate-PERRITO.jpg?resize=112%2C150&amp;ssl=1 112w, https:\/\/i0.wp.com\/eltrabajo.cl\/portal\/wp-content\/uploads\/2019\/12\/rescate-PERRITO.jpg?resize=400%2C534&amp;ssl=1 400w\" sizes=\"auto, (max-width: 579px) 100vw, 579px\" \/><figcaption id=\"caption-attachment-95925\" class=\"wp-caption-text\">Se inici\u00f3 una campa\u00f1a para buscar un hogar donde pueda vivir este perrito rescatado de las aguas.<\/figcaption><\/figure>\n","protected":false},"excerpt":{"rendered":"<p>Veterinaria Municipal inici\u00f3 campa\u00f1a de adopci\u00f3n: Una mujer intent\u00f3 ayudar al animalito lanz\u00e1ndose a las aguas para rescatarlo, requiri\u00e9ndose la presencia de Bomberos que finalmente logr\u00f3 extraerlo del canal. Siempre en su&#8230;<\/p>\n","protected":false},"author":482,"featured_media":95923,"comment_status":"open","ping_status":"open","sticky":false,"template":"","format":"standard","meta":{"advanced_seo_description":"","jetpack_seo_html_title":"","jetpack_seo_noindex":false,"_jetpack_memberships_contains_paid_content":false,"footnotes":""},"categories":[21],"tags":[],"class_list":["post-95922","post","type-post","status-publish","format-standard","has-post-thumbnail","hentry","category-policial"],"jetpack_featured_media_url":"https:\/\/i0.wp.com\/eltrabajo.cl\/portal\/wp-content\/uploads\/2019\/12\/RESCATE2.jpg?fit=580%2C360&ssl=1","jetpack_sharing_enabled":true,"jetpack_likes_enabled":true,"jetpack-related-posts":[],"_links":{"self":[{"href":"https:\/\/eltrabajo.cl\/portal\/wp-json\/wp\/v2\/posts\/95922","targetHints":{"allow":["GET"]}}],"collection":[{"href":"https:\/\/eltrabajo.cl\/portal\/wp-json\/wp\/v2\/posts"}],"about":[{"href":"https:\/\/eltrabajo.cl\/portal\/wp-json\/wp\/v2\/types\/post"}],"author":[{"embeddable":true,"href":"https:\/\/eltrabajo.cl\/portal\/wp-json\/wp\/v2\/users\/482"}],"replies":[{"embeddable":true,"href":"https:\/\/eltrabajo.cl\/portal\/wp-json\/wp\/v2\/comments?post=95922"}],"version-history":[{"count":0,"href":"https:\/\/eltrabajo.cl\/portal\/wp-json\/wp\/v2\/posts\/95922\/revisions"}],"wp:featuredmedia":[{"embeddable":true,"href":"https:\/\/eltrabajo.cl\/portal\/wp-json\/wp\/v2\/media\/95923"}],"wp:attachment":[{"href":"https:\/\/eltrabajo.cl\/portal\/wp-json\/wp\/v2\/media?parent=95922"}],"wp:term":[{"taxonomy":"category","embeddable":true,"href":"https:\/\/eltrabajo.cl\/portal\/wp-json\/wp\/v2\/categories?post=95922"},{"taxonomy":"post_tag","embeddable":true,"href":"https:\/\/eltrabajo.cl\/portal\/wp-json\/wp\/v2\/tags?post=95922"}],"curies":[{"name":"wp","href":"https:\/\/api.w.org\/{rel}","templated":true}]}}