{"id":95931,"date":"2019-12-09T05:02:26","date_gmt":"2019-12-09T08:02:26","guid":{"rendered":"http:\/\/www.eltrabajo.cl\/portal\/?p=95931"},"modified":"2019-12-09T01:18:11","modified_gmt":"2019-12-09T04:18:11","slug":"union-san-felipe-tendra-una-oportunidad-de-subir-a-primera-a","status":"publish","type":"post","link":"https:\/\/eltrabajo.cl\/portal\/union-san-felipe-tendra-una-oportunidad-de-subir-a-primera-a\/","title":{"rendered":"Uni\u00f3n San Felipe tendr\u00e1 una oportunidad de subir a Primera A"},"content":{"rendered":"<p>En la reuni\u00f3n extraordinaria de presidentes de la ANFP, el viernes pasado se aprob\u00f3 darle por secretar\u00eda el t\u00edtulo de la actual temporada a Santiago Wanderers, adem\u00e1s de permitir al equipo porte\u00f1o ascender a la Primera A.<br \/>\nEsa no fue la \u00fanica novedad importante que arroj\u00f3 la cita de los dirigentes, ya que tambi\u00e9n se acord\u00f3 que en el mes de enero habr\u00e1 una liguilla de la cual saldr\u00e1 el otro equipo que ascender\u00e1 a la serie de honor del balompi\u00e9 rentado nacional.<br \/>\nEsta determinaci\u00f3n va en directo beneficio de Uni\u00f3n San Felipe, porque se acord\u00f3 que la jueguen los equipos que terminaron entre el tercer y d\u00e9cimo lugar del torneo. El ganador de ese minitorneo tendr\u00e1 que jugar una gran final contra Deportes La Serena, que qued\u00f3 en la segunda posici\u00f3n de la tabla. El equipo sanfelipe\u00f1o que mostrar\u00e1 varias novedades respecto al torneo pasado, qued\u00f3 emparejado con Deportes Melipilla.<br \/>\nLas llaves son las siguientes:<br \/>\nMelipilla \u2013 Uni\u00f3n San Felipe; \u00d1ublense \u2013 Puerto Montt; Barnechea \u2013 Copiap\u00f3; Cobreloa \u2013 Temuco.<\/p>\n<figure id=\"attachment_95932\" aria-describedby=\"caption-attachment-95932\" style=\"width: 580px\" class=\"wp-caption alignnone\"><img data-recalc-dims=\"1\" loading=\"lazy\" decoding=\"async\" class=\"size-full wp-image-95932\" src=\"https:\/\/i0.wp.com\/www.eltrabajo.cl\/portal\/wp-content\/uploads\/2019\/12\/uni-uni.jpg?resize=580%2C360\" alt=\"En enero pr\u00f3ximo Uni\u00f3n San Felipe deber\u00e1 jugar una liguilla por el ascenso a la Primera A.\" width=\"580\" height=\"360\" srcset=\"https:\/\/i0.wp.com\/eltrabajo.cl\/portal\/wp-content\/uploads\/2019\/12\/uni-uni.jpg?w=580&amp;ssl=1 580w, https:\/\/i0.wp.com\/eltrabajo.cl\/portal\/wp-content\/uploads\/2019\/12\/uni-uni.jpg?resize=300%2C186&amp;ssl=1 300w, https:\/\/i0.wp.com\/eltrabajo.cl\/portal\/wp-content\/uploads\/2019\/12\/uni-uni.jpg?resize=200%2C124&amp;ssl=1 200w, https:\/\/i0.wp.com\/eltrabajo.cl\/portal\/wp-content\/uploads\/2019\/12\/uni-uni.jpg?resize=242%2C150&amp;ssl=1 242w, https:\/\/i0.wp.com\/eltrabajo.cl\/portal\/wp-content\/uploads\/2019\/12\/uni-uni.jpg?resize=400%2C248&amp;ssl=1 400w\" sizes=\"auto, (max-width: 580px) 100vw, 580px\" \/><figcaption id=\"caption-attachment-95932\" class=\"wp-caption-text\">En enero pr\u00f3ximo Uni\u00f3n San Felipe deber\u00e1 jugar una liguilla por el ascenso a la Primera A.<\/figcaption><\/figure>\n","protected":false},"excerpt":{"rendered":"<p>En la reuni\u00f3n extraordinaria de presidentes de la ANFP, el viernes pasado se aprob\u00f3 darle por secretar\u00eda el t\u00edtulo de la actual temporada a Santiago Wanderers, adem\u00e1s de permitir al equipo porte\u00f1o&#8230;<\/p>\n","protected":false},"author":482,"featured_media":95932,"comment_status":"open","ping_status":"open","sticky":false,"template":"","format":"standard","meta":{"advanced_seo_description":"","jetpack_seo_html_title":"","jetpack_seo_noindex":false,"_jetpack_memberships_contains_paid_content":false,"footnotes":""},"categories":[19],"tags":[],"class_list":["post-95931","post","type-post","status-publish","format-standard","has-post-thumbnail","hentry","category-deportes"],"jetpack_featured_media_url":"https:\/\/i0.wp.com\/eltrabajo.cl\/portal\/wp-content\/uploads\/2019\/12\/uni-uni.jpg?fit=580%2C360&ssl=1","jetpack_sharing_enabled":true,"jetpack_likes_enabled":true,"jetpack-related-posts":[],"_links":{"self":[{"href":"https:\/\/eltrabajo.cl\/portal\/wp-json\/wp\/v2\/posts\/95931","targetHints":{"allow":["GET"]}}],"collection":[{"href":"https:\/\/eltrabajo.cl\/portal\/wp-json\/wp\/v2\/posts"}],"about":[{"href":"https:\/\/eltrabajo.cl\/portal\/wp-json\/wp\/v2\/types\/post"}],"author":[{"embeddable":true,"href":"https:\/\/eltrabajo.cl\/portal\/wp-json\/wp\/v2\/users\/482"}],"replies":[{"embeddable":true,"href":"https:\/\/eltrabajo.cl\/portal\/wp-json\/wp\/v2\/comments?post=95931"}],"version-history":[{"count":0,"href":"https:\/\/eltrabajo.cl\/portal\/wp-json\/wp\/v2\/posts\/95931\/revisions"}],"wp:featuredmedia":[{"embeddable":true,"href":"https:\/\/eltrabajo.cl\/portal\/wp-json\/wp\/v2\/media\/95932"}],"wp:attachment":[{"href":"https:\/\/eltrabajo.cl\/portal\/wp-json\/wp\/v2\/media?parent=95931"}],"wp:term":[{"taxonomy":"category","embeddable":true,"href":"https:\/\/eltrabajo.cl\/portal\/wp-json\/wp\/v2\/categories?post=95931"},{"taxonomy":"post_tag","embeddable":true,"href":"https:\/\/eltrabajo.cl\/portal\/wp-json\/wp\/v2\/tags?post=95931"}],"curies":[{"name":"wp","href":"https:\/\/api.w.org\/{rel}","templated":true}]}}