{"id":95937,"date":"2019-12-09T05:04:15","date_gmt":"2019-12-09T08:04:15","guid":{"rendered":"http:\/\/www.eltrabajo.cl\/portal\/?p=95937"},"modified":"2019-12-09T01:20:21","modified_gmt":"2019-12-09T04:20:21","slug":"vive-sola-a-oscuras-y-vecinos-le-proveen-alimentacion","status":"publish","type":"post","link":"https:\/\/eltrabajo.cl\/portal\/vive-sola-a-oscuras-y-vecinos-le-proveen-alimentacion\/","title":{"rendered":"Vive sola, a oscuras y vecinos le proveen alimentaci\u00f3n"},"content":{"rendered":"<p><span style=\"color: #ff0000;\"><strong>\u00a1Triste realidad de adulta mayor!:<\/strong> <\/span><\/p>\n<p>Una situaci\u00f3n dram\u00e1tica est\u00e1 viviendo una mujer adulta mayor que vive sola en una pieza que arrienda en Avenida Chacabuco al llegar a calle Traslavi\u00f1a en pleno centro de San Felipe.<br \/>\nEl d\u00eda martes 3 de diciembre mientras recorr\u00edamos la ciudad de San Felipe al pasar Avenida Chacabuco cerca de Traslavi\u00f1a un fuerte olor a humo nos llam\u00f3 la atenci\u00f3n, preguntando a un vecino del lugar sobre el origen de este humo. En ese momento nos explica que se trata de su vecina, una mujer adulta mayor que vive sola, arrienda una pieza al lado de su casa, quien hab\u00eda prendido fuego y ese era el humo que sal\u00eda. Pero ya estaba resuelto el problema. Ah\u00ed en ese momento nos cuenta que la mujer vive sola acompa\u00f1ada de sus \u00abgatitos\u00bb. Que ellos temen que le pueda ocurrir algo en cualquier momento.<br \/>\nFrancisco es el nombre del vecino que nos coment\u00f3 sobre la situaci\u00f3n que afecta a la se\u00f1ora Charo, \u00abvive solita y ha pedido ayuda y no han venido a conversar con ella hace tiempo ya, como dos meses, tiempo atr\u00e1s vivieron dos asistentes sociales con dos carabineros, vinieron los carabineros hablaron con ella, dijeron que iban a volver, parece que el nombre es Felipe (Dideco), entonces vino \u00e9l con otras dos se\u00f1oras, vinieron dos carabineros y no han venido, dijo que iba a mandar a dos personas a arreglar aqu\u00ed, a limpiar a la se\u00f1ora y hasta la fecha no han venido, otra se\u00f1ora dijo que fue a la municipalidad que tambi\u00e9n vio el fuego aqu\u00ed, vio el humo, yo tambi\u00e9n voy a hablar y hasta la fecha nadie ha venido, ella no tiene familiares, nosotros no podemos echarla \u00bfd\u00f3nde se va a ir?, le ofrecieron el asilo aqu\u00ed al lado, pero ella tampoco quiere irse ese es el problema, ella est\u00e1 acostumbrada aqu\u00ed, mi suegra le arrend\u00f3 esta piececita para ella que no tiene a nadie\u00bb, dijo.<br \/>\nReconoce que ha veces ha querido entrar, pero ella no deja, \u00abdice que se paga los d\u00edas 18, no s\u00e9 si esconder\u00e1 la plata o esas personas que entran para adentro le roban la plata, yo a veces le paso plata, mi se\u00f1ora le da almuerzo todos los d\u00edas, a veces una se\u00f1orita que viene del lado de la cooperativa le trae desayuno, ahora no ha venido, siempre viene a dejarle desayuno en la ma\u00f1ana, ahora no ha venido a dejarle no s\u00e9 por qu\u00e9, nosotros le damos almuerzo como a las dos, en la tarde le damos un pancito, tecito tambi\u00e9n, ah\u00ed ve como est\u00e1 viviendo ella (oscura nos dice ella que pasa sentada todo el d\u00eda)\u00bb, dice su vecino.<br \/>\nNos cuenta que le dicen \u00abCharo\u00bb, tendr\u00eda unos sobrinos en Vi\u00f1a del Mar, en unos departamentos ubicado frente a Quinta Vergara. Dice que fueron a verificar esa situaci\u00f3n, pero no encontraron nada, \u00abhab\u00eda una ni\u00f1a que trabajaba en un supermercado, fueron para all\u00e1 y tampoco la encontraron, ah\u00ed la tienen sola, se le muri\u00f3 la mam\u00e1, se le muri\u00f3 una hermana tambi\u00e9n, ah\u00ed qued\u00f3 solita\u00bb, se\u00f1ala Francisco.<br \/>\nAgrega que constantemente siente olor a humo y debe levantarse. Mientas convers\u00e1bamos, Charito nos interrumpe y nos \u00abnunca piense prender el fuego aqu\u00ed\u00bb.<br \/>\nSu vecino Francisco reconoce que es un drama social. Tienen temor que se le arranque el fuego \u00abquedamos en la calle, se quema toda la casa, no es m\u00eda pero es de una sociedad dejo mi suegra\u00bb, se\u00f1ala.<br \/>\nReiterar el llamado para que la autoridad venga a prestarle ayudan, a limpiar el lugar, ordenarle un poco \u00abque vengan a verla, ella pasa sentadita todo el d\u00eda, a oscuras, tampoco tiene luz le cortaron la luz y ahora debe como 200.000 de luz, ella a veces pasa plata le pagamos la mitad de luz a veces, ahora no porque dice que se le pierde la plata, no pasa nada\u00bb, dice su vecino.<br \/>\nElla recibe una pensi\u00f3n del seguro social.<br \/>\nEs de esperar que con la publicaci\u00f3n de esta nota alguna autoridad se digne a visitarla, o alg\u00fan organismo social, por \u00faltimo para limpiar, ordenar el lugar. Cabe recordar que tiempo atr\u00e1s el alcalde de la comuna Patricio Freire Canto dijo ante los medios de comunicaci\u00f3n \u00abTodos nuestros programas sociales son un \u00e9xito\u00bb.<\/p>\n<p><span style=\"color: #ff0000;\"><strong>DIDECO RESPONDE<\/strong><\/span><br \/>\nDiario El Trabajo habl\u00f3 con personal de la Dideco, desde donde se nos respondi\u00f3 que los trabajadores sociales desde hace semanas est\u00e1n trabajando en el caso de esta vecina, no pueden dar datos a la prensa porque corresponde a informes confidenciales s\u00f3lo para uso de personal autorizado, y que pronto se estar\u00e1 interviniendo para brindar el apoyo correspondiente a las necesidades de la adulta mayor.<\/p>\n<figure id=\"attachment_95938\" aria-describedby=\"caption-attachment-95938\" style=\"width: 580px\" class=\"wp-caption alignnone\"><img data-recalc-dims=\"1\" loading=\"lazy\" decoding=\"async\" class=\"size-full wp-image-95938\" src=\"https:\/\/i0.wp.com\/www.eltrabajo.cl\/portal\/wp-content\/uploads\/2019\/12\/Vecino.jpg?resize=580%2C360\" alt=\"Francisco su vecino, preocupado de la situaci\u00f3n, pide ayuda por su vecina Charito. Ella nos pidi\u00f3 un favor, que no le sac\u00e1ramos fotos.\" width=\"580\" height=\"360\" srcset=\"https:\/\/i0.wp.com\/eltrabajo.cl\/portal\/wp-content\/uploads\/2019\/12\/Vecino.jpg?w=580&amp;ssl=1 580w, https:\/\/i0.wp.com\/eltrabajo.cl\/portal\/wp-content\/uploads\/2019\/12\/Vecino.jpg?resize=300%2C186&amp;ssl=1 300w, https:\/\/i0.wp.com\/eltrabajo.cl\/portal\/wp-content\/uploads\/2019\/12\/Vecino.jpg?resize=200%2C124&amp;ssl=1 200w, https:\/\/i0.wp.com\/eltrabajo.cl\/portal\/wp-content\/uploads\/2019\/12\/Vecino.jpg?resize=242%2C150&amp;ssl=1 242w, https:\/\/i0.wp.com\/eltrabajo.cl\/portal\/wp-content\/uploads\/2019\/12\/Vecino.jpg?resize=400%2C248&amp;ssl=1 400w\" sizes=\"auto, (max-width: 580px) 100vw, 580px\" \/><figcaption id=\"caption-attachment-95938\" class=\"wp-caption-text\">Francisco su vecino, preocupado de la situaci\u00f3n, pide ayuda por su vecina Charito. Ella nos pidi\u00f3 un favor, que no le sac\u00e1ramos fotos.<\/figcaption><\/figure>\n","protected":false},"excerpt":{"rendered":"<p>\u00a1Triste realidad de adulta mayor!: Una situaci\u00f3n dram\u00e1tica est\u00e1 viviendo una mujer adulta mayor que vive sola en una pieza que arrienda en Avenida Chacabuco al llegar a calle Traslavi\u00f1a en pleno&#8230;<\/p>\n","protected":false},"author":482,"featured_media":95938,"comment_status":"open","ping_status":"open","sticky":false,"template":"","format":"standard","meta":{"advanced_seo_description":"","jetpack_seo_html_title":"","jetpack_seo_noindex":false,"_jetpack_memberships_contains_paid_content":false,"footnotes":""},"categories":[15],"tags":[],"class_list":["post-95937","post","type-post","status-publish","format-standard","has-post-thumbnail","hentry","category-comunidad"],"jetpack_featured_media_url":"https:\/\/i0.wp.com\/eltrabajo.cl\/portal\/wp-content\/uploads\/2019\/12\/Vecino.jpg?fit=580%2C360&ssl=1","jetpack_sharing_enabled":true,"jetpack_likes_enabled":true,"jetpack-related-posts":[],"_links":{"self":[{"href":"https:\/\/eltrabajo.cl\/portal\/wp-json\/wp\/v2\/posts\/95937","targetHints":{"allow":["GET"]}}],"collection":[{"href":"https:\/\/eltrabajo.cl\/portal\/wp-json\/wp\/v2\/posts"}],"about":[{"href":"https:\/\/eltrabajo.cl\/portal\/wp-json\/wp\/v2\/types\/post"}],"author":[{"embeddable":true,"href":"https:\/\/eltrabajo.cl\/portal\/wp-json\/wp\/v2\/users\/482"}],"replies":[{"embeddable":true,"href":"https:\/\/eltrabajo.cl\/portal\/wp-json\/wp\/v2\/comments?post=95937"}],"version-history":[{"count":0,"href":"https:\/\/eltrabajo.cl\/portal\/wp-json\/wp\/v2\/posts\/95937\/revisions"}],"wp:featuredmedia":[{"embeddable":true,"href":"https:\/\/eltrabajo.cl\/portal\/wp-json\/wp\/v2\/media\/95938"}],"wp:attachment":[{"href":"https:\/\/eltrabajo.cl\/portal\/wp-json\/wp\/v2\/media?parent=95937"}],"wp:term":[{"taxonomy":"category","embeddable":true,"href":"https:\/\/eltrabajo.cl\/portal\/wp-json\/wp\/v2\/categories?post=95937"},{"taxonomy":"post_tag","embeddable":true,"href":"https:\/\/eltrabajo.cl\/portal\/wp-json\/wp\/v2\/tags?post=95937"}],"curies":[{"name":"wp","href":"https:\/\/api.w.org\/{rel}","templated":true}]}}