{"id":95940,"date":"2019-12-09T05:05:38","date_gmt":"2019-12-09T08:05:38","guid":{"rendered":"http:\/\/www.eltrabajo.cl\/portal\/?p=95940"},"modified":"2019-12-09T01:22:24","modified_gmt":"2019-12-09T04:22:24","slug":"automovilista-grave-tras-violento-choque-contra-un-poste-en-av-encon","status":"publish","type":"post","link":"https:\/\/eltrabajo.cl\/portal\/automovilista-grave-tras-violento-choque-contra-un-poste-en-av-encon\/","title":{"rendered":"Automovilista grave tras violento choque contra un poste en Av. Enc\u00f3n"},"content":{"rendered":"<p><span style=\"color: #ff0000;\"><strong>Accidente ocurri\u00f3 a primera horas de ayer domingo:<\/strong><\/span><\/p>\n<ul>\n<li><strong>El paciente fue rescatado por Bomberos para ser trasladado de urgencias hasta la Unidad de Traumatolog\u00eda del Hospital San Juan de Dios de Los Andes.<\/strong><\/li>\n<\/ul>\n<p>Con m\u00faltiples lesiones y fracturas result\u00f3 un automovilista luego de protagonizar un violento choque contra una luminaria p\u00fablica a primera horas de este domingo en el sector Enc\u00f3n a pasos de la estaci\u00f3n de combustibles Shell de San Felipe.<br \/>\nAparentemente el conductor del m\u00f3vil circulaba por dicha arteria a exceso de velocidad perdiendo el control del veh\u00edculo, impactando contra la pesada estructura, quedando atrapado en el interior hasta ser rescatado por los voluntarios de Bomberos quienes concurrieron al lugar del accidente.<br \/>\nPor su parte la ambulancia del Samu traslad\u00f3 al paciente en estado grave hasta la Unidad de Traumatolog\u00eda del Hospital San Juan de Dios de Los Andes, mientras Carabineros adopt\u00f3 el procedimiento de rigor para confirmar o descartar la presencia de alcohol tras este violento accidente de tr\u00e1nsito.<br \/>\n<strong>Pablo Salinas Sald\u00edas<\/strong><\/p>\n<figure id=\"attachment_95941\" aria-describedby=\"caption-attachment-95941\" style=\"width: 580px\" class=\"wp-caption alignnone\"><img data-recalc-dims=\"1\" loading=\"lazy\" decoding=\"async\" class=\"size-full wp-image-95941\" src=\"https:\/\/i0.wp.com\/www.eltrabajo.cl\/portal\/wp-content\/uploads\/2019\/12\/ENCON2.jpg?resize=580%2C359\" alt=\"El conductor del autom\u00f3vil fue rescatado por voluntarios de Bomberos.\" width=\"580\" height=\"359\" srcset=\"https:\/\/i0.wp.com\/eltrabajo.cl\/portal\/wp-content\/uploads\/2019\/12\/ENCON2.jpg?w=580&amp;ssl=1 580w, https:\/\/i0.wp.com\/eltrabajo.cl\/portal\/wp-content\/uploads\/2019\/12\/ENCON2.jpg?resize=300%2C186&amp;ssl=1 300w, https:\/\/i0.wp.com\/eltrabajo.cl\/portal\/wp-content\/uploads\/2019\/12\/ENCON2.jpg?resize=200%2C124&amp;ssl=1 200w, https:\/\/i0.wp.com\/eltrabajo.cl\/portal\/wp-content\/uploads\/2019\/12\/ENCON2.jpg?resize=242%2C150&amp;ssl=1 242w, https:\/\/i0.wp.com\/eltrabajo.cl\/portal\/wp-content\/uploads\/2019\/12\/ENCON2.jpg?resize=400%2C248&amp;ssl=1 400w\" sizes=\"auto, (max-width: 580px) 100vw, 580px\" \/><figcaption id=\"caption-attachment-95941\" class=\"wp-caption-text\">El conductor del autom\u00f3vil fue rescatado por voluntarios de Bomberos.<\/figcaption><\/figure>\n<p>&nbsp;<\/p>\n<figure id=\"attachment_95943\" aria-describedby=\"caption-attachment-95943\" style=\"width: 580px\" class=\"wp-caption alignnone\"><img data-recalc-dims=\"1\" loading=\"lazy\" decoding=\"async\" class=\"size-full wp-image-95943\" src=\"https:\/\/i0.wp.com\/www.eltrabajo.cl\/portal\/wp-content\/uploads\/2019\/12\/ENCON1.jpg?resize=580%2C358\" alt=\"El accidente ocurri\u00f3 a primera horas de este domingo en calle Enc\u00f3n de San Felipe.\" width=\"580\" height=\"358\" srcset=\"https:\/\/i0.wp.com\/eltrabajo.cl\/portal\/wp-content\/uploads\/2019\/12\/ENCON1.jpg?w=580&amp;ssl=1 580w, https:\/\/i0.wp.com\/eltrabajo.cl\/portal\/wp-content\/uploads\/2019\/12\/ENCON1.jpg?resize=300%2C185&amp;ssl=1 300w, https:\/\/i0.wp.com\/eltrabajo.cl\/portal\/wp-content\/uploads\/2019\/12\/ENCON1.jpg?resize=200%2C123&amp;ssl=1 200w, https:\/\/i0.wp.com\/eltrabajo.cl\/portal\/wp-content\/uploads\/2019\/12\/ENCON1.jpg?resize=243%2C150&amp;ssl=1 243w, https:\/\/i0.wp.com\/eltrabajo.cl\/portal\/wp-content\/uploads\/2019\/12\/ENCON1.jpg?resize=400%2C247&amp;ssl=1 400w\" sizes=\"auto, (max-width: 580px) 100vw, 580px\" \/><figcaption id=\"caption-attachment-95943\" class=\"wp-caption-text\">El accidente ocurri\u00f3 a primera horas de este domingo en calle Enc\u00f3n de San Felipe.<\/figcaption><\/figure>\n<p>&nbsp;<\/p>\n<figure id=\"attachment_95942\" aria-describedby=\"caption-attachment-95942\" style=\"width: 580px\" class=\"wp-caption alignnone\"><img data-recalc-dims=\"1\" loading=\"lazy\" decoding=\"async\" class=\"size-full wp-image-95942\" src=\"https:\/\/i0.wp.com\/www.eltrabajo.cl\/portal\/wp-content\/uploads\/2019\/12\/ENCON3.jpg?resize=580%2C435\" alt=\"El automovilista result\u00f3 con lesiones y fracturas de car\u00e1cter grave, siendo trasladado hasta la Unidad de Traumatolog\u00eda del Hospital San Juan de Dios de Los Andes.\" width=\"580\" height=\"435\" srcset=\"https:\/\/i0.wp.com\/eltrabajo.cl\/portal\/wp-content\/uploads\/2019\/12\/ENCON3.jpg?w=580&amp;ssl=1 580w, https:\/\/i0.wp.com\/eltrabajo.cl\/portal\/wp-content\/uploads\/2019\/12\/ENCON3.jpg?resize=300%2C225&amp;ssl=1 300w, https:\/\/i0.wp.com\/eltrabajo.cl\/portal\/wp-content\/uploads\/2019\/12\/ENCON3.jpg?resize=200%2C150&amp;ssl=1 200w, https:\/\/i0.wp.com\/eltrabajo.cl\/portal\/wp-content\/uploads\/2019\/12\/ENCON3.jpg?resize=400%2C300&amp;ssl=1 400w\" sizes=\"auto, (max-width: 580px) 100vw, 580px\" \/><figcaption id=\"caption-attachment-95942\" class=\"wp-caption-text\">El automovilista result\u00f3 con lesiones y fracturas de car\u00e1cter grave, siendo trasladado hasta la Unidad de Traumatolog\u00eda del Hospital San Juan de Dios de Los Andes.<\/figcaption><\/figure>\n","protected":false},"excerpt":{"rendered":"<p>Accidente ocurri\u00f3 a primera horas de ayer domingo: El paciente fue rescatado por Bomberos para ser trasladado de urgencias hasta la Unidad de Traumatolog\u00eda del Hospital San Juan de Dios de Los&#8230;<\/p>\n","protected":false},"author":482,"featured_media":95941,"comment_status":"open","ping_status":"open","sticky":false,"template":"","format":"standard","meta":{"advanced_seo_description":"","jetpack_seo_html_title":"","jetpack_seo_noindex":false,"_jetpack_memberships_contains_paid_content":false,"footnotes":""},"categories":[21],"tags":[],"class_list":["post-95940","post","type-post","status-publish","format-standard","has-post-thumbnail","hentry","category-policial"],"jetpack_featured_media_url":"https:\/\/i0.wp.com\/eltrabajo.cl\/portal\/wp-content\/uploads\/2019\/12\/ENCON2.jpg?fit=580%2C359&ssl=1","jetpack_sharing_enabled":true,"jetpack_likes_enabled":true,"jetpack-related-posts":[],"_links":{"self":[{"href":"https:\/\/eltrabajo.cl\/portal\/wp-json\/wp\/v2\/posts\/95940","targetHints":{"allow":["GET"]}}],"collection":[{"href":"https:\/\/eltrabajo.cl\/portal\/wp-json\/wp\/v2\/posts"}],"about":[{"href":"https:\/\/eltrabajo.cl\/portal\/wp-json\/wp\/v2\/types\/post"}],"author":[{"embeddable":true,"href":"https:\/\/eltrabajo.cl\/portal\/wp-json\/wp\/v2\/users\/482"}],"replies":[{"embeddable":true,"href":"https:\/\/eltrabajo.cl\/portal\/wp-json\/wp\/v2\/comments?post=95940"}],"version-history":[{"count":0,"href":"https:\/\/eltrabajo.cl\/portal\/wp-json\/wp\/v2\/posts\/95940\/revisions"}],"wp:featuredmedia":[{"embeddable":true,"href":"https:\/\/eltrabajo.cl\/portal\/wp-json\/wp\/v2\/media\/95941"}],"wp:attachment":[{"href":"https:\/\/eltrabajo.cl\/portal\/wp-json\/wp\/v2\/media?parent=95940"}],"wp:term":[{"taxonomy":"category","embeddable":true,"href":"https:\/\/eltrabajo.cl\/portal\/wp-json\/wp\/v2\/categories?post=95940"},{"taxonomy":"post_tag","embeddable":true,"href":"https:\/\/eltrabajo.cl\/portal\/wp-json\/wp\/v2\/tags?post=95940"}],"curies":[{"name":"wp","href":"https:\/\/api.w.org\/{rel}","templated":true}]}}