{"id":95946,"date":"2019-12-09T05:06:29","date_gmt":"2019-12-09T08:06:29","guid":{"rendered":"http:\/\/www.eltrabajo.cl\/portal\/?p=95946"},"modified":"2019-12-09T01:24:20","modified_gmt":"2019-12-09T04:24:20","slug":"a-tiros-lo-ejecutan-mientras-conducia-su-vehiculo-junto-a-su-polola","status":"publish","type":"post","link":"https:\/\/eltrabajo.cl\/portal\/a-tiros-lo-ejecutan-mientras-conducia-su-vehiculo-junto-a-su-polola\/","title":{"rendered":"A tiros lo ejecutan mientras conduc\u00eda su veh\u00edculo junto a su polola"},"content":{"rendered":"<p><span style=\"color: #ff0000;\"><strong>Crimen tipo sicario ocurri\u00f3 este s\u00e1bado en Enc\u00f3n:<\/strong><\/span><\/p>\n<ul>\n<li><strong>Dos sujetos movilizados en una motocicleta, en segundos efectuaron tres disparos contra la v\u00edctima, para luego escapar la tarde noche de este s\u00e1bado. La PDI inici\u00f3 una investigaci\u00f3n para dar con los autores del brutal hecho, mientras el m\u00f3vil del homicidio a\u00fan es una inc\u00f3gnita.<\/strong><\/li>\n<\/ul>\n<p>Impacto caus\u00f3 el brutal deceso de un joven de 26 a\u00f1os de edad identificado como \u00c1lvaro Eduardo Soto Soto, quien fue asesinado a tiros por un desconocido ocurrido en calle Hermanos Carrera esquina Enc\u00f3n de San Felipe.<br \/>\nPreliminarmente Carabineros inform\u00f3 que el hecho ocurri\u00f3 alrededor de las 20:40 horas de este s\u00e1bado en circunstancias en que \u00c1lvaro Soto conduc\u00eda su veh\u00edculo placa patente DB DG \u2013 24 por dicha arteria acompa\u00f1ado de su polola.<br \/>\nEsta \u00faltima sin sufrir lesiones, detall\u00f3 que mientras el veh\u00edculo se mantuvo detenido por la luz roja del sem\u00e1foro, sorpresivamente una motocicleta con dos ocupantes aparentemente los habr\u00edan perseguido hasta posicionar el veh\u00edculo de dos ruedas frente al autom\u00f3vil.<\/p>\n<p><span style=\"color: #ff0000;\"><strong>FUE EJECUTADO<\/strong><\/span><br \/>\nSe dice que en esos momentos uno de los sujetos habr\u00eda desenfundado un arma de fuego, efectuando al menos tres disparos contra el joven, impactando uno de ellos en la cabeza del conductor, dej\u00e1ndolo gravemente herido, mientras los autores del hecho huyeron en la motocicleta en direcci\u00f3n desconocida.<br \/>\nEl violento episodio fue advertido por algunos automovilistas que a esas horas circulaban por el lugar, mientras se requiri\u00f3 la presencia policial y del personal Samu para asistir al conductor herido de bala con riesgo vital, para trasladarlo hasta el Servicio de Urgencias del Hospital San Camilo de San Felipe.<br \/>\nLamentablemente a los pocos minutos del ingreso de \u00c1lvaro, domiciliado en el sector de Santa Filomena en Santa Mar\u00eda, falleci\u00f3 producto de la gravedad de las lesiones sufridas, causando enorme consternaci\u00f3n entre sus familiares y amigos.<br \/>\nSobre las causas de este brutal asesinato de tipo sicariato, a\u00fan se desconocen, mientras la Brigada de Homicidios de la Polic\u00eda de Investigaciones de Los Andes inici\u00f3 las indagaciones del caso barajando diversas hip\u00f3tesis, sin descartar un presunto ajuste de cuentas.<br \/>\nHasta el momento los autores de este homicidio no han sido identificados mientras la Polic\u00eda civil comenz\u00f3 a recoger las declaraciones de testigos para lograr obtener pistas del macabro suceso. Por su parte, Carabineros inform\u00f3 que la v\u00edctima no manten\u00eda antecedentes penales ni \u00f3rdenes de detenci\u00f3n pendiente con la justicia.<br \/>\n<strong>Pablo Salinas Sald\u00edas<\/strong><\/p>\n<figure id=\"attachment_95948\" aria-describedby=\"caption-attachment-95948\" style=\"width: 580px\" class=\"wp-caption alignnone\"><img data-recalc-dims=\"1\" loading=\"lazy\" decoding=\"async\" class=\"size-full wp-image-95948\" src=\"https:\/\/i0.wp.com\/www.eltrabajo.cl\/portal\/wp-content\/uploads\/2019\/12\/homicidio-sitio-del-suceso.jpg?resize=580%2C359\" alt=\"Los hechos ocurrieron en calle Hermanos Carrera esquina Enc\u00f3n de San Felipe.\" width=\"580\" height=\"359\" srcset=\"https:\/\/i0.wp.com\/eltrabajo.cl\/portal\/wp-content\/uploads\/2019\/12\/homicidio-sitio-del-suceso.jpg?w=580&amp;ssl=1 580w, https:\/\/i0.wp.com\/eltrabajo.cl\/portal\/wp-content\/uploads\/2019\/12\/homicidio-sitio-del-suceso.jpg?resize=300%2C186&amp;ssl=1 300w, https:\/\/i0.wp.com\/eltrabajo.cl\/portal\/wp-content\/uploads\/2019\/12\/homicidio-sitio-del-suceso.jpg?resize=200%2C124&amp;ssl=1 200w, https:\/\/i0.wp.com\/eltrabajo.cl\/portal\/wp-content\/uploads\/2019\/12\/homicidio-sitio-del-suceso.jpg?resize=242%2C150&amp;ssl=1 242w, https:\/\/i0.wp.com\/eltrabajo.cl\/portal\/wp-content\/uploads\/2019\/12\/homicidio-sitio-del-suceso.jpg?resize=400%2C248&amp;ssl=1 400w\" sizes=\"auto, (max-width: 580px) 100vw, 580px\" \/><figcaption id=\"caption-attachment-95948\" class=\"wp-caption-text\">Los hechos ocurrieron en calle Hermanos Carrera esquina Enc\u00f3n de San Felipe.<\/figcaption><\/figure>\n<p>&nbsp;<\/p>\n<figure id=\"attachment_95947\" aria-describedby=\"caption-attachment-95947\" style=\"width: 580px\" class=\"wp-caption alignnone\"><img data-recalc-dims=\"1\" loading=\"lazy\" decoding=\"async\" class=\"size-full wp-image-95947\" src=\"https:\/\/i0.wp.com\/www.eltrabajo.cl\/portal\/wp-content\/uploads\/2019\/12\/homicidio-automovil.jpg?resize=580%2C359\" alt=\"La v\u00edctima circulaba en este veh\u00edculo acompa\u00f1ado de su polola al momento del ataque.\" width=\"580\" height=\"359\" srcset=\"https:\/\/i0.wp.com\/eltrabajo.cl\/portal\/wp-content\/uploads\/2019\/12\/homicidio-automovil.jpg?w=580&amp;ssl=1 580w, https:\/\/i0.wp.com\/eltrabajo.cl\/portal\/wp-content\/uploads\/2019\/12\/homicidio-automovil.jpg?resize=300%2C186&amp;ssl=1 300w, https:\/\/i0.wp.com\/eltrabajo.cl\/portal\/wp-content\/uploads\/2019\/12\/homicidio-automovil.jpg?resize=200%2C124&amp;ssl=1 200w, https:\/\/i0.wp.com\/eltrabajo.cl\/portal\/wp-content\/uploads\/2019\/12\/homicidio-automovil.jpg?resize=242%2C150&amp;ssl=1 242w, https:\/\/i0.wp.com\/eltrabajo.cl\/portal\/wp-content\/uploads\/2019\/12\/homicidio-automovil.jpg?resize=400%2C248&amp;ssl=1 400w\" sizes=\"auto, (max-width: 580px) 100vw, 580px\" \/><figcaption id=\"caption-attachment-95947\" class=\"wp-caption-text\">La v\u00edctima circulaba en este veh\u00edculo acompa\u00f1ado de su polola al momento del ataque.<\/figcaption><\/figure>\n<p>&nbsp;<\/p>\n<figure id=\"attachment_95949\" aria-describedby=\"caption-attachment-95949\" style=\"width: 580px\" class=\"wp-caption alignnone\"><img data-recalc-dims=\"1\" loading=\"lazy\" decoding=\"async\" class=\"size-full wp-image-95949\" src=\"https:\/\/i0.wp.com\/www.eltrabajo.cl\/portal\/wp-content\/uploads\/2019\/12\/homicidio-alvaro-soto.jpg?resize=580%2C454\" alt=\"\u00c1lvaro Soto fue asesinado este s\u00e1bado por desconocidos.\" width=\"580\" height=\"454\" srcset=\"https:\/\/i0.wp.com\/eltrabajo.cl\/portal\/wp-content\/uploads\/2019\/12\/homicidio-alvaro-soto.jpg?w=580&amp;ssl=1 580w, https:\/\/i0.wp.com\/eltrabajo.cl\/portal\/wp-content\/uploads\/2019\/12\/homicidio-alvaro-soto.jpg?resize=300%2C235&amp;ssl=1 300w, https:\/\/i0.wp.com\/eltrabajo.cl\/portal\/wp-content\/uploads\/2019\/12\/homicidio-alvaro-soto.jpg?resize=192%2C150&amp;ssl=1 192w, https:\/\/i0.wp.com\/eltrabajo.cl\/portal\/wp-content\/uploads\/2019\/12\/homicidio-alvaro-soto.jpg?resize=400%2C313&amp;ssl=1 400w\" sizes=\"auto, (max-width: 580px) 100vw, 580px\" \/><figcaption id=\"caption-attachment-95949\" class=\"wp-caption-text\">\u00c1lvaro Soto fue asesinado este s\u00e1bado por desconocidos.<\/figcaption><\/figure>\n","protected":false},"excerpt":{"rendered":"<p>Crimen tipo sicario ocurri\u00f3 este s\u00e1bado en Enc\u00f3n: Dos sujetos movilizados en una motocicleta, en segundos efectuaron tres disparos contra la v\u00edctima, para luego escapar la tarde noche de este s\u00e1bado. La&#8230;<\/p>\n","protected":false},"author":482,"featured_media":95948,"comment_status":"open","ping_status":"open","sticky":false,"template":"","format":"standard","meta":{"advanced_seo_description":"","jetpack_seo_html_title":"","jetpack_seo_noindex":false,"_jetpack_memberships_contains_paid_content":false,"footnotes":""},"categories":[21],"tags":[],"class_list":["post-95946","post","type-post","status-publish","format-standard","has-post-thumbnail","hentry","category-policial"],"jetpack_featured_media_url":"https:\/\/i0.wp.com\/eltrabajo.cl\/portal\/wp-content\/uploads\/2019\/12\/homicidio-sitio-del-suceso.jpg?fit=580%2C359&ssl=1","jetpack_sharing_enabled":true,"jetpack_likes_enabled":true,"jetpack-related-posts":[],"_links":{"self":[{"href":"https:\/\/eltrabajo.cl\/portal\/wp-json\/wp\/v2\/posts\/95946","targetHints":{"allow":["GET"]}}],"collection":[{"href":"https:\/\/eltrabajo.cl\/portal\/wp-json\/wp\/v2\/posts"}],"about":[{"href":"https:\/\/eltrabajo.cl\/portal\/wp-json\/wp\/v2\/types\/post"}],"author":[{"embeddable":true,"href":"https:\/\/eltrabajo.cl\/portal\/wp-json\/wp\/v2\/users\/482"}],"replies":[{"embeddable":true,"href":"https:\/\/eltrabajo.cl\/portal\/wp-json\/wp\/v2\/comments?post=95946"}],"version-history":[{"count":0,"href":"https:\/\/eltrabajo.cl\/portal\/wp-json\/wp\/v2\/posts\/95946\/revisions"}],"wp:featuredmedia":[{"embeddable":true,"href":"https:\/\/eltrabajo.cl\/portal\/wp-json\/wp\/v2\/media\/95948"}],"wp:attachment":[{"href":"https:\/\/eltrabajo.cl\/portal\/wp-json\/wp\/v2\/media?parent=95946"}],"wp:term":[{"taxonomy":"category","embeddable":true,"href":"https:\/\/eltrabajo.cl\/portal\/wp-json\/wp\/v2\/categories?post=95946"},{"taxonomy":"post_tag","embeddable":true,"href":"https:\/\/eltrabajo.cl\/portal\/wp-json\/wp\/v2\/tags?post=95946"}],"curies":[{"name":"wp","href":"https:\/\/api.w.org\/{rel}","templated":true}]}}