{"id":95951,"date":"2019-12-09T05:07:27","date_gmt":"2019-12-09T08:07:27","guid":{"rendered":"http:\/\/www.eltrabajo.cl\/portal\/?p=95951"},"modified":"2019-12-11T15:44:18","modified_gmt":"2019-12-11T18:44:18","slug":"menor-de-15-anos-muere-tras-ser-apunalado-por-adolescente-de-14","status":"publish","type":"post","link":"https:\/\/eltrabajo.cl\/portal\/menor-de-15-anos-muere-tras-ser-apunalado-por-adolescente-de-14\/","title":{"rendered":"Menor de 15 a\u00f1os muere tras ser apu\u00f1alado por adolescente de 14"},"content":{"rendered":"<p><span style=\"color: #ff0000;\"><strong>Homicidio ocurri\u00f3 en sector Punta El Olivo de San Felipe:<\/strong><\/span><\/p>\n<ul>\n<li><strong>Consternaci\u00f3n origin\u00f3 el desencadenamiento de los hechos tras una ri\u00f1a juvenil en medio de una fiesta que culmin\u00f3 con un adolescente muerto y un menor de 14 a\u00f1os detenido como presunto autor del crimen en horas de la madrugada de ayer domingo. <\/strong><\/li>\n<\/ul>\n<p>Un adolescente de 15 a\u00f1os de edad identificado como Mart\u00edn Arturo Ben\u00edtez Montano falleci\u00f3 tras ser atacado por otro menor de 14 a\u00f1os de edad, quien lo habr\u00eda apu\u00f1alado hasta darle muerte alrededor de la 01:30 horas de la madrugada de ayer domingo en el sector Punta El Olivo de San Felipe.<br \/>\nLos hechos se habr\u00edan producido en medio de una fiesta donde ambos adolescentes se encontraban compartiendo en Calle Vieja s\/n del sector Punta El Olivo de San Felipe. Seg\u00fan inform\u00f3 Carabineros, los menores de edad habr\u00edan sostenido una discusi\u00f3n por motivos que se desconocen, desencadenando que el adolescente de 14 a\u00f1os extrajera de sus vestimentas un cuchillo agrediendo a Mart\u00edn Ben\u00edtez Montano.<br \/>\nLa v\u00edctima de 15 a\u00f1os de edad fue derivado hasta el Servicio de Urgencias del Hospital San Camilo a eso de las 01:30 horas de este domingo, siendo atendido por el m\u00e9dico de turno para lograr estabilizar las lesiones sufridas. Sin embargo, habr\u00edan trascurrido 15 minutos cuando el personal m\u00e9dico de dicho hospital anunci\u00f3 el lamentable fallecimiento del adolescente producto de las graves lesiones sufridas con el arma blanca.<br \/>\nEn tanto, Carabineros efectu\u00f3 la b\u00fasqueda del presunto homicida y de acuerdo a la informaci\u00f3n proporcionada por un testigo presencial de los hechos, se estableci\u00f3 la individualizaci\u00f3n del adolescente de 14 a\u00f1os de edad de iniciales J.I.C.P., quien fue detenido como el responsable de este crimen.<br \/>\nEl Fiscal de Turno instruy\u00f3 las diligencias del personal de la Brigada de Homicidios de la Polic\u00eda de Investigaciones de Los Andes para indagar m\u00e1s antecedentes del caso, mientras el adolescente imputado fue derivado hasta el Juzgado de Garant\u00eda para ser sometido a control de detenci\u00f3n por la Fiscal\u00eda durante la ma\u00f1ana de ayer domingo.<br \/>\nEl fallecimiento del menor origin\u00f3 enorme tristeza entre sus familiares y cercanos, anunci\u00e1ndose que los restos del adolescente est\u00e1n siendo velados en la Parroquia Andacollo de San Felipe y sus funerales se realizar\u00e1n ma\u00f1ana martes en el Crematorio del Cementerio Cat\u00f3lico de Santiago tras una misa por confirmar por su familia.<br \/>\n<strong>Pablo Salinas Sald\u00edas<\/strong><\/p>\n<figure id=\"attachment_95954\" aria-describedby=\"caption-attachment-95954\" style=\"width: 580px\" class=\"wp-caption alignnone\"><img data-recalc-dims=\"1\" loading=\"lazy\" decoding=\"async\" class=\"size-full wp-image-95954\" src=\"https:\/\/i0.wp.com\/www.eltrabajo.cl\/portal\/wp-content\/uploads\/2019\/12\/MARTIN1.jpg?resize=580%2C358\" alt=\"Mart\u00edn Ben\u00edtez Montano fue asesinado a la edad de 15 a\u00f1os de edad.\" width=\"580\" height=\"358\" srcset=\"https:\/\/i0.wp.com\/eltrabajo.cl\/portal\/wp-content\/uploads\/2019\/12\/MARTIN1.jpg?w=580&amp;ssl=1 580w, https:\/\/i0.wp.com\/eltrabajo.cl\/portal\/wp-content\/uploads\/2019\/12\/MARTIN1.jpg?resize=300%2C185&amp;ssl=1 300w, https:\/\/i0.wp.com\/eltrabajo.cl\/portal\/wp-content\/uploads\/2019\/12\/MARTIN1.jpg?resize=200%2C123&amp;ssl=1 200w, https:\/\/i0.wp.com\/eltrabajo.cl\/portal\/wp-content\/uploads\/2019\/12\/MARTIN1.jpg?resize=243%2C150&amp;ssl=1 243w, https:\/\/i0.wp.com\/eltrabajo.cl\/portal\/wp-content\/uploads\/2019\/12\/MARTIN1.jpg?resize=400%2C247&amp;ssl=1 400w\" sizes=\"auto, (max-width: 580px) 100vw, 580px\" \/><figcaption id=\"caption-attachment-95954\" class=\"wp-caption-text\">Mart\u00edn Ben\u00edtez Montano fue asesinado a la edad de 15 a\u00f1os de edad.<\/figcaption><\/figure>\n<p>&nbsp;<\/p>\n<figure id=\"attachment_95952\" aria-describedby=\"caption-attachment-95952\" style=\"width: 580px\" class=\"wp-caption alignnone\"><img data-recalc-dims=\"1\" loading=\"lazy\" decoding=\"async\" class=\"size-full wp-image-95952\" src=\"https:\/\/i0.wp.com\/www.eltrabajo.cl\/portal\/wp-content\/uploads\/2019\/12\/martin-benitez-2.jpg?resize=580%2C947\" alt=\"El adolescente falleci\u00f3 tras ser herido con un arma blanca aparentemente por otro menor de 14 a\u00f1os de edad.\" width=\"580\" height=\"947\" srcset=\"https:\/\/i0.wp.com\/eltrabajo.cl\/portal\/wp-content\/uploads\/2019\/12\/martin-benitez-2.jpg?w=580&amp;ssl=1 580w, https:\/\/i0.wp.com\/eltrabajo.cl\/portal\/wp-content\/uploads\/2019\/12\/martin-benitez-2.jpg?resize=184%2C300&amp;ssl=1 184w, https:\/\/i0.wp.com\/eltrabajo.cl\/portal\/wp-content\/uploads\/2019\/12\/martin-benitez-2.jpg?resize=92%2C150&amp;ssl=1 92w, https:\/\/i0.wp.com\/eltrabajo.cl\/portal\/wp-content\/uploads\/2019\/12\/martin-benitez-2.jpg?resize=400%2C653&amp;ssl=1 400w\" sizes=\"auto, (max-width: 580px) 100vw, 580px\" \/><figcaption id=\"caption-attachment-95952\" class=\"wp-caption-text\">El adolescente falleci\u00f3 tras ser herido con un arma blanca aparentemente por otro menor de 14 a\u00f1os de edad.<\/figcaption><\/figure>\n","protected":false},"excerpt":{"rendered":"<p>Homicidio ocurri\u00f3 en sector Punta El Olivo de San Felipe: Consternaci\u00f3n origin\u00f3 el desencadenamiento de los hechos tras una ri\u00f1a juvenil en medio de una fiesta que culmin\u00f3 con un adolescente muerto&#8230;<\/p>\n","protected":false},"author":482,"featured_media":95953,"comment_status":"closed","ping_status":"open","sticky":false,"template":"","format":"standard","meta":{"advanced_seo_description":"","jetpack_seo_html_title":"","jetpack_seo_noindex":false,"_jetpack_memberships_contains_paid_content":false,"footnotes":""},"categories":[21],"tags":[],"class_list":["post-95951","post","type-post","status-publish","format-standard","has-post-thumbnail","hentry","category-policial"],"jetpack_featured_media_url":"https:\/\/i0.wp.com\/eltrabajo.cl\/portal\/wp-content\/uploads\/2019\/12\/martin-benitez.jpg?fit=580%2C359&ssl=1","jetpack_sharing_enabled":true,"jetpack_likes_enabled":true,"jetpack-related-posts":[],"_links":{"self":[{"href":"https:\/\/eltrabajo.cl\/portal\/wp-json\/wp\/v2\/posts\/95951","targetHints":{"allow":["GET"]}}],"collection":[{"href":"https:\/\/eltrabajo.cl\/portal\/wp-json\/wp\/v2\/posts"}],"about":[{"href":"https:\/\/eltrabajo.cl\/portal\/wp-json\/wp\/v2\/types\/post"}],"author":[{"embeddable":true,"href":"https:\/\/eltrabajo.cl\/portal\/wp-json\/wp\/v2\/users\/482"}],"replies":[{"embeddable":true,"href":"https:\/\/eltrabajo.cl\/portal\/wp-json\/wp\/v2\/comments?post=95951"}],"version-history":[{"count":0,"href":"https:\/\/eltrabajo.cl\/portal\/wp-json\/wp\/v2\/posts\/95951\/revisions"}],"wp:featuredmedia":[{"embeddable":true,"href":"https:\/\/eltrabajo.cl\/portal\/wp-json\/wp\/v2\/media\/95953"}],"wp:attachment":[{"href":"https:\/\/eltrabajo.cl\/portal\/wp-json\/wp\/v2\/media?parent=95951"}],"wp:term":[{"taxonomy":"category","embeddable":true,"href":"https:\/\/eltrabajo.cl\/portal\/wp-json\/wp\/v2\/categories?post=95951"},{"taxonomy":"post_tag","embeddable":true,"href":"https:\/\/eltrabajo.cl\/portal\/wp-json\/wp\/v2\/tags?post=95951"}],"curies":[{"name":"wp","href":"https:\/\/api.w.org\/{rel}","templated":true}]}}