{"id":95960,"date":"2019-12-10T04:06:07","date_gmt":"2019-12-10T07:06:07","guid":{"rendered":"http:\/\/www.eltrabajo.cl\/portal\/?p=95960"},"modified":"2019-12-10T20:58:19","modified_gmt":"2019-12-10T23:58:19","slug":"hombre-de-30-anos-se-quita-la-vida-al-interior-de-vivienda-en-santa-maria","status":"publish","type":"post","link":"https:\/\/eltrabajo.cl\/portal\/hombre-de-30-anos-se-quita-la-vida-al-interior-de-vivienda-en-santa-maria\/","title":{"rendered":"Hombre de 30 a\u00f1os se quita la vida al interior de vivienda en Santa Mar\u00eda"},"content":{"rendered":"<p><span style=\"color: #ff0000;\"><strong>Carabineros confirm\u00f3 hallazgo la tarde de ayer lunes:<\/strong><\/span><\/p>\n<ul>\n<li><strong>Brigada de Homicidios de la PDI de Los Andes deber\u00e1 investigar el lamentable hecho ocurrido en la poblaci\u00f3n Padre P\u00edo de Santa Mar\u00eda.<\/strong><\/li>\n<\/ul>\n<p>Un hombre de 30 a\u00f1os de edad, identificado como <strong>Guillermo Vicencio Jara<\/strong>, fue hallado sin vida al interior de un domicilio ubicado en el pasaje Santa Gemita de la poblaci\u00f3n Padre P\u00edo de la comuna de Santa Mar\u00eda, estableci\u00e9ndose la hip\u00f3tesis del suicidio.<br \/>\nEl hecho qued\u00f3 al descubierto por una hermana del occiso, quien al concurrir hasta la vivienda de su madre a eso de las 13:25 horas de ayer lunes, observ\u00f3 el cuerpo sin vida de su hermano, solicitando la presencia de Carabineros y personal del Samu.<br \/>\nPersonal policial de la Tenencia de Carabineros de Santa Mar\u00eda, al concurrir al sitio del suceso, observ\u00f3 que el individuo se habr\u00eda quitado la vida mientras se encontraba a solas en el inmueble.<br \/>\nEl Fiscal de turno dispuso la concurrencia de personal de la Brigada de Homicidios de la Polic\u00eda de Investigaciones de Los Andes para indagar sobre este fatal acontecimiento y determinar si existi\u00f3 o no la intervenci\u00f3n de terceras personas.<br \/>\nEl cuerpo del malogrado fue levantado por personal del Servicio M\u00e9dico Legal para la correspondiente autopsia de rigor.<br \/>\n<strong>Pablo Salinas Sald\u00edas<\/strong><\/p>\n<figure id=\"attachment_95961\" aria-describedby=\"caption-attachment-95961\" style=\"width: 580px\" class=\"wp-caption alignnone\"><img data-recalc-dims=\"1\" loading=\"lazy\" decoding=\"async\" class=\"size-full wp-image-95961\" src=\"https:\/\/i0.wp.com\/www.eltrabajo.cl\/portal\/wp-content\/uploads\/2019\/12\/Servicio-Medico-Legal-1.jpg?resize=580%2C358\" alt=\"El cuerpo del malogrado fue levantado por personal del Servicio M\u00e9dico Legal para la correspondiente autopsia de rigor. (Fotograf\u00eda Referencial).\" width=\"580\" height=\"358\" srcset=\"https:\/\/i0.wp.com\/eltrabajo.cl\/portal\/wp-content\/uploads\/2019\/12\/Servicio-Medico-Legal-1.jpg?w=580&amp;ssl=1 580w, https:\/\/i0.wp.com\/eltrabajo.cl\/portal\/wp-content\/uploads\/2019\/12\/Servicio-Medico-Legal-1.jpg?resize=300%2C185&amp;ssl=1 300w, https:\/\/i0.wp.com\/eltrabajo.cl\/portal\/wp-content\/uploads\/2019\/12\/Servicio-Medico-Legal-1.jpg?resize=200%2C123&amp;ssl=1 200w, https:\/\/i0.wp.com\/eltrabajo.cl\/portal\/wp-content\/uploads\/2019\/12\/Servicio-Medico-Legal-1.jpg?resize=243%2C150&amp;ssl=1 243w, https:\/\/i0.wp.com\/eltrabajo.cl\/portal\/wp-content\/uploads\/2019\/12\/Servicio-Medico-Legal-1.jpg?resize=400%2C247&amp;ssl=1 400w\" sizes=\"auto, (max-width: 580px) 100vw, 580px\" \/><figcaption id=\"caption-attachment-95961\" class=\"wp-caption-text\">El cuerpo del malogrado fue levantado por personal del Servicio M\u00e9dico Legal para la correspondiente autopsia de rigor. (Fotograf\u00eda Referencial).<\/figcaption><\/figure>\n","protected":false},"excerpt":{"rendered":"<p>Carabineros confirm\u00f3 hallazgo la tarde de ayer lunes: Brigada de Homicidios de la PDI de Los Andes deber\u00e1 investigar el lamentable hecho ocurrido en la poblaci\u00f3n Padre P\u00edo de Santa Mar\u00eda. Un&#8230;<\/p>\n","protected":false},"author":482,"featured_media":95961,"comment_status":"open","ping_status":"open","sticky":false,"template":"","format":"standard","meta":{"advanced_seo_description":"","jetpack_seo_html_title":"","jetpack_seo_noindex":false,"_jetpack_memberships_contains_paid_content":false,"footnotes":""},"categories":[21],"tags":[],"class_list":["post-95960","post","type-post","status-publish","format-standard","has-post-thumbnail","hentry","category-policial"],"jetpack_featured_media_url":"https:\/\/i0.wp.com\/eltrabajo.cl\/portal\/wp-content\/uploads\/2019\/12\/Servicio-Medico-Legal-1.jpg?fit=580%2C358&ssl=1","jetpack_sharing_enabled":true,"jetpack_likes_enabled":true,"jetpack-related-posts":[],"_links":{"self":[{"href":"https:\/\/eltrabajo.cl\/portal\/wp-json\/wp\/v2\/posts\/95960","targetHints":{"allow":["GET"]}}],"collection":[{"href":"https:\/\/eltrabajo.cl\/portal\/wp-json\/wp\/v2\/posts"}],"about":[{"href":"https:\/\/eltrabajo.cl\/portal\/wp-json\/wp\/v2\/types\/post"}],"author":[{"embeddable":true,"href":"https:\/\/eltrabajo.cl\/portal\/wp-json\/wp\/v2\/users\/482"}],"replies":[{"embeddable":true,"href":"https:\/\/eltrabajo.cl\/portal\/wp-json\/wp\/v2\/comments?post=95960"}],"version-history":[{"count":0,"href":"https:\/\/eltrabajo.cl\/portal\/wp-json\/wp\/v2\/posts\/95960\/revisions"}],"wp:featuredmedia":[{"embeddable":true,"href":"https:\/\/eltrabajo.cl\/portal\/wp-json\/wp\/v2\/media\/95961"}],"wp:attachment":[{"href":"https:\/\/eltrabajo.cl\/portal\/wp-json\/wp\/v2\/media?parent=95960"}],"wp:term":[{"taxonomy":"category","embeddable":true,"href":"https:\/\/eltrabajo.cl\/portal\/wp-json\/wp\/v2\/categories?post=95960"},{"taxonomy":"post_tag","embeddable":true,"href":"https:\/\/eltrabajo.cl\/portal\/wp-json\/wp\/v2\/tags?post=95960"}],"curies":[{"name":"wp","href":"https:\/\/api.w.org\/{rel}","templated":true}]}}