{"id":95966,"date":"2019-12-10T04:08:27","date_gmt":"2019-12-10T07:08:27","guid":{"rendered":"http:\/\/www.eltrabajo.cl\/portal\/?p=95966"},"modified":"2019-12-10T04:08:27","modified_gmt":"2019-12-10T07:08:27","slug":"carabineros-frustra-robo-a-joyeria-ubicada-en-calle-prat-y-detiene-al-ladron","status":"publish","type":"post","link":"https:\/\/eltrabajo.cl\/portal\/carabineros-frustra-robo-a-joyeria-ubicada-en-calle-prat-y-detiene-al-ladron\/","title":{"rendered":"Carabineros frustra robo a joyer\u00eda ubicada en calle Prat y detiene al ladr\u00f3n"},"content":{"rendered":"<p>Mal le fue a un solitario delincuente que pensaba que pod\u00eda robar gran cantidad de joyas de una c\u00e9ntrica joyer\u00eda ubicada en calle Prat, pleno centro de San Felipe. No contaba que su due\u00f1a se hab\u00eda preparado y reforzado ante cualquier hecho delictual, teniendo en cuenta que ya hab\u00eda sido v\u00edctima de la delincuencia. M\u00e1s encima fue detenido por Carabineros.<br \/>\nSandra, due\u00f1a de la Joyer\u00eda Firenze, dijo a nuestro medio: \u00abNos salvamos de nuevo, bueno ya con estas cosas que han ido pasando, de hecho nos toc\u00f3 el d\u00eda del saqueo, segundo d\u00eda, se entraron y tambi\u00e9n nos toc\u00f3 en la otra joyer\u00eda que es Arezo. Ahora nos volvi\u00f3 a tocar ayer, como a las dos de la ma\u00f1ana Carabineros pill\u00f3 a un tipo haciendo chequeo a las persianas con una herramienta ya hechiza, est\u00e1n expertos as\u00ed es que lograron abrir la primera puerta que es una puerta de fierro, que la terminamos de hacer esta semana y ya le vemos falencias, as\u00ed es que ya la vamos a tener que reforzar m\u00e1s como bunker, porque ya no podemos, ya hay que trabajar, nos ha tocado pesado, nos ha tocado pesado\u00bb, dijo.<br \/>\nEn resumen no se robaron nada porque el antisocial no alcanz\u00f3 a llegar a la segunda cortina.<br \/>\nEl sujeto fue detenido por Carabineros, a quienes Sandra agradeci\u00f3 la oportuna llegada: \u00abEn todas las oportunidades para m\u00ed Carabineros ha llegado oportunamente\u00bb.<\/p>\n<figure id=\"attachment_95967\" aria-describedby=\"caption-attachment-95967\" style=\"width: 580px\" class=\"wp-caption alignnone\"><img data-recalc-dims=\"1\" loading=\"lazy\" decoding=\"async\" class=\"size-full wp-image-95967\" src=\"https:\/\/i0.wp.com\/www.eltrabajo.cl\/portal\/wp-content\/uploads\/2019\/12\/joyeria.jpg?resize=580%2C359\" alt=\"Esta es la joyer\u00eda ubicada en calle Prat, pleno centro de San Felipe.\" width=\"580\" height=\"359\" srcset=\"https:\/\/i0.wp.com\/eltrabajo.cl\/portal\/wp-content\/uploads\/2019\/12\/joyeria.jpg?w=580&amp;ssl=1 580w, https:\/\/i0.wp.com\/eltrabajo.cl\/portal\/wp-content\/uploads\/2019\/12\/joyeria.jpg?resize=300%2C186&amp;ssl=1 300w, https:\/\/i0.wp.com\/eltrabajo.cl\/portal\/wp-content\/uploads\/2019\/12\/joyeria.jpg?resize=200%2C124&amp;ssl=1 200w, https:\/\/i0.wp.com\/eltrabajo.cl\/portal\/wp-content\/uploads\/2019\/12\/joyeria.jpg?resize=242%2C150&amp;ssl=1 242w, https:\/\/i0.wp.com\/eltrabajo.cl\/portal\/wp-content\/uploads\/2019\/12\/joyeria.jpg?resize=400%2C248&amp;ssl=1 400w\" sizes=\"auto, (max-width: 580px) 100vw, 580px\" \/><figcaption id=\"caption-attachment-95967\" class=\"wp-caption-text\">Esta es la joyer\u00eda ubicada en calle Prat, pleno centro de San Felipe.<\/figcaption><\/figure>\n","protected":false},"excerpt":{"rendered":"<p>Mal le fue a un solitario delincuente que pensaba que pod\u00eda robar gran cantidad de joyas de una c\u00e9ntrica joyer\u00eda ubicada en calle Prat, pleno centro de San Felipe. No contaba que&#8230;<\/p>\n","protected":false},"author":482,"featured_media":95967,"comment_status":"open","ping_status":"open","sticky":false,"template":"","format":"standard","meta":{"advanced_seo_description":"","jetpack_seo_html_title":"","jetpack_seo_noindex":false,"_jetpack_memberships_contains_paid_content":false,"footnotes":""},"categories":[21],"tags":[],"class_list":["post-95966","post","type-post","status-publish","format-standard","has-post-thumbnail","hentry","category-policial"],"jetpack_featured_media_url":"https:\/\/i0.wp.com\/eltrabajo.cl\/portal\/wp-content\/uploads\/2019\/12\/joyeria.jpg?fit=580%2C359&ssl=1","jetpack_sharing_enabled":true,"jetpack_likes_enabled":true,"jetpack-related-posts":[],"_links":{"self":[{"href":"https:\/\/eltrabajo.cl\/portal\/wp-json\/wp\/v2\/posts\/95966","targetHints":{"allow":["GET"]}}],"collection":[{"href":"https:\/\/eltrabajo.cl\/portal\/wp-json\/wp\/v2\/posts"}],"about":[{"href":"https:\/\/eltrabajo.cl\/portal\/wp-json\/wp\/v2\/types\/post"}],"author":[{"embeddable":true,"href":"https:\/\/eltrabajo.cl\/portal\/wp-json\/wp\/v2\/users\/482"}],"replies":[{"embeddable":true,"href":"https:\/\/eltrabajo.cl\/portal\/wp-json\/wp\/v2\/comments?post=95966"}],"version-history":[{"count":0,"href":"https:\/\/eltrabajo.cl\/portal\/wp-json\/wp\/v2\/posts\/95966\/revisions"}],"wp:featuredmedia":[{"embeddable":true,"href":"https:\/\/eltrabajo.cl\/portal\/wp-json\/wp\/v2\/media\/95967"}],"wp:attachment":[{"href":"https:\/\/eltrabajo.cl\/portal\/wp-json\/wp\/v2\/media?parent=95966"}],"wp:term":[{"taxonomy":"category","embeddable":true,"href":"https:\/\/eltrabajo.cl\/portal\/wp-json\/wp\/v2\/categories?post=95966"},{"taxonomy":"post_tag","embeddable":true,"href":"https:\/\/eltrabajo.cl\/portal\/wp-json\/wp\/v2\/tags?post=95966"}],"curies":[{"name":"wp","href":"https:\/\/api.w.org\/{rel}","templated":true}]}}