{"id":95969,"date":"2019-12-10T04:10:20","date_gmt":"2019-12-10T07:10:20","guid":{"rendered":"http:\/\/www.eltrabajo.cl\/portal\/?p=95969"},"modified":"2019-12-10T04:10:20","modified_gmt":"2019-12-10T07:10:20","slug":"legendario-periodista-y-locutor-aconcaguino-necesita-de-nuestro-apoyo","status":"publish","type":"post","link":"https:\/\/eltrabajo.cl\/portal\/legendario-periodista-y-locutor-aconcaguino-necesita-de-nuestro-apoyo\/","title":{"rendered":"Legendario periodista y locutor aconcag\u00fcino necesita de nuestro apoyo"},"content":{"rendered":"<p><span style=\"color: #ff0000;\"><strong>Herman P\u00e9rez B\u00f3rquez postrado en una cama del San Camilo:<\/strong><\/span><\/p>\n<p>Uno de los grandes locutores y comunicadores sociales que ha tenido Chile al servicio de la sociedad, hoy no lo est\u00e1 pasando bien. Est\u00e1 hospitalizado y aunque su pron\u00f3stico tampoco es muy alentador, \u00e9l quiere seguir luchando para poder recuperar su vida familiar. Se trata del querido Herman P\u00e9rez B\u00f3rquez, ya de 85 a\u00f1os de edad y serias enfermedades a cuestas que lo tienen postrado en una cama del Hospital San Camilo, esperando una posible segunda amputaci\u00f3n a ra\u00edz de la diabetes y otros males, incluyendo el c\u00e1ncer.<\/p>\n<p><span style=\"color: #ff0000;\"><strong>CABALLERO DE MIL BATALLAS<\/strong><\/span><br \/>\nHerman P\u00e9rez es vecino de Villa Bernardo Cruz, periodista y locutor, tiene una amplia trayectoria profesional digna de envidiar por cualquier periodista del pa\u00eds: \u00abNac\u00ed el 27 de julio de 1934 en Talcahuano, a mis 20 a\u00f1os me inici\u00e9 en las comunicaciones radiales en mi ciudad natal, en donde me desempe\u00f1\u00e9 como locutor durante tres a\u00f1os, luego viaj\u00e9 a Puerto Coquimbo, ah\u00ed hice periodismo deportivo tanto en prensa escrita como radial, por un periodo de ocho a\u00f1os (\u2026) Mi profesi\u00f3n me llev\u00f3 a trabajar en Iquique, Santiago y Putaendo, hasta llegar a mi querido San Felipe, en donde llevo casi 40 a\u00f1os viviendo con mi familia\u00bb, nos coment\u00f3 P\u00e9rez en un escrito hecho llegar a nuestro medio.<\/p>\n<p><span style=\"color: #ff0000;\"><strong>NECESITA AYUDA<\/strong><\/span><br \/>\nLa situaci\u00f3n actual que enfrenta este hombre de las comunicaciones no es alentadora, su esposa M\u00f3nica Salas visit\u00f3 nuestra Sala de Redacci\u00f3n para compartir con nuestros lectores esta triste situaci\u00f3n: \u00abLas personas interesadas en apoyar con recursos, pueden llamarme al 9 8886 2414, Cta. RUT 5.526.665 Correo cmsd007@hotmail.com. De antemano agradezco tambi\u00e9n a los medios como Diario El Trabajo, Radio Orolonco y Preludio Radio, a todos esos comunicadores que le recuerdan y compartieron con \u00e9l su trabajo, ahora lleg\u00f3 la hora de no abandonarlo, necesitamos pa\u00f1ales y recursos para enfrentar estas enfermedades que lo lastiman\u00bb, dijo Salas.<br \/>\nVarios importantes figuras de la radio aconcag\u00fcina como Julio Hardoy (Preludio) y Sebasti\u00e1n Henr\u00edquez de Radio Orolonco, expresaron su pena por esta noticia. Hoy desde Diario El Trabajo invitamos tambi\u00e9n a nuestros lectores a solidarizar con este \u2018peso pesado\u2019 de la radio chilena.<br \/>\n<strong>Roberto Gonz\u00e1lez Short<\/strong><\/p>\n<p>&nbsp;<\/p>\n<figure id=\"attachment_95970\" aria-describedby=\"caption-attachment-95970\" style=\"width: 580px\" class=\"wp-caption alignnone\"><img data-recalc-dims=\"1\" loading=\"lazy\" decoding=\"async\" class=\"size-full wp-image-95970\" src=\"https:\/\/i0.wp.com\/www.eltrabajo.cl\/portal\/wp-content\/uploads\/2019\/12\/Locutor2.jpg?resize=580%2C359\" alt=\"EN SU SALSA.- As\u00ed luc\u00eda nuestro querido amigo y connotado comunicador aconcag\u00fcino la \u00faltima vez que visit\u00f3 las cabinas de Radio Orolonco, en Santa Mar\u00eda.\" width=\"580\" height=\"359\" srcset=\"https:\/\/i0.wp.com\/eltrabajo.cl\/portal\/wp-content\/uploads\/2019\/12\/Locutor2.jpg?w=580&amp;ssl=1 580w, https:\/\/i0.wp.com\/eltrabajo.cl\/portal\/wp-content\/uploads\/2019\/12\/Locutor2.jpg?resize=300%2C186&amp;ssl=1 300w, https:\/\/i0.wp.com\/eltrabajo.cl\/portal\/wp-content\/uploads\/2019\/12\/Locutor2.jpg?resize=200%2C124&amp;ssl=1 200w, https:\/\/i0.wp.com\/eltrabajo.cl\/portal\/wp-content\/uploads\/2019\/12\/Locutor2.jpg?resize=242%2C150&amp;ssl=1 242w, https:\/\/i0.wp.com\/eltrabajo.cl\/portal\/wp-content\/uploads\/2019\/12\/Locutor2.jpg?resize=400%2C248&amp;ssl=1 400w\" sizes=\"auto, (max-width: 580px) 100vw, 580px\" \/><figcaption id=\"caption-attachment-95970\" class=\"wp-caption-text\">EN SU SALSA.- As\u00ed luc\u00eda nuestro querido amigo y connotado comunicador aconcag\u00fcino la \u00faltima vez que visit\u00f3 las cabinas de Radio Orolonco, en Santa Mar\u00eda.<\/figcaption><\/figure>\n<p>&nbsp;<\/p>\n<figure id=\"attachment_95972\" aria-describedby=\"caption-attachment-95972\" style=\"width: 580px\" class=\"wp-caption alignnone\"><img data-recalc-dims=\"1\" loading=\"lazy\" decoding=\"async\" class=\"size-full wp-image-95972\" src=\"https:\/\/i0.wp.com\/www.eltrabajo.cl\/portal\/wp-content\/uploads\/2019\/12\/Locutor_HERMAN-PEREZ.jpg?resize=580%2C563\" alt=\"TODOS CON HERMAN.- As\u00ed luc\u00eda hace pocas semanas nuestro amigo Herman. Las personas interesadas en apoyar con recursos, pueden llamar al 9 8886 2414.\" width=\"580\" height=\"563\" srcset=\"https:\/\/i0.wp.com\/eltrabajo.cl\/portal\/wp-content\/uploads\/2019\/12\/Locutor_HERMAN-PEREZ.jpg?w=580&amp;ssl=1 580w, https:\/\/i0.wp.com\/eltrabajo.cl\/portal\/wp-content\/uploads\/2019\/12\/Locutor_HERMAN-PEREZ.jpg?resize=300%2C291&amp;ssl=1 300w, https:\/\/i0.wp.com\/eltrabajo.cl\/portal\/wp-content\/uploads\/2019\/12\/Locutor_HERMAN-PEREZ.jpg?resize=155%2C150&amp;ssl=1 155w, https:\/\/i0.wp.com\/eltrabajo.cl\/portal\/wp-content\/uploads\/2019\/12\/Locutor_HERMAN-PEREZ.jpg?resize=400%2C388&amp;ssl=1 400w\" sizes=\"auto, (max-width: 580px) 100vw, 580px\" \/><figcaption id=\"caption-attachment-95972\" class=\"wp-caption-text\">TODOS CON HERMAN.- As\u00ed luc\u00eda hace pocas semanas nuestro amigo Herman. Las personas interesadas en apoyar con recursos, pueden llamar al 9 8886 2414.<\/figcaption><\/figure>\n<p>&nbsp;<\/p>\n<figure id=\"attachment_95971\" aria-describedby=\"caption-attachment-95971\" style=\"width: 579px\" class=\"wp-caption alignnone\"><img data-recalc-dims=\"1\" loading=\"lazy\" decoding=\"async\" class=\"size-full wp-image-95971\" src=\"https:\/\/i0.wp.com\/www.eltrabajo.cl\/portal\/wp-content\/uploads\/2019\/12\/Locutor_HERMAN-PEREZ-BORQUEZ.jpg?resize=579%2C712\" alt=\"URGE LA AYUDA.- Estas son las condiciones de salud que enfrenta Herman P\u00e9rez B\u00f3rquez, luego de recorrer una gran trayectoria profesional. (Foto autorizada por su familia)\" width=\"579\" height=\"712\" srcset=\"https:\/\/i0.wp.com\/eltrabajo.cl\/portal\/wp-content\/uploads\/2019\/12\/Locutor_HERMAN-PEREZ-BORQUEZ.jpg?w=579&amp;ssl=1 579w, https:\/\/i0.wp.com\/eltrabajo.cl\/portal\/wp-content\/uploads\/2019\/12\/Locutor_HERMAN-PEREZ-BORQUEZ.jpg?resize=244%2C300&amp;ssl=1 244w, https:\/\/i0.wp.com\/eltrabajo.cl\/portal\/wp-content\/uploads\/2019\/12\/Locutor_HERMAN-PEREZ-BORQUEZ.jpg?resize=122%2C150&amp;ssl=1 122w, https:\/\/i0.wp.com\/eltrabajo.cl\/portal\/wp-content\/uploads\/2019\/12\/Locutor_HERMAN-PEREZ-BORQUEZ.jpg?resize=400%2C492&amp;ssl=1 400w\" sizes=\"auto, (max-width: 579px) 100vw, 579px\" \/><figcaption id=\"caption-attachment-95971\" class=\"wp-caption-text\">URGE LA AYUDA.- Estas son las condiciones de salud que enfrenta Herman P\u00e9rez B\u00f3rquez, luego de recorrer una gran trayectoria profesional. (Foto autorizada por su familia)<\/figcaption><\/figure>\n","protected":false},"excerpt":{"rendered":"<p>Herman P\u00e9rez B\u00f3rquez postrado en una cama del San Camilo: Uno de los grandes locutores y comunicadores sociales que ha tenido Chile al servicio de la sociedad, hoy no lo est\u00e1 pasando&#8230;<\/p>\n","protected":false},"author":482,"featured_media":95970,"comment_status":"open","ping_status":"open","sticky":false,"template":"","format":"standard","meta":{"advanced_seo_description":"","jetpack_seo_html_title":"","jetpack_seo_noindex":false,"_jetpack_memberships_contains_paid_content":false,"footnotes":""},"categories":[15],"tags":[],"class_list":["post-95969","post","type-post","status-publish","format-standard","has-post-thumbnail","hentry","category-comunidad"],"jetpack_featured_media_url":"https:\/\/i0.wp.com\/eltrabajo.cl\/portal\/wp-content\/uploads\/2019\/12\/Locutor2.jpg?fit=580%2C359&ssl=1","jetpack_sharing_enabled":true,"jetpack_likes_enabled":true,"jetpack-related-posts":[],"_links":{"self":[{"href":"https:\/\/eltrabajo.cl\/portal\/wp-json\/wp\/v2\/posts\/95969","targetHints":{"allow":["GET"]}}],"collection":[{"href":"https:\/\/eltrabajo.cl\/portal\/wp-json\/wp\/v2\/posts"}],"about":[{"href":"https:\/\/eltrabajo.cl\/portal\/wp-json\/wp\/v2\/types\/post"}],"author":[{"embeddable":true,"href":"https:\/\/eltrabajo.cl\/portal\/wp-json\/wp\/v2\/users\/482"}],"replies":[{"embeddable":true,"href":"https:\/\/eltrabajo.cl\/portal\/wp-json\/wp\/v2\/comments?post=95969"}],"version-history":[{"count":0,"href":"https:\/\/eltrabajo.cl\/portal\/wp-json\/wp\/v2\/posts\/95969\/revisions"}],"wp:featuredmedia":[{"embeddable":true,"href":"https:\/\/eltrabajo.cl\/portal\/wp-json\/wp\/v2\/media\/95970"}],"wp:attachment":[{"href":"https:\/\/eltrabajo.cl\/portal\/wp-json\/wp\/v2\/media?parent=95969"}],"wp:term":[{"taxonomy":"category","embeddable":true,"href":"https:\/\/eltrabajo.cl\/portal\/wp-json\/wp\/v2\/categories?post=95969"},{"taxonomy":"post_tag","embeddable":true,"href":"https:\/\/eltrabajo.cl\/portal\/wp-json\/wp\/v2\/tags?post=95969"}],"curies":[{"name":"wp","href":"https:\/\/api.w.org\/{rel}","templated":true}]}}