{"id":95974,"date":"2019-12-10T04:14:25","date_gmt":"2019-12-10T07:14:25","guid":{"rendered":"http:\/\/www.eltrabajo.cl\/portal\/?p=95974"},"modified":"2019-12-10T04:14:07","modified_gmt":"2019-12-10T07:14:07","slug":"joven-universitaria-pierde-la-vida-en-accidente-de-transito-en-tocornal","status":"publish","type":"post","link":"https:\/\/eltrabajo.cl\/portal\/joven-universitaria-pierde-la-vida-en-accidente-de-transito-en-tocornal\/","title":{"rendered":"Joven universitaria pierde la vida en accidente de tr\u00e1nsito en Tocornal"},"content":{"rendered":"<p><span style=\"color: #ff0000;\"><strong>L\u00eda M\u00e9ndez Espinoza viv\u00eda en Villa Las Palmeras de San Felipe:<\/strong><\/span><\/p>\n<ul>\n<li><strong>La v\u00edctima acompa\u00f1aba a su pareja que conduc\u00eda el veh\u00edculo, estrell\u00e1ndose contra un muro para finalmente caer sobre unos \u00e1rboles del patio de una vivienda, siendo rescatados por personal de Bomberos.<\/strong><\/li>\n<\/ul>\n<p>En un tr\u00e1gico accidente vehicular registrado a eso de las 20:00 horas de este domingo, falleci\u00f3 una joven universitaria de 25 a\u00f1os de edad identificada como L\u00eda Fernanda M\u00e9ndez Espinoza, luego que el veh\u00edculo en que viajaba junto a su pareja termin\u00f3 incrustado al interior del patio de una vivienda ubicada en calle Tocornal de San Felipe.<br \/>\nDe acuerdo al reporte de Carabineros, el accidente se habr\u00eda originado en los momentos en que el conductor del veh\u00edculo placa patente SW 77-01 identificado como Luis Felipe Veas Campos, de 26 a\u00f1os de edad, circular\u00eda acompa\u00f1ado de la joven de poniente a oriente por dicha ruta.<br \/>\nPor causas que se investigan, el conductor habr\u00eda perdido el control del veh\u00edculo que se desplazaba aparentemente a una velocidad considerable, impactando contra un muro e ingresando impresionantemente hasta el patio de un inmueble de calle Tocornal N\u00ba 45, para finalmente chocar contra unos \u00e1rboles del mismo domicilio.<br \/>\nA ra\u00edz de este violento choque, la joven v\u00edctima, egresada de tecn\u00f3loga m\u00e9dico y domiciliada en el pasaje Puerto Rico de la Villa Las Palmeras de San Felipe, falleci\u00f3 a consecuencia de las graves lesiones producidas por este accidente de tr\u00e1nsito.<br \/>\nEn tanto el conductor del veh\u00edculo result\u00f3 con lesiones de consideraci\u00f3n, debiendo ser derivado hasta el Hospital San Juan de Dios de Los Andes.<br \/>\nEl Fiscal de turno orden\u00f3 los peritajes a cargo del personal de la Subcomisar\u00eda Investigadora de Accidentes de Tr\u00e1nsito (SIAT) de Carabineros de San Felipe, para determinar las causas basales de este lamentable accidente con resultado de muerte.<br \/>\nCarabineros inform\u00f3 que el conductor manten\u00eda la documentaci\u00f3n al d\u00eda y normal estado de temperancia alcoh\u00f3lica.<br \/>\nLa joven universitaria, hija de una funcionaria del casino de la Prefectura de Carabineros Aconcagua, ser\u00eda velada en el domicilio de la madre en el sector de Guzmanes de Putaendo.<br \/>\n<span style=\"color: #ff0000;\"><strong>Pablo Salinas Sald\u00edas<\/strong><\/span><\/p>\n<p>&nbsp;<\/p>\n<figure id=\"attachment_95975\" aria-describedby=\"caption-attachment-95975\" style=\"width: 577px\" class=\"wp-caption alignnone\"><img data-recalc-dims=\"1\" loading=\"lazy\" decoding=\"async\" class=\"size-full wp-image-95975\" src=\"https:\/\/i0.wp.com\/www.eltrabajo.cl\/portal\/wp-content\/uploads\/2019\/12\/LIA-MENDEZ.jpg?resize=577%2C360\" alt=\"La joven universitaria L\u00eda M\u00e9ndez Espinoza falleci\u00f3 lamentablemente a la edad de 25 a\u00f1os.\" width=\"577\" height=\"360\" srcset=\"https:\/\/i0.wp.com\/eltrabajo.cl\/portal\/wp-content\/uploads\/2019\/12\/LIA-MENDEZ.jpg?w=577&amp;ssl=1 577w, https:\/\/i0.wp.com\/eltrabajo.cl\/portal\/wp-content\/uploads\/2019\/12\/LIA-MENDEZ.jpg?resize=300%2C187&amp;ssl=1 300w, https:\/\/i0.wp.com\/eltrabajo.cl\/portal\/wp-content\/uploads\/2019\/12\/LIA-MENDEZ.jpg?resize=200%2C125&amp;ssl=1 200w, https:\/\/i0.wp.com\/eltrabajo.cl\/portal\/wp-content\/uploads\/2019\/12\/LIA-MENDEZ.jpg?resize=240%2C150&amp;ssl=1 240w, https:\/\/i0.wp.com\/eltrabajo.cl\/portal\/wp-content\/uploads\/2019\/12\/LIA-MENDEZ.jpg?resize=400%2C250&amp;ssl=1 400w\" sizes=\"auto, (max-width: 577px) 100vw, 577px\" \/><figcaption id=\"caption-attachment-95975\" class=\"wp-caption-text\">La joven universitaria L\u00eda M\u00e9ndez Espinoza falleci\u00f3 lamentablemente a la edad de 25 a\u00f1os.<\/figcaption><\/figure>\n<p>&nbsp;<\/p>\n<figure id=\"attachment_95976\" aria-describedby=\"caption-attachment-95976\" style=\"width: 580px\" class=\"wp-caption alignnone\"><img data-recalc-dims=\"1\" loading=\"lazy\" decoding=\"async\" class=\"size-full wp-image-95976\" src=\"https:\/\/i0.wp.com\/www.eltrabajo.cl\/portal\/wp-content\/uploads\/2019\/12\/lia-TOC1.jpg?resize=580%2C358\" alt=\"El accidente de tr\u00e1nsito ocurri\u00f3 alrededor de las 20:00 horas de este domingo.\" width=\"580\" height=\"358\" srcset=\"https:\/\/i0.wp.com\/eltrabajo.cl\/portal\/wp-content\/uploads\/2019\/12\/lia-TOC1.jpg?w=580&amp;ssl=1 580w, https:\/\/i0.wp.com\/eltrabajo.cl\/portal\/wp-content\/uploads\/2019\/12\/lia-TOC1.jpg?resize=300%2C185&amp;ssl=1 300w, https:\/\/i0.wp.com\/eltrabajo.cl\/portal\/wp-content\/uploads\/2019\/12\/lia-TOC1.jpg?resize=200%2C123&amp;ssl=1 200w, https:\/\/i0.wp.com\/eltrabajo.cl\/portal\/wp-content\/uploads\/2019\/12\/lia-TOC1.jpg?resize=243%2C150&amp;ssl=1 243w, https:\/\/i0.wp.com\/eltrabajo.cl\/portal\/wp-content\/uploads\/2019\/12\/lia-TOC1.jpg?resize=400%2C247&amp;ssl=1 400w\" sizes=\"auto, (max-width: 580px) 100vw, 580px\" \/><figcaption id=\"caption-attachment-95976\" class=\"wp-caption-text\">El accidente de tr\u00e1nsito ocurri\u00f3 alrededor de las 20:00 horas de este domingo.<\/figcaption><\/figure>\n<p>&nbsp;<\/p>\n<figure id=\"attachment_95977\" aria-describedby=\"caption-attachment-95977\" style=\"width: 580px\" class=\"wp-caption alignnone\"><img data-recalc-dims=\"1\" loading=\"lazy\" decoding=\"async\" class=\"size-full wp-image-95977\" src=\"https:\/\/i0.wp.com\/www.eltrabajo.cl\/portal\/wp-content\/uploads\/2019\/12\/lia-TOC2.jpg?resize=580%2C524\" alt=\"Bomberos debi\u00f3 rescatar a los protagonistas de este terrible accidente de tr\u00e1nsito en calle Tocornal de San Felipe.\" width=\"580\" height=\"524\" srcset=\"https:\/\/i0.wp.com\/eltrabajo.cl\/portal\/wp-content\/uploads\/2019\/12\/lia-TOC2.jpg?w=580&amp;ssl=1 580w, https:\/\/i0.wp.com\/eltrabajo.cl\/portal\/wp-content\/uploads\/2019\/12\/lia-TOC2.jpg?resize=300%2C271&amp;ssl=1 300w, https:\/\/i0.wp.com\/eltrabajo.cl\/portal\/wp-content\/uploads\/2019\/12\/lia-TOC2.jpg?resize=166%2C150&amp;ssl=1 166w, https:\/\/i0.wp.com\/eltrabajo.cl\/portal\/wp-content\/uploads\/2019\/12\/lia-TOC2.jpg?resize=400%2C361&amp;ssl=1 400w\" sizes=\"auto, (max-width: 580px) 100vw, 580px\" \/><figcaption id=\"caption-attachment-95977\" class=\"wp-caption-text\">Bomberos debi\u00f3 rescatar a los protagonistas de este terrible accidente de tr\u00e1nsito en calle Tocornal de San Felipe.<\/figcaption><\/figure>\n","protected":false},"excerpt":{"rendered":"<p>L\u00eda M\u00e9ndez Espinoza viv\u00eda en Villa Las Palmeras de San Felipe: La v\u00edctima acompa\u00f1aba a su pareja que conduc\u00eda el veh\u00edculo, estrell\u00e1ndose contra un muro para finalmente caer sobre unos \u00e1rboles del&#8230;<\/p>\n","protected":false},"author":482,"featured_media":95975,"comment_status":"open","ping_status":"open","sticky":false,"template":"","format":"standard","meta":{"advanced_seo_description":"","jetpack_seo_html_title":"","jetpack_seo_noindex":false,"_jetpack_memberships_contains_paid_content":false,"footnotes":""},"categories":[21],"tags":[],"class_list":["post-95974","post","type-post","status-publish","format-standard","has-post-thumbnail","hentry","category-policial"],"jetpack_featured_media_url":"https:\/\/i0.wp.com\/eltrabajo.cl\/portal\/wp-content\/uploads\/2019\/12\/LIA-MENDEZ.jpg?fit=577%2C360&ssl=1","jetpack_sharing_enabled":true,"jetpack_likes_enabled":true,"jetpack-related-posts":[],"_links":{"self":[{"href":"https:\/\/eltrabajo.cl\/portal\/wp-json\/wp\/v2\/posts\/95974","targetHints":{"allow":["GET"]}}],"collection":[{"href":"https:\/\/eltrabajo.cl\/portal\/wp-json\/wp\/v2\/posts"}],"about":[{"href":"https:\/\/eltrabajo.cl\/portal\/wp-json\/wp\/v2\/types\/post"}],"author":[{"embeddable":true,"href":"https:\/\/eltrabajo.cl\/portal\/wp-json\/wp\/v2\/users\/482"}],"replies":[{"embeddable":true,"href":"https:\/\/eltrabajo.cl\/portal\/wp-json\/wp\/v2\/comments?post=95974"}],"version-history":[{"count":0,"href":"https:\/\/eltrabajo.cl\/portal\/wp-json\/wp\/v2\/posts\/95974\/revisions"}],"wp:featuredmedia":[{"embeddable":true,"href":"https:\/\/eltrabajo.cl\/portal\/wp-json\/wp\/v2\/media\/95975"}],"wp:attachment":[{"href":"https:\/\/eltrabajo.cl\/portal\/wp-json\/wp\/v2\/media?parent=95974"}],"wp:term":[{"taxonomy":"category","embeddable":true,"href":"https:\/\/eltrabajo.cl\/portal\/wp-json\/wp\/v2\/categories?post=95974"},{"taxonomy":"post_tag","embeddable":true,"href":"https:\/\/eltrabajo.cl\/portal\/wp-json\/wp\/v2\/tags?post=95974"}],"curies":[{"name":"wp","href":"https:\/\/api.w.org\/{rel}","templated":true}]}}