{"id":95979,"date":"2019-12-10T04:13:42","date_gmt":"2019-12-10T07:13:42","guid":{"rendered":"http:\/\/www.eltrabajo.cl\/portal\/?p=95979"},"modified":"2019-12-10T04:13:42","modified_gmt":"2019-12-10T07:13:42","slug":"mujer-de-42-anos-muere-aplastada-por-su-vehiculo-en-la-puerta-de-su-casa","status":"publish","type":"post","link":"https:\/\/eltrabajo.cl\/portal\/mujer-de-42-anos-muere-aplastada-por-su-vehiculo-en-la-puerta-de-su-casa\/","title":{"rendered":"Mujer de 42 a\u00f1os muere aplastada por su veh\u00edculo en la puerta de su casa"},"content":{"rendered":"<p><span style=\"color: #ff0000;\"><strong>Tr\u00e1gico desenlace ocurri\u00f3 en sector Quebrada Herrera:<\/strong><\/span><\/p>\n<ul>\n<li><strong>Lamentable hecho fue observado por su hija adolescente, quien pidi\u00f3 ayuda v\u00eda telef\u00f3nica a un t\u00edo domiciliado en Llay Llay para que concurriera la ambulancia del Samu.<\/strong><\/li>\n<\/ul>\n<p>Como Marisel Genoveva Araya P\u00e9rez, de 42 a\u00f1os de edad, fue identificada la v\u00edctima que falleci\u00f3 tras ser aplastada por su propio veh\u00edculo en la puerta de su casa, hecho ocurrido cerca de las 23:00 horas de este domingo en el sector Quebrada Herrera de San Felipe.<br \/>\nSeg\u00fan inform\u00f3 el suboficial de Carabineros Nelson Gavil\u00e1n a Diario El Trabajo, la v\u00edctima estacion\u00f3 su autom\u00f3vil en el frontis de su vivienda cercana a calle Central de esa localidad, y por causas que se investigan la mujer habr\u00eda ca\u00eddo mientras el autom\u00f3vil -que se encontrar\u00eda desenganchado- habr\u00eda comenzado a desplazarse produci\u00e9ndose el atropello con las ruedas del m\u00f3vil.<br \/>\nDesafortunadamente los hechos fueron observados por su hija de 14 a\u00f1os de edad, quien ante la grave situaci\u00f3n pidi\u00f3 auxilio por tel\u00e9fono a un t\u00edo para que \u00e9ste pidiera la concurrencia de la ambulancia hasta el sitio del suceso.<br \/>\n\u00abDej\u00f3 el auto estacionado y se baja para abrir el port\u00f3n de su casa, pierde el control y como dej\u00f3 el auto estacionado m\u00e1s atr\u00e1s, pas\u00f3 sobre ella. Estaba con su hija de 14 a\u00f1os que iba con ella. La ni\u00f1a llama a su t\u00edo, hermano de su mam\u00e1 que vive en Llay Llay, y es \u00e9l quien llama al servicio de urgencias, concurriendo personal param\u00e9dico, quienes llaman a Carabineros; comenzaron las maniobras de reanimaci\u00f3n y debido a la gravedad fue trasladada hasta el Hospital de San Felipe\u00bb.<br \/>\nLa v\u00edctima, tras ser ingresada hasta este centro asistencial, falleci\u00f3 pasada la medianoche a consecuencia de las grav\u00edsimas lesiones sufridas.<br \/>\nEn tanto el caso est\u00e1 siendo investigado por parte de la Fiscal\u00eda para indagar en detalle la tr\u00e1gica muerte.<br \/>\n<strong>Pablo Salinas Sald\u00edas<\/strong><\/p>\n<figure id=\"attachment_95980\" aria-describedby=\"caption-attachment-95980\" style=\"width: 580px\" class=\"wp-caption alignnone\"><img data-recalc-dims=\"1\" loading=\"lazy\" decoding=\"async\" class=\"size-full wp-image-95980\" src=\"https:\/\/i0.wp.com\/www.eltrabajo.cl\/portal\/wp-content\/uploads\/2019\/12\/URGENCIAS-SAN-CAMILO-2-1.jpg?resize=580%2C360\" alt=\"La v\u00edctima de 42 a\u00f1os de edad fue derivada hasta el servicio de urgencias del Hospital San Camilo, falleciendo pasada la medianoche.\" width=\"580\" height=\"360\" srcset=\"https:\/\/i0.wp.com\/eltrabajo.cl\/portal\/wp-content\/uploads\/2019\/12\/URGENCIAS-SAN-CAMILO-2-1.jpg?w=580&amp;ssl=1 580w, https:\/\/i0.wp.com\/eltrabajo.cl\/portal\/wp-content\/uploads\/2019\/12\/URGENCIAS-SAN-CAMILO-2-1.jpg?resize=300%2C186&amp;ssl=1 300w, https:\/\/i0.wp.com\/eltrabajo.cl\/portal\/wp-content\/uploads\/2019\/12\/URGENCIAS-SAN-CAMILO-2-1.jpg?resize=200%2C124&amp;ssl=1 200w, https:\/\/i0.wp.com\/eltrabajo.cl\/portal\/wp-content\/uploads\/2019\/12\/URGENCIAS-SAN-CAMILO-2-1.jpg?resize=242%2C150&amp;ssl=1 242w, https:\/\/i0.wp.com\/eltrabajo.cl\/portal\/wp-content\/uploads\/2019\/12\/URGENCIAS-SAN-CAMILO-2-1.jpg?resize=400%2C248&amp;ssl=1 400w\" sizes=\"auto, (max-width: 580px) 100vw, 580px\" \/><figcaption id=\"caption-attachment-95980\" class=\"wp-caption-text\">La v\u00edctima de 42 a\u00f1os de edad fue derivada hasta el servicio de urgencias del Hospital San Camilo, falleciendo pasada la medianoche.<\/figcaption><\/figure>\n","protected":false},"excerpt":{"rendered":"<p>Tr\u00e1gico desenlace ocurri\u00f3 en sector Quebrada Herrera: Lamentable hecho fue observado por su hija adolescente, quien pidi\u00f3 ayuda v\u00eda telef\u00f3nica a un t\u00edo domiciliado en Llay Llay para que concurriera la ambulancia&#8230;<\/p>\n","protected":false},"author":482,"featured_media":95980,"comment_status":"open","ping_status":"open","sticky":false,"template":"","format":"standard","meta":{"advanced_seo_description":"","jetpack_seo_html_title":"","jetpack_seo_noindex":false,"_jetpack_memberships_contains_paid_content":false,"footnotes":""},"categories":[21],"tags":[],"class_list":["post-95979","post","type-post","status-publish","format-standard","has-post-thumbnail","hentry","category-policial"],"jetpack_featured_media_url":"https:\/\/i0.wp.com\/eltrabajo.cl\/portal\/wp-content\/uploads\/2019\/12\/URGENCIAS-SAN-CAMILO-2-1.jpg?fit=580%2C360&ssl=1","jetpack_sharing_enabled":true,"jetpack_likes_enabled":true,"jetpack-related-posts":[],"_links":{"self":[{"href":"https:\/\/eltrabajo.cl\/portal\/wp-json\/wp\/v2\/posts\/95979","targetHints":{"allow":["GET"]}}],"collection":[{"href":"https:\/\/eltrabajo.cl\/portal\/wp-json\/wp\/v2\/posts"}],"about":[{"href":"https:\/\/eltrabajo.cl\/portal\/wp-json\/wp\/v2\/types\/post"}],"author":[{"embeddable":true,"href":"https:\/\/eltrabajo.cl\/portal\/wp-json\/wp\/v2\/users\/482"}],"replies":[{"embeddable":true,"href":"https:\/\/eltrabajo.cl\/portal\/wp-json\/wp\/v2\/comments?post=95979"}],"version-history":[{"count":0,"href":"https:\/\/eltrabajo.cl\/portal\/wp-json\/wp\/v2\/posts\/95979\/revisions"}],"wp:featuredmedia":[{"embeddable":true,"href":"https:\/\/eltrabajo.cl\/portal\/wp-json\/wp\/v2\/media\/95980"}],"wp:attachment":[{"href":"https:\/\/eltrabajo.cl\/portal\/wp-json\/wp\/v2\/media?parent=95979"}],"wp:term":[{"taxonomy":"category","embeddable":true,"href":"https:\/\/eltrabajo.cl\/portal\/wp-json\/wp\/v2\/categories?post=95979"},{"taxonomy":"post_tag","embeddable":true,"href":"https:\/\/eltrabajo.cl\/portal\/wp-json\/wp\/v2\/tags?post=95979"}],"curies":[{"name":"wp","href":"https:\/\/api.w.org\/{rel}","templated":true}]}}