{"id":95983,"date":"2019-12-11T05:01:34","date_gmt":"2019-12-11T08:01:34","guid":{"rendered":"http:\/\/www.eltrabajo.cl\/portal\/?p=95983"},"modified":"2019-12-10T21:03:17","modified_gmt":"2019-12-11T00:03:17","slug":"seleccion-voleibol-u14-del-iac-hace-historia-al-quedar-3o-en-sudamericano-escolar","status":"publish","type":"post","link":"https:\/\/eltrabajo.cl\/portal\/seleccion-voleibol-u14-del-iac-hace-historia-al-quedar-3o-en-sudamericano-escolar\/","title":{"rendered":"Selecci\u00f3n v\u00f3leibol U14 del IAC hace historia al quedar 3\u00ba en Sudamericano Escolar"},"content":{"rendered":"<p>Las tierras paraguayas terminaron siendo un terreno f\u00e9rtil para el deporte escolar sanfelipe\u00f1o, al convertirse en testigo privilegiado del hist\u00f3rico tercer lugar del equipo de v\u00f3leibol masculino del Instituto Abd\u00f3n Cifuentes en el Torneo Sudamericano Escolar.<\/p>\n<p>El combinado sanfelipe\u00f1o, que fue comandado t\u00e9cnicamente por el profesor <strong>Gustavo Vargas<\/strong>, acudi\u00f3 a la cita deportiva continental en representaci\u00f3n de Chile en su calidad de campe\u00f3n nacional, por lo que la tarea y responsabilidad que reca\u00eda sobre sus hombros no era nada sencilla.<\/p>\n<p>La campa\u00f1a del sexteto aconcag\u00fcino ilusion\u00f3 desde el arranque mismo de la competencia ya que en el debut, el lunes 2 de diciembre, super\u00f3 de manera muy clara por 3 a 0 al local Paraguay. Posteriormente, el martes, el team criollo venci\u00f3 a Surinam por 3 a 1.<\/p>\n<p>Cargados de ilusi\u00f3n, pero con los pies en la tierra debido a que chocar\u00edan con un equipo potente, de un pa\u00eds con tradici\u00f3n en el voleibol, el jueves 5 los chilenos afrontaron la semifinal ante Per\u00fa. En ese duelo y a pesar de todos los esfuerzos, fue imposible impedir el 3 a 0 que le propinaron los incaicos.<\/p>\n<p>Veinticuatro horas despu\u00e9s la selecci\u00f3n del IAC se jug\u00f3 sus chances de subir al podio ante Paraguay. \u00a0En lo que fue otra muestra que estaban para hacer historia, no tuvieron mayores problemas para ganar 3 a 0 el importante duelo que les permiti\u00f3 quedarse con el tercer lugar.<\/p>\n<p>La selecci\u00f3n del Instituto Abd\u00f3n Cifuentes, que cont\u00f3 adem\u00e1s con la presencia de dos refuerzos del Liceo Industrial, la integraban los siguientes jugadores:<\/p>\n<p>Javier B\u00f3rquez, Joaqu\u00edn Valenzuela Jeria, Jos\u00e9 Pablo Rivera, Luciano Collantes, David Vergara, Diego Valenzuela Jeria, Luciano Castro, Nicol\u00e1s Navia, Pablo Escobar y Sebasti\u00e1n Miranda.<\/p>\n<p>&nbsp;<\/p>\n<figure id=\"attachment_95984\" aria-describedby=\"caption-attachment-95984\" style=\"width: 580px\" class=\"wp-caption alignnone\"><img data-recalc-dims=\"1\" loading=\"lazy\" decoding=\"async\" class=\"size-full wp-image-95984\" src=\"https:\/\/i0.wp.com\/www.eltrabajo.cl\/portal\/wp-content\/uploads\/2019\/12\/u14-voleibol-iac-1.jpg?resize=580%2C360\" alt=\"HIST\u00d3RICO.- Una presentaci\u00f3n notable cumpli\u00f3 la selecci\u00f3n del IAC en el Sudamericano Escolar realizado en Paraguay.\" width=\"580\" height=\"360\" srcset=\"https:\/\/i0.wp.com\/eltrabajo.cl\/portal\/wp-content\/uploads\/2019\/12\/u14-voleibol-iac-1.jpg?w=580&amp;ssl=1 580w, https:\/\/i0.wp.com\/eltrabajo.cl\/portal\/wp-content\/uploads\/2019\/12\/u14-voleibol-iac-1.jpg?resize=300%2C186&amp;ssl=1 300w, https:\/\/i0.wp.com\/eltrabajo.cl\/portal\/wp-content\/uploads\/2019\/12\/u14-voleibol-iac-1.jpg?resize=200%2C124&amp;ssl=1 200w, https:\/\/i0.wp.com\/eltrabajo.cl\/portal\/wp-content\/uploads\/2019\/12\/u14-voleibol-iac-1.jpg?resize=242%2C150&amp;ssl=1 242w, https:\/\/i0.wp.com\/eltrabajo.cl\/portal\/wp-content\/uploads\/2019\/12\/u14-voleibol-iac-1.jpg?resize=400%2C248&amp;ssl=1 400w\" sizes=\"auto, (max-width: 580px) 100vw, 580px\" \/><figcaption id=\"caption-attachment-95984\" class=\"wp-caption-text\">HIST\u00d3RICO.- Una presentaci\u00f3n notable cumpli\u00f3 la selecci\u00f3n del IAC en el Sudamericano Escolar realizado en Paraguay.<\/figcaption><\/figure>\n<p>&nbsp;<\/p>\n<figure id=\"attachment_95985\" aria-describedby=\"caption-attachment-95985\" style=\"width: 580px\" class=\"wp-caption alignnone\"><img data-recalc-dims=\"1\" loading=\"lazy\" decoding=\"async\" class=\"size-full wp-image-95985\" src=\"https:\/\/i0.wp.com\/www.eltrabajo.cl\/portal\/wp-content\/uploads\/2019\/12\/u14-voleibol-iac-2.jpg?resize=580%2C360\" alt=\"Los ni\u00f1os en todo momento sintieron apoyo al ser acompa\u00f1ados por sus familiares a Paraguay.\" width=\"580\" height=\"360\" srcset=\"https:\/\/i0.wp.com\/eltrabajo.cl\/portal\/wp-content\/uploads\/2019\/12\/u14-voleibol-iac-2.jpg?w=580&amp;ssl=1 580w, https:\/\/i0.wp.com\/eltrabajo.cl\/portal\/wp-content\/uploads\/2019\/12\/u14-voleibol-iac-2.jpg?resize=300%2C186&amp;ssl=1 300w, https:\/\/i0.wp.com\/eltrabajo.cl\/portal\/wp-content\/uploads\/2019\/12\/u14-voleibol-iac-2.jpg?resize=200%2C124&amp;ssl=1 200w, https:\/\/i0.wp.com\/eltrabajo.cl\/portal\/wp-content\/uploads\/2019\/12\/u14-voleibol-iac-2.jpg?resize=242%2C150&amp;ssl=1 242w, https:\/\/i0.wp.com\/eltrabajo.cl\/portal\/wp-content\/uploads\/2019\/12\/u14-voleibol-iac-2.jpg?resize=400%2C248&amp;ssl=1 400w\" sizes=\"auto, (max-width: 580px) 100vw, 580px\" \/><figcaption id=\"caption-attachment-95985\" class=\"wp-caption-text\">Los ni\u00f1os en todo momento sintieron apoyo al ser acompa\u00f1ados por sus familiares a Paraguay.<\/figcaption><\/figure>\n","protected":false},"excerpt":{"rendered":"<p>Las tierras paraguayas terminaron siendo un terreno f\u00e9rtil para el deporte escolar sanfelipe\u00f1o, al convertirse en testigo privilegiado del hist\u00f3rico tercer lugar del equipo de v\u00f3leibol masculino del Instituto Abd\u00f3n Cifuentes en&#8230;<\/p>\n","protected":false},"author":482,"featured_media":95984,"comment_status":"open","ping_status":"open","sticky":false,"template":"","format":"standard","meta":{"advanced_seo_description":"","jetpack_seo_html_title":"","jetpack_seo_noindex":false,"_jetpack_memberships_contains_paid_content":false,"footnotes":""},"categories":[19],"tags":[],"class_list":["post-95983","post","type-post","status-publish","format-standard","has-post-thumbnail","hentry","category-deportes"],"jetpack_featured_media_url":"https:\/\/i0.wp.com\/eltrabajo.cl\/portal\/wp-content\/uploads\/2019\/12\/u14-voleibol-iac-1.jpg?fit=580%2C360&ssl=1","jetpack_sharing_enabled":true,"jetpack_likes_enabled":true,"jetpack-related-posts":[],"_links":{"self":[{"href":"https:\/\/eltrabajo.cl\/portal\/wp-json\/wp\/v2\/posts\/95983","targetHints":{"allow":["GET"]}}],"collection":[{"href":"https:\/\/eltrabajo.cl\/portal\/wp-json\/wp\/v2\/posts"}],"about":[{"href":"https:\/\/eltrabajo.cl\/portal\/wp-json\/wp\/v2\/types\/post"}],"author":[{"embeddable":true,"href":"https:\/\/eltrabajo.cl\/portal\/wp-json\/wp\/v2\/users\/482"}],"replies":[{"embeddable":true,"href":"https:\/\/eltrabajo.cl\/portal\/wp-json\/wp\/v2\/comments?post=95983"}],"version-history":[{"count":0,"href":"https:\/\/eltrabajo.cl\/portal\/wp-json\/wp\/v2\/posts\/95983\/revisions"}],"wp:featuredmedia":[{"embeddable":true,"href":"https:\/\/eltrabajo.cl\/portal\/wp-json\/wp\/v2\/media\/95984"}],"wp:attachment":[{"href":"https:\/\/eltrabajo.cl\/portal\/wp-json\/wp\/v2\/media?parent=95983"}],"wp:term":[{"taxonomy":"category","embeddable":true,"href":"https:\/\/eltrabajo.cl\/portal\/wp-json\/wp\/v2\/categories?post=95983"},{"taxonomy":"post_tag","embeddable":true,"href":"https:\/\/eltrabajo.cl\/portal\/wp-json\/wp\/v2\/tags?post=95983"}],"curies":[{"name":"wp","href":"https:\/\/api.w.org\/{rel}","templated":true}]}}