{"id":95987,"date":"2019-12-11T05:02:33","date_gmt":"2019-12-11T08:02:33","guid":{"rendered":"http:\/\/www.eltrabajo.cl\/portal\/?p=95987"},"modified":"2019-12-10T21:08:58","modified_gmt":"2019-12-11T00:08:58","slug":"agricultor-a-punto-de-quedar-ciego-fue-operado-con-exito-de-uno-de-sus-ojos","status":"publish","type":"post","link":"https:\/\/eltrabajo.cl\/portal\/agricultor-a-punto-de-quedar-ciego-fue-operado-con-exito-de-uno-de-sus-ojos\/","title":{"rendered":"Agricultor a\u00a0 punto de quedar ciego fue operado con \u00e9xito de uno de sus ojos"},"content":{"rendered":"<p><span style=\"color: #ff0000;\"><strong>\u2018Ahora ve en HD\u2019 aunque falta operar el otro \u00f3rgano:<\/strong><\/span><\/p>\n<p>El d\u00eda 12 de noviembre del presente a\u00f1o publicamos la historia de <strong><em>Francisco Lorca Contreras<\/em><\/strong>, extrabajador agr\u00edcola que necesitaba urgente una operaci\u00f3n a sus ojos porque corr\u00eda el riesgo de quedar ciego para toda la vida. Ha pasado casi un mes y lo encontramos en la calle y consultamos \u00bfc\u00f3mo estaba?, si lo hab\u00edan operado. Al respecto nos indic\u00f3 que \u201c<em>gracias a la gesti\u00f3n de <strong>Diario El Trabajo<\/strong> me ha ido muy bien, porque despu\u00e9s que sal\u00ed en el peri\u00f3dico me llamaron del hospital altiro y ahora estoy operado, estoy viendo el 50% porque tengo un ojo bueno, pero con ese ojo veo espectacular muy bien atendido por el doctor Tichen y as\u00ed es que yo estoy muy agradecido de ustedes y este jueves que viene, el jueves 12 me operan, me hacen la segunda operaci\u00f3n ya quedar\u00eda listo, pero 100% efectiva la gesti\u00f3n del diario y la radio<\/em>\u201d, dijo.<\/p>\n<p>&#8211;<strong> \u00bfLo llamaron de inmediato?<\/strong><\/p>\n<p>&#8211; De inmediato al otro d\u00eda sal\u00ed en el diario, en el peri\u00f3dico y al otro d\u00eda me llamaron.<\/p>\n<p>&#8211; <strong>\u00bfCu\u00e1l era su problema o la operaci\u00f3n que le realizaron?<\/strong><\/p>\n<p>&#8211; Cataratas, pero ya me ten\u00eda tapado completamente los dos ojos y me operaron de un ojo, el ojo izquierdo que lo ten\u00eda m\u00e1s comprometido y ahora el jueves como le digo me operan del otro ojo del derecho y ah\u00ed voy a quedar 100%, por lo que ve\u00eda ahora veo todo, antes ve\u00eda sombras no m\u00e1s, ahora veo todo, distingo a las personas por los colores espectaculares, c\u00f3mo me dijo el doctor \u2018ver en HD\u2019 es as\u00ed de simple es como ver en HD lo que estoy viendo ahora.<\/p>\n<p>&#8211; <strong>\u00bfYa no necesita la ayuda de alguna persona?<\/strong><\/p>\n<p>&#8211; De nadie, nadie de nadie.<\/p>\n<p>&#8211; <strong>\u00bfPosibilidad de un trabajo?<\/strong><\/p>\n<p>&#8211; S\u00ed, ahora el primero pienso retomar, porque me voy a tomar unos d\u00edas de cuidado por el sol, pero en enero pienso volver a trabajar ya, tomando mayores precauciones tal vez ya no sea en la vi\u00f1a porque ah\u00ed no tengo nada de sombra, estoy viendo otras posibilidades de viajar por ah\u00ed por Polpaico.<\/p>\n<p>&nbsp;<\/p>\n<figure id=\"attachment_95988\" aria-describedby=\"caption-attachment-95988\" style=\"width: 580px\" class=\"wp-caption alignnone\"><img data-recalc-dims=\"1\" loading=\"lazy\" decoding=\"async\" class=\"size-full wp-image-95988\" src=\"https:\/\/i0.wp.com\/www.eltrabajo.cl\/portal\/wp-content\/uploads\/2019\/12\/Francisco-Lorca.jpg?resize=580%2C358\" alt=\"Francisco Lorca, estuvo a punto de quedar ciego.\" width=\"580\" height=\"358\" srcset=\"https:\/\/i0.wp.com\/eltrabajo.cl\/portal\/wp-content\/uploads\/2019\/12\/Francisco-Lorca.jpg?w=580&amp;ssl=1 580w, https:\/\/i0.wp.com\/eltrabajo.cl\/portal\/wp-content\/uploads\/2019\/12\/Francisco-Lorca.jpg?resize=300%2C185&amp;ssl=1 300w, https:\/\/i0.wp.com\/eltrabajo.cl\/portal\/wp-content\/uploads\/2019\/12\/Francisco-Lorca.jpg?resize=200%2C123&amp;ssl=1 200w, https:\/\/i0.wp.com\/eltrabajo.cl\/portal\/wp-content\/uploads\/2019\/12\/Francisco-Lorca.jpg?resize=243%2C150&amp;ssl=1 243w, https:\/\/i0.wp.com\/eltrabajo.cl\/portal\/wp-content\/uploads\/2019\/12\/Francisco-Lorca.jpg?resize=400%2C247&amp;ssl=1 400w\" sizes=\"auto, (max-width: 580px) 100vw, 580px\" \/><figcaption id=\"caption-attachment-95988\" class=\"wp-caption-text\">Francisco Lorca, estuvo a punto de quedar ciego.<\/figcaption><\/figure>\n","protected":false},"excerpt":{"rendered":"<p>\u2018Ahora ve en HD\u2019 aunque falta operar el otro \u00f3rgano: El d\u00eda 12 de noviembre del presente a\u00f1o publicamos la historia de Francisco Lorca Contreras, extrabajador agr\u00edcola que necesitaba urgente una operaci\u00f3n&#8230;<\/p>\n","protected":false},"author":482,"featured_media":95988,"comment_status":"open","ping_status":"open","sticky":false,"template":"","format":"standard","meta":{"advanced_seo_description":"","jetpack_seo_html_title":"","jetpack_seo_noindex":false,"_jetpack_memberships_contains_paid_content":false,"footnotes":""},"categories":[15],"tags":[],"class_list":["post-95987","post","type-post","status-publish","format-standard","has-post-thumbnail","hentry","category-comunidad"],"jetpack_featured_media_url":"https:\/\/i0.wp.com\/eltrabajo.cl\/portal\/wp-content\/uploads\/2019\/12\/Francisco-Lorca.jpg?fit=580%2C358&ssl=1","jetpack_sharing_enabled":true,"jetpack_likes_enabled":true,"jetpack-related-posts":[],"_links":{"self":[{"href":"https:\/\/eltrabajo.cl\/portal\/wp-json\/wp\/v2\/posts\/95987","targetHints":{"allow":["GET"]}}],"collection":[{"href":"https:\/\/eltrabajo.cl\/portal\/wp-json\/wp\/v2\/posts"}],"about":[{"href":"https:\/\/eltrabajo.cl\/portal\/wp-json\/wp\/v2\/types\/post"}],"author":[{"embeddable":true,"href":"https:\/\/eltrabajo.cl\/portal\/wp-json\/wp\/v2\/users\/482"}],"replies":[{"embeddable":true,"href":"https:\/\/eltrabajo.cl\/portal\/wp-json\/wp\/v2\/comments?post=95987"}],"version-history":[{"count":0,"href":"https:\/\/eltrabajo.cl\/portal\/wp-json\/wp\/v2\/posts\/95987\/revisions"}],"wp:featuredmedia":[{"embeddable":true,"href":"https:\/\/eltrabajo.cl\/portal\/wp-json\/wp\/v2\/media\/95988"}],"wp:attachment":[{"href":"https:\/\/eltrabajo.cl\/portal\/wp-json\/wp\/v2\/media?parent=95987"}],"wp:term":[{"taxonomy":"category","embeddable":true,"href":"https:\/\/eltrabajo.cl\/portal\/wp-json\/wp\/v2\/categories?post=95987"},{"taxonomy":"post_tag","embeddable":true,"href":"https:\/\/eltrabajo.cl\/portal\/wp-json\/wp\/v2\/tags?post=95987"}],"curies":[{"name":"wp","href":"https:\/\/api.w.org\/{rel}","templated":true}]}}