{"id":95990,"date":"2019-12-11T05:03:02","date_gmt":"2019-12-11T08:03:02","guid":{"rendered":"http:\/\/www.eltrabajo.cl\/portal\/?p=95990"},"modified":"2019-12-10T21:10:52","modified_gmt":"2019-12-11T00:10:52","slug":"mujer-fue-enviada-a-prision-por-intentar-ingresar-marihuana-a-carcel-de-san-felipe","status":"publish","type":"post","link":"https:\/\/eltrabajo.cl\/portal\/mujer-fue-enviada-a-prision-por-intentar-ingresar-marihuana-a-carcel-de-san-felipe\/","title":{"rendered":"Mujer fue enviada a prisi\u00f3n por intentar ingresar marihuana a c\u00e1rcel de San Felipe"},"content":{"rendered":"<p><span style=\"color: #ff0000;\"><strong>Sorprendida por personal de Gendarmer\u00eda:<\/strong><\/span><\/p>\n<ul>\n<li><strong>Personal del OS7 de Carabineros incaut\u00f3 una cantidad de menor de papelillos de esta sustancia en la unidad penal.<\/strong><\/li>\n<\/ul>\n<p>En prisi\u00f3n preventiva qued\u00f3 una mujer luego de ser sorprendida por personal de Gendarmer\u00eda intentando ingresar droga a la c\u00e1rcel de San Felipe.<\/p>\n<p>El hecho habr\u00eda quedado al descubierto cuando la imputada concurri\u00f3 a la unidad penal en el horario de visitas, manteniendo en su zona genital una bolsa con una cantidad menor de papelillos de marihuana.<\/p>\n<p>Personal de Gendarmer\u00eda, al observar este delito, solicit\u00f3 la presencia de Carabineros de la secci\u00f3n OS7 Aconcagua, confirm\u00e1ndose que las sustancias incautadas en las papelinas se trataban de cannabis sativa.<\/p>\n<p>La imputada fue detenida por el delito de microtr\u00e1fico de drogas, con la agravante de ingresar sustancias il\u00edcitas a una unidad penal de Gendarmer\u00eda.<\/p>\n<p>El Fiscal <strong>Julio Palacios Bobadilla<\/strong> requiri\u00f3 en audiencia de control de detenci\u00f3n efectuada en el Juzgado de Garant\u00eda de San Felipe, la cautelar de prisi\u00f3n preventiva, debido a que la acusada mantiene antecedentes penales por el mismo delito.<\/p>\n<p>El tribunal acogi\u00f3 el requerimiento del Ministerio P\u00fablico, ordenando el traslado de la imputada hasta el Centro de Cumplimiento Penitenciario Femenino de Los Andes.<\/p>\n<p><strong>Pablo Salinas Sald\u00edas<\/strong><\/p>\n<p>&nbsp;<\/p>\n<figure id=\"attachment_95991\" aria-describedby=\"caption-attachment-95991\" style=\"width: 580px\" class=\"wp-caption alignnone\"><img data-recalc-dims=\"1\" loading=\"lazy\" decoding=\"async\" class=\"size-full wp-image-95991\" src=\"https:\/\/i0.wp.com\/www.eltrabajo.cl\/portal\/wp-content\/uploads\/2019\/12\/CARCEL-SAN-FELIPE.jpg?resize=580%2C359\" alt=\"La imputada fue detenida por intentar ingresar drogas hasta la c\u00e1rcel de San Felipe.\" width=\"580\" height=\"359\" srcset=\"https:\/\/i0.wp.com\/eltrabajo.cl\/portal\/wp-content\/uploads\/2019\/12\/CARCEL-SAN-FELIPE.jpg?w=580&amp;ssl=1 580w, https:\/\/i0.wp.com\/eltrabajo.cl\/portal\/wp-content\/uploads\/2019\/12\/CARCEL-SAN-FELIPE.jpg?resize=300%2C186&amp;ssl=1 300w, https:\/\/i0.wp.com\/eltrabajo.cl\/portal\/wp-content\/uploads\/2019\/12\/CARCEL-SAN-FELIPE.jpg?resize=200%2C124&amp;ssl=1 200w, https:\/\/i0.wp.com\/eltrabajo.cl\/portal\/wp-content\/uploads\/2019\/12\/CARCEL-SAN-FELIPE.jpg?resize=242%2C150&amp;ssl=1 242w, https:\/\/i0.wp.com\/eltrabajo.cl\/portal\/wp-content\/uploads\/2019\/12\/CARCEL-SAN-FELIPE.jpg?resize=400%2C248&amp;ssl=1 400w\" sizes=\"auto, (max-width: 580px) 100vw, 580px\" \/><figcaption id=\"caption-attachment-95991\" class=\"wp-caption-text\">La imputada fue detenida por intentar ingresar drogas hasta la c\u00e1rcel de San Felipe.<\/figcaption><\/figure>\n","protected":false},"excerpt":{"rendered":"<p>Sorprendida por personal de Gendarmer\u00eda: Personal del OS7 de Carabineros incaut\u00f3 una cantidad de menor de papelillos de esta sustancia en la unidad penal. En prisi\u00f3n preventiva qued\u00f3 una mujer luego de&#8230;<\/p>\n","protected":false},"author":482,"featured_media":95991,"comment_status":"open","ping_status":"open","sticky":false,"template":"","format":"standard","meta":{"advanced_seo_description":"","jetpack_seo_html_title":"","jetpack_seo_noindex":false,"_jetpack_memberships_contains_paid_content":false,"footnotes":""},"categories":[97],"tags":[],"class_list":["post-95990","post","type-post","status-publish","format-standard","has-post-thumbnail","hentry","category-tribunales"],"jetpack_featured_media_url":"https:\/\/i0.wp.com\/eltrabajo.cl\/portal\/wp-content\/uploads\/2019\/12\/CARCEL-SAN-FELIPE.jpg?fit=580%2C359&ssl=1","jetpack_sharing_enabled":true,"jetpack_likes_enabled":true,"jetpack-related-posts":[],"_links":{"self":[{"href":"https:\/\/eltrabajo.cl\/portal\/wp-json\/wp\/v2\/posts\/95990","targetHints":{"allow":["GET"]}}],"collection":[{"href":"https:\/\/eltrabajo.cl\/portal\/wp-json\/wp\/v2\/posts"}],"about":[{"href":"https:\/\/eltrabajo.cl\/portal\/wp-json\/wp\/v2\/types\/post"}],"author":[{"embeddable":true,"href":"https:\/\/eltrabajo.cl\/portal\/wp-json\/wp\/v2\/users\/482"}],"replies":[{"embeddable":true,"href":"https:\/\/eltrabajo.cl\/portal\/wp-json\/wp\/v2\/comments?post=95990"}],"version-history":[{"count":0,"href":"https:\/\/eltrabajo.cl\/portal\/wp-json\/wp\/v2\/posts\/95990\/revisions"}],"wp:featuredmedia":[{"embeddable":true,"href":"https:\/\/eltrabajo.cl\/portal\/wp-json\/wp\/v2\/media\/95991"}],"wp:attachment":[{"href":"https:\/\/eltrabajo.cl\/portal\/wp-json\/wp\/v2\/media?parent=95990"}],"wp:term":[{"taxonomy":"category","embeddable":true,"href":"https:\/\/eltrabajo.cl\/portal\/wp-json\/wp\/v2\/categories?post=95990"},{"taxonomy":"post_tag","embeddable":true,"href":"https:\/\/eltrabajo.cl\/portal\/wp-json\/wp\/v2\/tags?post=95990"}],"curies":[{"name":"wp","href":"https:\/\/api.w.org\/{rel}","templated":true}]}}