{"id":96003,"date":"2019-12-11T05:07:26","date_gmt":"2019-12-11T08:07:26","guid":{"rendered":"http:\/\/www.eltrabajo.cl\/portal\/?p=96003"},"modified":"2019-12-11T15:43:47","modified_gmt":"2019-12-11T18:43:47","slug":"con-arresto-domiciliario-total-quedo-menor-de-14-anos-acusado-de-asesinar-a-martin-benitez","status":"publish","type":"post","link":"https:\/\/eltrabajo.cl\/portal\/con-arresto-domiciliario-total-quedo-menor-de-14-anos-acusado-de-asesinar-a-martin-benitez\/","title":{"rendered":"Con arresto domiciliario total qued\u00f3 menor de 14 a\u00f1os acusado de asesinar a Mart\u00edn Ben\u00edtez"},"content":{"rendered":"<p><span style=\"color: #ff0000;\"><strong>Adolescente muri\u00f3 tras estocada a la altura del coraz\u00f3n:<\/strong><\/span><\/p>\n<ul>\n<li><strong>El imputado fue formalizado por homicidio simple y tras la cautelar impuesta por el Tribunal de Garant\u00eda, la Fiscal\u00eda elev\u00f3 un recurso ante la Corte de Apelaciones de Valpara\u00edso, insistiendo que el adolescente es un peligro para la sociedad.<\/strong><\/li>\n<\/ul>\n<p>El arresto domiciliario total fue la medida cautelar impuesta por el Juzgado de Garant\u00eda en contra del menor de 14 a\u00f1os de edad, formalizado por la Fiscal\u00eda por homicidio simple de <strong>Mart\u00edn Arturo Ben\u00edtez Montano<\/strong>, de 15 a\u00f1os de edad, asesinado la madrugada de este domingo 8 de diciembre.<\/p>\n<p>Como se recordar\u00e1, los hechos ocurrieron al interior de una vivienda ubicada en el sector Punta El Olivo de San Felipe, donde se desarroll\u00f3 una fiesta por fin de a\u00f1o donde participaron varios adolescentes.<\/p>\n<p>Durante el festejo ambos protagonistas habr\u00edan comenzado una discusi\u00f3n, presuntamente por la disputa en conquistar a una menor, origin\u00e1ndose una ri\u00f1a por celos donde sorpresivamente el menor de 14 a\u00f1os de edad, habr\u00eda extra\u00eddo un cuchillo amenazando a su contrincante, abalanz\u00e1ndose sobre \u00e9l, hasta ser retenido por los asistentes que intentaban calmar la situaci\u00f3n.<\/p>\n<p>Sin embargo, el enfrentamiento continu\u00f3 y el atacante logr\u00f3 su cometido apu\u00f1alando al adolescente de 15 a\u00f1os en el t\u00f3rax, a la altura del coraz\u00f3n, dej\u00e1ndolo gravemente herido.\u00a0 Mart\u00edn Ben\u00edtez Montano, tras ser llevado hasta el Hospital San Camilo de San Felipe, falleci\u00f3 a los pocos minutos de su ingreso en ese centro asistencial.<\/p>\n<p>El presunto atacante de 14 a\u00f1os de edad fue detenido, ampli\u00e1ndose su detenci\u00f3n hasta este lunes para ser formalizado por la Fiscal\u00eda, requiri\u00e9ndose la cautelar de internaci\u00f3n provisoria en un centro para adolescentes dependiente del Servicio Nacional del Menores (Sename).<\/p>\n<p>El Fiscal <strong>Julio Palacios Bobadilla<\/strong> insisti\u00f3 que pese a que el menor mantiene una intachable conducta anterior, su libertad es un peligro para la seguridad de la sociedad al tratarse de un homicidio.<\/p>\n<p>No obstante, el Juez de Garant\u00eda resolvi\u00f3 que el imputado quedara recluido en su casa durante las 24 horas del d\u00eda, es decir en t\u00e9rminos jur\u00eddicos, arresto domiciliario total, fijando un plazo de investigaci\u00f3n de 90 d\u00edas.<\/p>\n<p>El Ministerio P\u00fablico anunci\u00f3 que se elev\u00f3 un recurso de apelaci\u00f3n ante la Corte de Apelaciones de Valpara\u00edso para revocar la medida cautelar impuesta por el Tribunal de Garant\u00eda.<\/p>\n<p><strong>Pablo Salinas Sald\u00edas<\/strong><\/p>\n<p><strong>\u00a0<\/strong><\/p>\n<figure id=\"attachment_96004\" aria-describedby=\"caption-attachment-96004\" style=\"width: 580px\" class=\"wp-caption alignnone\"><img data-recalc-dims=\"1\" loading=\"lazy\" decoding=\"async\" class=\"size-full wp-image-96004\" src=\"https:\/\/i0.wp.com\/www.eltrabajo.cl\/portal\/wp-content\/uploads\/2019\/12\/Martin-Benitez.jpg?resize=580%2C359\" alt=\"Mart\u00edn Ben\u00edtez Montano falleci\u00f3 a la edad de 15 a\u00f1os el pasado domingo 8 de diciembre en el sector Punta El Olivo de San Felipe, tras ser atacado con un cuchillo.\" width=\"580\" height=\"359\" srcset=\"https:\/\/i0.wp.com\/eltrabajo.cl\/portal\/wp-content\/uploads\/2019\/12\/Martin-Benitez.jpg?w=580&amp;ssl=1 580w, https:\/\/i0.wp.com\/eltrabajo.cl\/portal\/wp-content\/uploads\/2019\/12\/Martin-Benitez.jpg?resize=300%2C186&amp;ssl=1 300w, https:\/\/i0.wp.com\/eltrabajo.cl\/portal\/wp-content\/uploads\/2019\/12\/Martin-Benitez.jpg?resize=200%2C124&amp;ssl=1 200w, https:\/\/i0.wp.com\/eltrabajo.cl\/portal\/wp-content\/uploads\/2019\/12\/Martin-Benitez.jpg?resize=242%2C150&amp;ssl=1 242w, https:\/\/i0.wp.com\/eltrabajo.cl\/portal\/wp-content\/uploads\/2019\/12\/Martin-Benitez.jpg?resize=400%2C248&amp;ssl=1 400w\" sizes=\"auto, (max-width: 580px) 100vw, 580px\" \/><figcaption id=\"caption-attachment-96004\" class=\"wp-caption-text\">Mart\u00edn Ben\u00edtez Montano falleci\u00f3 a la edad de 15 a\u00f1os el pasado domingo 8 de diciembre en el sector Punta El Olivo de San Felipe, tras ser atacado con un cuchillo.<\/figcaption><\/figure>\n","protected":false},"excerpt":{"rendered":"<p>Adolescente muri\u00f3 tras estocada a la altura del coraz\u00f3n: El imputado fue formalizado por homicidio simple y tras la cautelar impuesta por el Tribunal de Garant\u00eda, la Fiscal\u00eda elev\u00f3 un recurso ante&#8230;<\/p>\n","protected":false},"author":482,"featured_media":96004,"comment_status":"closed","ping_status":"open","sticky":false,"template":"","format":"standard","meta":{"advanced_seo_description":"","jetpack_seo_html_title":"","jetpack_seo_noindex":false,"_jetpack_memberships_contains_paid_content":false,"footnotes":""},"categories":[97],"tags":[],"class_list":["post-96003","post","type-post","status-publish","format-standard","has-post-thumbnail","hentry","category-tribunales"],"jetpack_featured_media_url":"https:\/\/i0.wp.com\/eltrabajo.cl\/portal\/wp-content\/uploads\/2019\/12\/Martin-Benitez.jpg?fit=580%2C359&ssl=1","jetpack_sharing_enabled":true,"jetpack_likes_enabled":true,"jetpack-related-posts":[],"_links":{"self":[{"href":"https:\/\/eltrabajo.cl\/portal\/wp-json\/wp\/v2\/posts\/96003","targetHints":{"allow":["GET"]}}],"collection":[{"href":"https:\/\/eltrabajo.cl\/portal\/wp-json\/wp\/v2\/posts"}],"about":[{"href":"https:\/\/eltrabajo.cl\/portal\/wp-json\/wp\/v2\/types\/post"}],"author":[{"embeddable":true,"href":"https:\/\/eltrabajo.cl\/portal\/wp-json\/wp\/v2\/users\/482"}],"replies":[{"embeddable":true,"href":"https:\/\/eltrabajo.cl\/portal\/wp-json\/wp\/v2\/comments?post=96003"}],"version-history":[{"count":0,"href":"https:\/\/eltrabajo.cl\/portal\/wp-json\/wp\/v2\/posts\/96003\/revisions"}],"wp:featuredmedia":[{"embeddable":true,"href":"https:\/\/eltrabajo.cl\/portal\/wp-json\/wp\/v2\/media\/96004"}],"wp:attachment":[{"href":"https:\/\/eltrabajo.cl\/portal\/wp-json\/wp\/v2\/media?parent=96003"}],"wp:term":[{"taxonomy":"category","embeddable":true,"href":"https:\/\/eltrabajo.cl\/portal\/wp-json\/wp\/v2\/categories?post=96003"},{"taxonomy":"post_tag","embeddable":true,"href":"https:\/\/eltrabajo.cl\/portal\/wp-json\/wp\/v2\/tags?post=96003"}],"curies":[{"name":"wp","href":"https:\/\/api.w.org\/{rel}","templated":true}]}}