{"id":96044,"date":"2019-12-13T05:03:15","date_gmt":"2019-12-13T08:03:15","guid":{"rendered":"http:\/\/www.eltrabajo.cl\/portal\/?p=96044"},"modified":"2019-12-12T21:43:52","modified_gmt":"2019-12-13T00:43:52","slug":"condenan-a-conductor-ebrio-que-ademas-circulaba-con-un-revolver","status":"publish","type":"post","link":"https:\/\/eltrabajo.cl\/portal\/condenan-a-conductor-ebrio-que-ademas-circulaba-con-un-revolver\/","title":{"rendered":"Condenan a conductor ebrio que adem\u00e1s circulaba con un rev\u00f3lver"},"content":{"rendered":"<p><span style=\"color: #ff0000;\"><strong>M\u00e1s de tres a\u00f1os de presidio y suspensi\u00f3n de licencia para conducir:<\/strong><\/span><\/p>\n<ul>\n<li><strong>Circulaba en su autom\u00f3vil con 1,74 gramos de alcohol en la sangre, siendo descubierto en la comuna de Putaendo tras un accidente de tr\u00e1nsito ocurrido en mayo de 2018.<\/strong><\/li>\n<\/ul>\n<p>El Tribunal Oral en Lo Penal de San Felipe conden\u00f3 a un sujeto identificado como <strong>Mauricio Antonio Villarroel Olivares<\/strong>, por los delitos de conducci\u00f3n de veh\u00edculo con 1,74 gramos de alcohol en la sangre y porte ilegal de arma de fuego, descubierto en la comuna de Putaendo.<\/p>\n<p>En medio de un juicio oral, la Fiscal\u00eda acus\u00f3 los hechos ocurridos el\u00a0 20 de mayo de 2018, a eso de las 16:20 horas, en circunstancias que Carabineros concurri\u00f3 hasta la calle Alejandrina Carvajal de Putaendo, donde constataron que un autom\u00f3vil marca Chevrolet Corsa, placa patente VH \u2013 88 33, hab\u00eda chocado contra el cierre perimetral de la planta de la empresa Esval, ocasionando da\u00f1os avaluados en $200.000.<\/p>\n<p>Al costado del m\u00f3vil se encontraba su conductor, quien tras ser sometido al alcotest, arroj\u00f3 1,55 gramos de alcohol en su sangre.<\/p>\n<p>Carabineros al realizar un registro entre las vestimentas de este sujeto, descubri\u00f3 que manten\u00eda en su bolsillo un rev\u00f3lver calibre 22 cargado con seis municiones.<\/p>\n<p>El conductor fue derivado hasta el Hospital San Antonio de Putaendo, para ser sometido a la alcoholemia de rigor, arrojando como resultado 1,74 gramos de alcohol en la sangre.<\/p>\n<p>El fiscal <strong>Julio Palacios Bobadilla<\/strong> inform\u00f3 a <strong>Diario El Trabajo<\/strong> que el enjuiciado fue condenado a la pena de tres a\u00f1os y un d\u00eda de presidio por el delito de tenencia ilegal de arma de fuego.<\/p>\n<p>Adem\u00e1s condenado a 41 d\u00edas de presidio, m\u00e1s el pago de dos Unidades Tributarias Mensuales y la suspensi\u00f3n por el per\u00edodo de dos a\u00f1os de su licencia de conducir por el delito de manejo en estado de ebriedad.<\/p>\n<p>El sujeto fue beneficiado y podr\u00e1 cumplir la sentencia en libertad vigilada intensiva.<\/p>\n<p><strong>Pablo Salinas Sald\u00edas<\/strong><\/p>\n<p><strong>\u00a0<\/strong><\/p>\n<figure id=\"attachment_96045\" aria-describedby=\"caption-attachment-96045\" style=\"width: 580px\" class=\"wp-caption alignnone\"><img data-recalc-dims=\"1\" loading=\"lazy\" decoding=\"async\" class=\"size-full wp-image-96045\" src=\"https:\/\/i0.wp.com\/www.eltrabajo.cl\/portal\/wp-content\/uploads\/2019\/12\/CONDUCTOR-EBRIO-1-1.jpg?resize=580%2C360\" alt=\"El conductor del veh\u00edculo fue detenido por Carabineros de la comuna de Putaendo el 20 de mayo de 2018. (Fotograf\u00eda referencial).\" width=\"580\" height=\"360\" srcset=\"https:\/\/i0.wp.com\/eltrabajo.cl\/portal\/wp-content\/uploads\/2019\/12\/CONDUCTOR-EBRIO-1-1.jpg?w=580&amp;ssl=1 580w, https:\/\/i0.wp.com\/eltrabajo.cl\/portal\/wp-content\/uploads\/2019\/12\/CONDUCTOR-EBRIO-1-1.jpg?resize=300%2C186&amp;ssl=1 300w, https:\/\/i0.wp.com\/eltrabajo.cl\/portal\/wp-content\/uploads\/2019\/12\/CONDUCTOR-EBRIO-1-1.jpg?resize=200%2C124&amp;ssl=1 200w, https:\/\/i0.wp.com\/eltrabajo.cl\/portal\/wp-content\/uploads\/2019\/12\/CONDUCTOR-EBRIO-1-1.jpg?resize=242%2C150&amp;ssl=1 242w, https:\/\/i0.wp.com\/eltrabajo.cl\/portal\/wp-content\/uploads\/2019\/12\/CONDUCTOR-EBRIO-1-1.jpg?resize=400%2C248&amp;ssl=1 400w\" sizes=\"auto, (max-width: 580px) 100vw, 580px\" \/><figcaption id=\"caption-attachment-96045\" class=\"wp-caption-text\">El conductor del veh\u00edculo fue detenido por Carabineros de la comuna de Putaendo el 20 de mayo de 2018. (Fotograf\u00eda referencial).<\/figcaption><\/figure>\n","protected":false},"excerpt":{"rendered":"<p>M\u00e1s de tres a\u00f1os de presidio y suspensi\u00f3n de licencia para conducir: Circulaba en su autom\u00f3vil con 1,74 gramos de alcohol en la sangre, siendo descubierto en la comuna de Putaendo tras&#8230;<\/p>\n","protected":false},"author":482,"featured_media":96045,"comment_status":"open","ping_status":"open","sticky":false,"template":"","format":"standard","meta":{"advanced_seo_description":"","jetpack_seo_html_title":"","jetpack_seo_noindex":false,"_jetpack_memberships_contains_paid_content":false,"footnotes":""},"categories":[97],"tags":[],"class_list":["post-96044","post","type-post","status-publish","format-standard","has-post-thumbnail","hentry","category-tribunales"],"jetpack_featured_media_url":"https:\/\/i0.wp.com\/eltrabajo.cl\/portal\/wp-content\/uploads\/2019\/12\/CONDUCTOR-EBRIO-1-1.jpg?fit=580%2C360&ssl=1","jetpack_sharing_enabled":true,"jetpack_likes_enabled":true,"jetpack-related-posts":[],"_links":{"self":[{"href":"https:\/\/eltrabajo.cl\/portal\/wp-json\/wp\/v2\/posts\/96044","targetHints":{"allow":["GET"]}}],"collection":[{"href":"https:\/\/eltrabajo.cl\/portal\/wp-json\/wp\/v2\/posts"}],"about":[{"href":"https:\/\/eltrabajo.cl\/portal\/wp-json\/wp\/v2\/types\/post"}],"author":[{"embeddable":true,"href":"https:\/\/eltrabajo.cl\/portal\/wp-json\/wp\/v2\/users\/482"}],"replies":[{"embeddable":true,"href":"https:\/\/eltrabajo.cl\/portal\/wp-json\/wp\/v2\/comments?post=96044"}],"version-history":[{"count":0,"href":"https:\/\/eltrabajo.cl\/portal\/wp-json\/wp\/v2\/posts\/96044\/revisions"}],"wp:featuredmedia":[{"embeddable":true,"href":"https:\/\/eltrabajo.cl\/portal\/wp-json\/wp\/v2\/media\/96045"}],"wp:attachment":[{"href":"https:\/\/eltrabajo.cl\/portal\/wp-json\/wp\/v2\/media?parent=96044"}],"wp:term":[{"taxonomy":"category","embeddable":true,"href":"https:\/\/eltrabajo.cl\/portal\/wp-json\/wp\/v2\/categories?post=96044"},{"taxonomy":"post_tag","embeddable":true,"href":"https:\/\/eltrabajo.cl\/portal\/wp-json\/wp\/v2\/tags?post=96044"}],"curies":[{"name":"wp","href":"https:\/\/api.w.org\/{rel}","templated":true}]}}