{"id":96047,"date":"2019-12-13T05:04:59","date_gmt":"2019-12-13T08:04:59","guid":{"rendered":"http:\/\/www.eltrabajo.cl\/portal\/?p=96047"},"modified":"2019-12-12T21:46:12","modified_gmt":"2019-12-13T00:46:12","slug":"con-premiacion-y-cena-de-gala-juventud-la-troya-celebro-sus-60-anos-de-existencia","status":"publish","type":"post","link":"https:\/\/eltrabajo.cl\/portal\/con-premiacion-y-cena-de-gala-juventud-la-troya-celebro-sus-60-anos-de-existencia\/","title":{"rendered":"Con premiaci\u00f3n y cena de gala Juventud La Troya celebr\u00f3 sus 60 a\u00f1os de existencia"},"content":{"rendered":"<p><strong>TREMENDO CUMPLEA\u00d1OS<\/strong>.- Con una gran cena de gala celebr\u00f3 la gran familia deportiva del Club Juventud La Troya, en el auditorio de la Cooperativa de Agua Potable La Troya, su 60\u00ba aniversario. En esa oportunidad fueron destacadas cada una de las ocho series futbol\u00edsticas del club, as\u00ed como goleadores, arqueros y dirigentes t\u00e9cnicos.<\/p>\n<p>Juventud La Troya cuenta con tres series infantiles; cuatro adultas y una femenina, y es presidido por <strong><em>Mauro Mondaca<\/em><\/strong> desde hace ya varios a\u00f1os. La actividad estuvo amenizada por la orquesta musical Pandilla Feliz.<\/p>\n<p>&nbsp;<\/p>\n<p><span style=\"color: #ff0000;\"><strong>DEL BOXEO AL\u00a0<\/strong><strong>F\u00daTBOL AMATEUR<\/strong><\/span><\/p>\n<p>Esta organizaci\u00f3n deportiva naci\u00f3 en 1959. En esos a\u00f1os la idea original era funcionar como club de boxeo. Las semanas pasaron y no result\u00f3 como lo pensaban, as\u00ed que decidieron transformarlo en futbol\u00edstico, y desde entonces creci\u00f3 con gran fuerza, ganaron muchos campeonatos, tanto en Aconcagua como fuera del valle.<\/p>\n<p>De sus fundadores originales s\u00f3lo queda vivo el connotado <strong>Orlando Gonz\u00e1lez<\/strong> (pap\u00e1 del \u2018Manteca\u2019), quien se destac\u00f3 por a\u00f1os como dirigente del club. En la actualidad Juventud La Troya cuenta con cancha iluminada propia. Tambi\u00e9n en este reducto deportivo se desarrolla todos los a\u00f1os la Semana Troyana, en la que participan equipos de toda la V Regi\u00f3n.<\/p>\n<p>\u00ab<em>Estamos como club deportivo muy contentos por las seis d\u00e9cadas de buen f\u00fatbol. Muchos son los \u00e9xitos. Como toda instituci\u00f3n deportiva hemos tenido a\u00f1os mejores que otros; muchos se han ido, pero han llegado nuevas generaciones a ponerse la camiseta con amor al deporte y a nuestro club. Agradezco tambi\u00e9n al municipio de San Felipe, al propio alcalde Patricio Freire, a los concejales Mario Villanueva y Dante Rodr\u00edguez, Juan Carlos Sabaj, el Core Mario Sottoliccio, a Guillermo Lillo, un amigo del club, por su apoyo permanente a las nuevas generaciones del club<\/em>\u00bb, coment\u00f3 a <strong>Diario El Trabajo<\/strong> el presidente del club, Mauro Mondaca.<\/p>\n<p><strong>Roberto Gonz\u00e1lez Short<\/strong><\/p>\n<p>&nbsp;<\/p>\n<figure id=\"attachment_96050\" aria-describedby=\"caption-attachment-96050\" style=\"width: 580px\" class=\"wp-caption alignnone\"><img data-recalc-dims=\"1\" loading=\"lazy\" decoding=\"async\" class=\"size-full wp-image-96050\" src=\"https:\/\/i0.wp.com\/www.eltrabajo.cl\/portal\/wp-content\/uploads\/2019\/12\/Troya3.jpg?resize=580%2C360\" alt=\"UNA GRAN FAMILIA.- La cena de gala se realiz\u00f3 con buena m\u00fasica, camarader\u00eda en un ambiente m\u00e1s que familiar.\" width=\"580\" height=\"360\" srcset=\"https:\/\/i0.wp.com\/eltrabajo.cl\/portal\/wp-content\/uploads\/2019\/12\/Troya3.jpg?w=580&amp;ssl=1 580w, https:\/\/i0.wp.com\/eltrabajo.cl\/portal\/wp-content\/uploads\/2019\/12\/Troya3.jpg?resize=300%2C186&amp;ssl=1 300w, https:\/\/i0.wp.com\/eltrabajo.cl\/portal\/wp-content\/uploads\/2019\/12\/Troya3.jpg?resize=200%2C124&amp;ssl=1 200w, https:\/\/i0.wp.com\/eltrabajo.cl\/portal\/wp-content\/uploads\/2019\/12\/Troya3.jpg?resize=242%2C150&amp;ssl=1 242w, https:\/\/i0.wp.com\/eltrabajo.cl\/portal\/wp-content\/uploads\/2019\/12\/Troya3.jpg?resize=400%2C248&amp;ssl=1 400w\" sizes=\"auto, (max-width: 580px) 100vw, 580px\" \/><figcaption id=\"caption-attachment-96050\" class=\"wp-caption-text\">UNA GRAN FAMILIA.- La cena de gala se realiz\u00f3 con buena m\u00fasica, camarader\u00eda en un ambiente m\u00e1s que familiar.<\/figcaption><\/figure>\n<p>&nbsp;<\/p>\n<figure id=\"attachment_96049\" aria-describedby=\"caption-attachment-96049\" style=\"width: 578px\" class=\"wp-caption alignnone\"><img data-recalc-dims=\"1\" loading=\"lazy\" decoding=\"async\" class=\"size-full wp-image-96049\" src=\"https:\/\/i0.wp.com\/www.eltrabajo.cl\/portal\/wp-content\/uploads\/2019\/12\/Troya2.jpg?resize=578%2C298\" alt=\"NUEVA GENERACI\u00d3N.- Los ni\u00f1os tambi\u00e9n fueron destacados por su desempe\u00f1o deportivo en la cancha.\" width=\"578\" height=\"298\" srcset=\"https:\/\/i0.wp.com\/eltrabajo.cl\/portal\/wp-content\/uploads\/2019\/12\/Troya2.jpg?w=578&amp;ssl=1 578w, https:\/\/i0.wp.com\/eltrabajo.cl\/portal\/wp-content\/uploads\/2019\/12\/Troya2.jpg?resize=300%2C155&amp;ssl=1 300w, https:\/\/i0.wp.com\/eltrabajo.cl\/portal\/wp-content\/uploads\/2019\/12\/Troya2.jpg?resize=200%2C103&amp;ssl=1 200w, https:\/\/i0.wp.com\/eltrabajo.cl\/portal\/wp-content\/uploads\/2019\/12\/Troya2.jpg?resize=291%2C150&amp;ssl=1 291w, https:\/\/i0.wp.com\/eltrabajo.cl\/portal\/wp-content\/uploads\/2019\/12\/Troya2.jpg?resize=400%2C206&amp;ssl=1 400w\" sizes=\"auto, (max-width: 578px) 100vw, 578px\" \/><figcaption id=\"caption-attachment-96049\" class=\"wp-caption-text\">NUEVA GENERACI\u00d3N.- Los ni\u00f1os tambi\u00e9n fueron destacados por su desempe\u00f1o deportivo en la cancha.<\/figcaption><\/figure>\n<p>&nbsp;<\/p>\n<figure id=\"attachment_96048\" aria-describedby=\"caption-attachment-96048\" style=\"width: 579px\" class=\"wp-caption alignnone\"><img data-recalc-dims=\"1\" loading=\"lazy\" decoding=\"async\" class=\"size-full wp-image-96048\" src=\"https:\/\/i0.wp.com\/www.eltrabajo.cl\/portal\/wp-content\/uploads\/2019\/12\/Troya1.jpg?resize=579%2C311\" alt=\"ADULTOS EN FORMA.- Aqu\u00ed tenemos a varios integrantes de la Serie Adulta, recibiendo sus respectivos diplomas.\" width=\"579\" height=\"311\" srcset=\"https:\/\/i0.wp.com\/eltrabajo.cl\/portal\/wp-content\/uploads\/2019\/12\/Troya1.jpg?w=579&amp;ssl=1 579w, https:\/\/i0.wp.com\/eltrabajo.cl\/portal\/wp-content\/uploads\/2019\/12\/Troya1.jpg?resize=300%2C161&amp;ssl=1 300w, https:\/\/i0.wp.com\/eltrabajo.cl\/portal\/wp-content\/uploads\/2019\/12\/Troya1.jpg?resize=200%2C107&amp;ssl=1 200w, https:\/\/i0.wp.com\/eltrabajo.cl\/portal\/wp-content\/uploads\/2019\/12\/Troya1.jpg?resize=279%2C150&amp;ssl=1 279w, https:\/\/i0.wp.com\/eltrabajo.cl\/portal\/wp-content\/uploads\/2019\/12\/Troya1.jpg?resize=400%2C215&amp;ssl=1 400w\" sizes=\"auto, (max-width: 579px) 100vw, 579px\" \/><figcaption id=\"caption-attachment-96048\" class=\"wp-caption-text\">ADULTOS EN FORMA.- Aqu\u00ed tenemos a varios integrantes de la Serie Adulta, recibiendo sus respectivos diplomas.<\/figcaption><\/figure>\n","protected":false},"excerpt":{"rendered":"<p>TREMENDO CUMPLEA\u00d1OS.- Con una gran cena de gala celebr\u00f3 la gran familia deportiva del Club Juventud La Troya, en el auditorio de la Cooperativa de Agua Potable La Troya, su 60\u00ba aniversario&#8230;.<\/p>\n","protected":false},"author":482,"featured_media":96050,"comment_status":"open","ping_status":"open","sticky":false,"template":"","format":"standard","meta":{"advanced_seo_description":"","jetpack_seo_html_title":"","jetpack_seo_noindex":false,"_jetpack_memberships_contains_paid_content":false,"footnotes":""},"categories":[15],"tags":[],"class_list":["post-96047","post","type-post","status-publish","format-standard","has-post-thumbnail","hentry","category-comunidad"],"jetpack_featured_media_url":"https:\/\/i0.wp.com\/eltrabajo.cl\/portal\/wp-content\/uploads\/2019\/12\/Troya3.jpg?fit=580%2C360&ssl=1","jetpack_sharing_enabled":true,"jetpack_likes_enabled":true,"jetpack-related-posts":[],"_links":{"self":[{"href":"https:\/\/eltrabajo.cl\/portal\/wp-json\/wp\/v2\/posts\/96047","targetHints":{"allow":["GET"]}}],"collection":[{"href":"https:\/\/eltrabajo.cl\/portal\/wp-json\/wp\/v2\/posts"}],"about":[{"href":"https:\/\/eltrabajo.cl\/portal\/wp-json\/wp\/v2\/types\/post"}],"author":[{"embeddable":true,"href":"https:\/\/eltrabajo.cl\/portal\/wp-json\/wp\/v2\/users\/482"}],"replies":[{"embeddable":true,"href":"https:\/\/eltrabajo.cl\/portal\/wp-json\/wp\/v2\/comments?post=96047"}],"version-history":[{"count":0,"href":"https:\/\/eltrabajo.cl\/portal\/wp-json\/wp\/v2\/posts\/96047\/revisions"}],"wp:featuredmedia":[{"embeddable":true,"href":"https:\/\/eltrabajo.cl\/portal\/wp-json\/wp\/v2\/media\/96050"}],"wp:attachment":[{"href":"https:\/\/eltrabajo.cl\/portal\/wp-json\/wp\/v2\/media?parent=96047"}],"wp:term":[{"taxonomy":"category","embeddable":true,"href":"https:\/\/eltrabajo.cl\/portal\/wp-json\/wp\/v2\/categories?post=96047"},{"taxonomy":"post_tag","embeddable":true,"href":"https:\/\/eltrabajo.cl\/portal\/wp-json\/wp\/v2\/tags?post=96047"}],"curies":[{"name":"wp","href":"https:\/\/api.w.org\/{rel}","templated":true}]}}