{"id":96052,"date":"2019-12-13T05:05:29","date_gmt":"2019-12-13T08:05:29","guid":{"rendered":"http:\/\/www.eltrabajo.cl\/portal\/?p=96052"},"modified":"2019-12-12T21:48:56","modified_gmt":"2019-12-13T00:48:56","slug":"seleccion-de-catemu-va-por-la-gloria-en-regional-de-honor-del-futbol-aficionado","status":"publish","type":"post","link":"https:\/\/eltrabajo.cl\/portal\/seleccion-de-catemu-va-por-la-gloria-en-regional-de-honor-del-futbol-aficionado\/","title":{"rendered":"Selecci\u00f3n de Catemu va por la gloria en Regional de Honor del f\u00fatbol aficionado"},"content":{"rendered":"<ul>\n<li><strong>Ma\u00f1ana s\u00e1bado en el c\u00e9sped sint\u00e9tico del estadio Lucio Fari\u00f1a de Quillota, la selecci\u00f3n de Catemu buscar\u00e1 el t\u00edtulo en el torneo Regional de la m\u00e1xima categor\u00eda del balompi\u00e9 aficionado. <\/strong><\/li>\n<\/ul>\n<p>A solo horas del trascendental encuentro ante su similar de Vi\u00f1a del Mar, el entrenador del combinado catemino, <strong>Richard Soza<\/strong>, habl\u00f3 con <strong>El Trabajo Deportivo<\/strong> para analizar el gran momento por el que atraviesa su escuadra: <em>\u201cEn lo futbol\u00edstico claramente hemos ido mejorando; avanzamos hasta cuartos de final sin perder ning\u00fan partido, y cuando eso ocurri\u00f3 se debi\u00f3 a hechos circunstanciales (estallido social) porque no pudimos contar con cinco jugadores frente a Uni\u00f3n Pe\u00f1ablanca; pero as\u00ed y todo igual avanzamos mediante los penales\u201d,<\/em> parti\u00f3 diciendo el coach.<\/p>\n<p>Richard Soza destac\u00f3 que una de las claves del \u00e9xito de su equipo fue el contar con un grupo de jugadores j\u00f3venes, con mucha hambre de triunfo, que adem\u00e1s se conocen ampliamente, a lo que se agrega un dato no menor como lo es el hecho de tener muy claro que esto es f\u00fatbol amateur, donde se juega por amor a la camiseta y con mucho compromiso deportivo. <em>\u201cLa base que utilic\u00e9 fue de los dos equipos (Santa Rosa, Alfredo Riesco) que en ese momento peleaban por el t\u00edtulo de la asociaci\u00f3n de Catemu. Tenemos grupo con un promedio de edad de 23 a\u00f1os, lo que nos permite ser un equipo directo, muy ordenado y que saca la garra en los momentos que se requiere\u201d,<\/em> explic\u00f3.<\/p>\n<p>Respecto a la gran final de ma\u00f1ana frente a su similar vi\u00f1amarino, el adiestrador coment\u00f3: <em>\u201cEs un equipo (Vi\u00f1a) muy bueno que le da un buen trato al bal\u00f3n; la idea nuestra es que no cambiemos nada de nada, para seguir con el esp\u00edritu amateur. Entrenaremos el viernes, y el domingo nos iremos todos juntos al estadio que de seguro tendr\u00e1 en sus tribunas mucha gente de Catemu, porque en la calle se hace palpable que se est\u00e1 viviendo algo muy lindo e hist\u00f3rico para nuestra comuna\u201d.<\/em><\/p>\n<p><strong>Programaci\u00f3n:<\/strong><\/p>\n<p>Domingo 15 de diciembre<\/p>\n<p>Estadio Lucio Fari\u00f1a de Quillota<\/p>\n<p>17:00 horas: Catemu \u2013 Vi\u00f1a Del Mar<\/p>\n<p>&nbsp;<\/p>\n<figure id=\"attachment_96053\" aria-describedby=\"caption-attachment-96053\" style=\"width: 580px\" class=\"wp-caption alignnone\"><img data-recalc-dims=\"1\" loading=\"lazy\" decoding=\"async\" class=\"size-full wp-image-96053\" src=\"https:\/\/i0.wp.com\/www.eltrabajo.cl\/portal\/wp-content\/uploads\/2019\/12\/Richard-Soza.jpg?resize=580%2C359\" alt=\"Richard Soza dirigiendo a la selecci\u00f3n de Catemu en la semifinal frente a Osm\u00e1n P\u00e9rez Freire.\" width=\"580\" height=\"359\" srcset=\"https:\/\/i0.wp.com\/eltrabajo.cl\/portal\/wp-content\/uploads\/2019\/12\/Richard-Soza.jpg?w=580&amp;ssl=1 580w, https:\/\/i0.wp.com\/eltrabajo.cl\/portal\/wp-content\/uploads\/2019\/12\/Richard-Soza.jpg?resize=300%2C186&amp;ssl=1 300w, https:\/\/i0.wp.com\/eltrabajo.cl\/portal\/wp-content\/uploads\/2019\/12\/Richard-Soza.jpg?resize=200%2C124&amp;ssl=1 200w, https:\/\/i0.wp.com\/eltrabajo.cl\/portal\/wp-content\/uploads\/2019\/12\/Richard-Soza.jpg?resize=242%2C150&amp;ssl=1 242w, https:\/\/i0.wp.com\/eltrabajo.cl\/portal\/wp-content\/uploads\/2019\/12\/Richard-Soza.jpg?resize=400%2C248&amp;ssl=1 400w\" sizes=\"auto, (max-width: 580px) 100vw, 580px\" \/><figcaption id=\"caption-attachment-96053\" class=\"wp-caption-text\">Richard Soza dirigiendo a la selecci\u00f3n de Catemu en la semifinal frente a Osm\u00e1n P\u00e9rez Freire.<\/figcaption><\/figure>\n","protected":false},"excerpt":{"rendered":"<p>Ma\u00f1ana s\u00e1bado en el c\u00e9sped sint\u00e9tico del estadio Lucio Fari\u00f1a de Quillota, la selecci\u00f3n de Catemu buscar\u00e1 el t\u00edtulo en el torneo Regional de la m\u00e1xima categor\u00eda del balompi\u00e9 aficionado. A solo&#8230;<\/p>\n","protected":false},"author":482,"featured_media":96053,"comment_status":"open","ping_status":"open","sticky":false,"template":"","format":"standard","meta":{"advanced_seo_description":"","jetpack_seo_html_title":"","jetpack_seo_noindex":false,"_jetpack_memberships_contains_paid_content":false,"footnotes":""},"categories":[19],"tags":[],"class_list":["post-96052","post","type-post","status-publish","format-standard","has-post-thumbnail","hentry","category-deportes"],"jetpack_featured_media_url":"https:\/\/i0.wp.com\/eltrabajo.cl\/portal\/wp-content\/uploads\/2019\/12\/Richard-Soza.jpg?fit=580%2C359&ssl=1","jetpack_sharing_enabled":true,"jetpack_likes_enabled":true,"jetpack-related-posts":[],"_links":{"self":[{"href":"https:\/\/eltrabajo.cl\/portal\/wp-json\/wp\/v2\/posts\/96052","targetHints":{"allow":["GET"]}}],"collection":[{"href":"https:\/\/eltrabajo.cl\/portal\/wp-json\/wp\/v2\/posts"}],"about":[{"href":"https:\/\/eltrabajo.cl\/portal\/wp-json\/wp\/v2\/types\/post"}],"author":[{"embeddable":true,"href":"https:\/\/eltrabajo.cl\/portal\/wp-json\/wp\/v2\/users\/482"}],"replies":[{"embeddable":true,"href":"https:\/\/eltrabajo.cl\/portal\/wp-json\/wp\/v2\/comments?post=96052"}],"version-history":[{"count":0,"href":"https:\/\/eltrabajo.cl\/portal\/wp-json\/wp\/v2\/posts\/96052\/revisions"}],"wp:featuredmedia":[{"embeddable":true,"href":"https:\/\/eltrabajo.cl\/portal\/wp-json\/wp\/v2\/media\/96053"}],"wp:attachment":[{"href":"https:\/\/eltrabajo.cl\/portal\/wp-json\/wp\/v2\/media?parent=96052"}],"wp:term":[{"taxonomy":"category","embeddable":true,"href":"https:\/\/eltrabajo.cl\/portal\/wp-json\/wp\/v2\/categories?post=96052"},{"taxonomy":"post_tag","embeddable":true,"href":"https:\/\/eltrabajo.cl\/portal\/wp-json\/wp\/v2\/tags?post=96052"}],"curies":[{"name":"wp","href":"https:\/\/api.w.org\/{rel}","templated":true}]}}