{"id":96055,"date":"2019-12-13T05:06:02","date_gmt":"2019-12-13T08:06:02","guid":{"rendered":"http:\/\/www.eltrabajo.cl\/portal\/?p=96055"},"modified":"2019-12-12T21:51:14","modified_gmt":"2019-12-13T00:51:14","slug":"quedo-ciega-sorda-y-muda-lucho-y-en-un-ano-termina-su-carrera-profesional","status":"publish","type":"post","link":"https:\/\/eltrabajo.cl\/portal\/quedo-ciega-sorda-y-muda-lucho-y-en-un-ano-termina-su-carrera-profesional\/","title":{"rendered":"Qued\u00f3 ciega, sorda y muda; luch\u00f3 y en un a\u00f1o termina su carrera profesional"},"content":{"rendered":"<p><span style=\"color: #ff0000;\"><strong>Cecilia Verdejo nos cuenta hoy qu\u00e9 ha sido de ella:<\/strong><\/span><\/p>\n<ul>\n<li><strong>De ni\u00f1a fue un vegetal. En Telet\u00f3n encontr\u00f3 ayuda y en el patinaje las fuerzas para crecer. Recuper\u00f3 la vista, el equilibrio y el habla. La \u2018Ni\u00f1a Milagro\u2019 es hoy toda una mujer y nos habla de sus sue\u00f1os y metas.<\/strong><\/li>\n<\/ul>\n<p>De seguro que muchos de nuestros lectores recordar\u00e1n a la ni\u00f1a que en 2012 inspir\u00f3 a muchos chilenos a creer en s\u00ed mismos con su valiente ejemplo de vida. Hablamos de <strong><em>Cecilia Verdejo Varas<\/em><\/strong>, quien ahora tiene 22 a\u00f1os de edad. Pasados ocho a\u00f1os quisimos visitarla en su casa en El Se\u00f1orial para que nos comparta qu\u00e9 ha sido de su vida, qu\u00e9 est\u00e1 haciendo y hacia d\u00f3nde se dirige. Pero antes hagamos un breve resumen de su historia para comprender por qu\u00e9 ella es importante para todos en Aconcagua.<\/p>\n<p>&nbsp;<\/p>\n<p><span style=\"color: #ff0000;\"><strong>BREVE RESUMEN<\/strong><\/span><\/p>\n<p>Cuando Cecilia ten\u00eda apenas 8 a\u00f1os de edad empez\u00f3 a sufrir problemas de visi\u00f3n y fuertes mareos, mismos que la remiten a un tenebroso diagn\u00f3stico que se\u00f1ala la existencia de un tumor cerebral, as\u00ed como otro mal tan mortal como el primero: Hidrocefalia.<\/p>\n<p>Luego de tantos mareos y estando casi ciega, a Cecilia le dictaminaron los m\u00e9dicos en 2006, un tumor en el tronco cerebral, as\u00ed como una hidrocefalia. El pron\u00f3stico fue devastador: si la peque\u00f1a Cecilia lograba sobrevivir de esas operaciones, quedar\u00eda en estado \u2018Vegetal\u2019 para toda su vida.<\/p>\n<p>As\u00ed, ella empez\u00f3 a ser intervenida una tras otra vez. El tumor fue extirpado; colocaron v\u00e1lvulas en su cabecita para drenar el l\u00edquido cefalorraqu\u00eddeo de su cerebro, entrando luego en la oscuridad del coma profundo durante 28 d\u00edas. La noche parec\u00eda nunca terminar.<\/p>\n<p>Al a\u00f1o siguiente, en 2007, la ni\u00f1a fue remitida a Telet\u00f3n de Valpara\u00edso. Ah\u00ed se le abri\u00f3 una puerta para seguir super\u00e1ndose. Sus padres <strong>Ra\u00fal Verdejo<\/strong> e <strong>Isis Varas<\/strong> ten\u00edan que llevarla dos veces a la semana para poder recibir s\u00f3lo una hora de terapia, porque la cantidad de pacientes es incre\u00edble; cientos de otros padres haciendo fila para que alguno de sus hijos recibiera una hora de terapia.<\/p>\n<p>Cecilia tuvo que aprender a comer, hablar, mover su cuerpo y equilibrarlo. Se dijo que jam\u00e1s ella podr\u00eda comer por su boca, que jam\u00e1s ella podr\u00eda hablar y caminar. A pesar de estos oscuros pron\u00f3sticos, la ni\u00f1a logr\u00f3 caminar, aunque con mucha dificultad, durante el primer a\u00f1o en la Telet\u00f3n.<\/p>\n<p>&nbsp;<\/p>\n<p><span style=\"color: #ff0000;\"><strong>LA CECILIA ACTUAL<\/strong><\/span><\/p>\n<p>Los a\u00f1os pasaron y la ni\u00f1a vivi\u00f3 su adolescencia siempre luchando, soportando a veces envidias, discriminaciones y venciendo sus temores. Fue patinadora algunos a\u00f1os y esa experiencia, con sus ca\u00eddas y golpes, tambi\u00e9n le ayudaron a levantarse cuantas veces fuera necesario, fortaleci\u00e9ndose cada d\u00eda hasta convertirse en la mujer que hoy queremos presentar.<\/p>\n<p>&#8211; <strong>\u00bfQu\u00e9 est\u00e1s haciendo ahora con tu vida Cecilia?<\/strong><\/p>\n<p>&#8211; Sigo soltera. Estoy sacando la carrera de Trabajadora Social en el Instituto Libertador de Los Andes. Voy eximida de casi todos los semestres, me ha ido muy bien con mis estudios. S\u00f3lo me falta un a\u00f1o para poder ejercer esta profesi\u00f3n.<\/p>\n<p>&#8211; <strong>\u00bfY ya llevaste pr\u00e1cticas en terreno?<\/strong><\/p>\n<p>&#8211; S\u00ed, bastantes, llevo pr\u00e1cticas en jardines infantiles, en la Oficina de Discapacidad de la Dideco San Felipe, en el Ayec\u00e1n y en otras instituciones del valle.<\/p>\n<p>&#8211; <strong>\u00bfEst\u00e1s trabajando en alguna parte?<\/strong><\/p>\n<p>&#8211; S\u00ed, mientras termino mis estudios sigo en Empaque en el Santa Isabel de Tocornal-Yungay, me gano mi dinero y con el mismo logro apoyar a mi familia, sobrinos y comprar mis cosas personales.<\/p>\n<p>&#8211; <strong>\u00bfTe llevan seguimiento los m\u00e9dicos en la parte de tu salud?<\/strong><\/p>\n<p>&#8211; S\u00ed. Cada a\u00f1o tienen que hacerme una regulaci\u00f3n de las v\u00e1lvulas de mi cerebro, las que filtran el l\u00edquido de mi cerebro.<\/p>\n<p>&#8211; <strong>\u00bfLos reportajes en Diario El Trabajo sobre tu historia de lucha significaron alg\u00fan apoyo para ti?<\/strong><\/p>\n<p>&#8211; Mucho. Es gratificante sentir que personas e instituciones que no me conoc\u00edan destacaran mi vida a ese nivel. Me sent\u00ed fortalecida, me tuve m\u00e1s confianza y las personas imitaron el gesto y m\u00e1s apoyo me dio, estoy muy agradecida.<\/p>\n<p>&#8211;<strong> \u00bfAlguna actividad recreativa que te guste?<\/strong><\/p>\n<p>&#8211; Estoy participando en el Grupo Juvenil EJE (Encuentro Juvenil en el Esp\u00edritu), nos reunimos en la capilla Esp\u00edritu Santo de Riquelme, recibo mucho apoyo de mis amigos en ese grupo.<\/p>\n<p>&#8211; <strong>\u00bfC\u00f3mo te ves en diez a\u00f1os m\u00e1s?<\/strong><\/p>\n<p>&#8211; Me veo ya una profesional, trabajando de manera estable, casada, con hijos y una familia propia.<\/p>\n<p>&nbsp;<\/p>\n<p><span style=\"color: #ff0000;\"><strong>IMPARABLE CECILIA<\/strong><\/span><\/p>\n<p>Todos quienes laboramos en <strong>Diario El Trabajo<\/strong> hoy felicitamos a nuestra amiga Cecilia Verdejo, excelente estudiante, luchadora y tenaz amante de la filosof\u00eda de la superaci\u00f3n, por su lucha constante y porque tambi\u00e9n este lunes 16 de diciembre estar\u00e1 cumpliendo sus 22 a\u00f1os de edad. \u00a1<strong><em>Adelante campeona<\/em><\/strong>!<\/p>\n<p><strong>Roberto Gonz\u00e1lez Short<\/strong><\/p>\n<p>&nbsp;<\/p>\n<figure id=\"attachment_96056\" aria-describedby=\"caption-attachment-96056\" style=\"width: 577px\" class=\"wp-caption alignnone\"><img data-recalc-dims=\"1\" loading=\"lazy\" decoding=\"async\" class=\"size-full wp-image-96056\" src=\"https:\/\/i0.wp.com\/www.eltrabajo.cl\/portal\/wp-content\/uploads\/2019\/12\/Cecilia4.jpg?resize=577%2C360\" alt=\"SIN EQUILIBRIO.- Ella tampoco ten\u00eda equilibrio, en la Telet\u00f3n logr\u00f3 recibir las terapias que tanto le ayudaron.\" width=\"577\" height=\"360\" srcset=\"https:\/\/i0.wp.com\/eltrabajo.cl\/portal\/wp-content\/uploads\/2019\/12\/Cecilia4.jpg?w=577&amp;ssl=1 577w, https:\/\/i0.wp.com\/eltrabajo.cl\/portal\/wp-content\/uploads\/2019\/12\/Cecilia4.jpg?resize=300%2C187&amp;ssl=1 300w, https:\/\/i0.wp.com\/eltrabajo.cl\/portal\/wp-content\/uploads\/2019\/12\/Cecilia4.jpg?resize=200%2C125&amp;ssl=1 200w, https:\/\/i0.wp.com\/eltrabajo.cl\/portal\/wp-content\/uploads\/2019\/12\/Cecilia4.jpg?resize=240%2C150&amp;ssl=1 240w, https:\/\/i0.wp.com\/eltrabajo.cl\/portal\/wp-content\/uploads\/2019\/12\/Cecilia4.jpg?resize=400%2C250&amp;ssl=1 400w\" sizes=\"auto, (max-width: 577px) 100vw, 577px\" \/><figcaption id=\"caption-attachment-96056\" class=\"wp-caption-text\">SIN EQUILIBRIO.- Ella tampoco ten\u00eda equilibrio, en la Telet\u00f3n logr\u00f3 recibir las terapias que tanto le ayudaron.<\/figcaption><\/figure>\n<p>&nbsp;<\/p>\n<figure id=\"attachment_96058\" aria-describedby=\"caption-attachment-96058\" style=\"width: 579px\" class=\"wp-caption alignnone\"><img data-recalc-dims=\"1\" loading=\"lazy\" decoding=\"async\" class=\"size-full wp-image-96058\" src=\"https:\/\/i0.wp.com\/www.eltrabajo.cl\/portal\/wp-content\/uploads\/2019\/12\/Cecilia2.jpg?resize=579%2C687\" alt=\"TODA SU VIDA LUCHANDO.- Lejos est\u00e1n los recuerdos en que a Cecilia deb\u00edan sostenerla porque se ca\u00eda hacia los lados. En la Telet\u00f3n encontr\u00f3 la ayuda especializada que tanto necesitaba para su atrofiado cuerpo.\" width=\"579\" height=\"687\" srcset=\"https:\/\/i0.wp.com\/eltrabajo.cl\/portal\/wp-content\/uploads\/2019\/12\/Cecilia2.jpg?w=579&amp;ssl=1 579w, https:\/\/i0.wp.com\/eltrabajo.cl\/portal\/wp-content\/uploads\/2019\/12\/Cecilia2.jpg?resize=253%2C300&amp;ssl=1 253w, https:\/\/i0.wp.com\/eltrabajo.cl\/portal\/wp-content\/uploads\/2019\/12\/Cecilia2.jpg?resize=126%2C150&amp;ssl=1 126w, https:\/\/i0.wp.com\/eltrabajo.cl\/portal\/wp-content\/uploads\/2019\/12\/Cecilia2.jpg?resize=400%2C475&amp;ssl=1 400w\" sizes=\"auto, (max-width: 579px) 100vw, 579px\" \/><figcaption id=\"caption-attachment-96058\" class=\"wp-caption-text\">TODA SU VIDA LUCHANDO.- Lejos est\u00e1n los recuerdos en que a Cecilia deb\u00edan sostenerla porque se ca\u00eda hacia los lados. En la Telet\u00f3n encontr\u00f3 la ayuda especializada que tanto necesitaba para su atrofiado cuerpo.<\/figcaption><\/figure>\n<p>&nbsp;<\/p>\n<figure id=\"attachment_96057\" aria-describedby=\"caption-attachment-96057\" style=\"width: 579px\" class=\"wp-caption alignnone\"><img data-recalc-dims=\"1\" loading=\"lazy\" decoding=\"async\" class=\"size-full wp-image-96057\" src=\"https:\/\/i0.wp.com\/www.eltrabajo.cl\/portal\/wp-content\/uploads\/2019\/12\/Cecilia_Cecilia-Verdejo.jpg?resize=579%2C590\" alt=\"FORJANDO SU FUTURO.- Cecilia Verdejo cumplir\u00e1 este lunes 16 sus 22 a\u00f1os de edad, en un a\u00f1o ya ser\u00e1 una profesional.\" width=\"579\" height=\"590\" srcset=\"https:\/\/i0.wp.com\/eltrabajo.cl\/portal\/wp-content\/uploads\/2019\/12\/Cecilia_Cecilia-Verdejo.jpg?w=579&amp;ssl=1 579w, https:\/\/i0.wp.com\/eltrabajo.cl\/portal\/wp-content\/uploads\/2019\/12\/Cecilia_Cecilia-Verdejo.jpg?resize=294%2C300&amp;ssl=1 294w, https:\/\/i0.wp.com\/eltrabajo.cl\/portal\/wp-content\/uploads\/2019\/12\/Cecilia_Cecilia-Verdejo.jpg?resize=147%2C150&amp;ssl=1 147w, https:\/\/i0.wp.com\/eltrabajo.cl\/portal\/wp-content\/uploads\/2019\/12\/Cecilia_Cecilia-Verdejo.jpg?resize=400%2C408&amp;ssl=1 400w\" sizes=\"auto, (max-width: 579px) 100vw, 579px\" \/><figcaption id=\"caption-attachment-96057\" class=\"wp-caption-text\">FORJANDO SU FUTURO.- Cecilia Verdejo cumplir\u00e1 este lunes 16 sus 22 a\u00f1os de edad, en un a\u00f1o ya ser\u00e1 una profesional.<\/figcaption><\/figure>\n","protected":false},"excerpt":{"rendered":"<p>Cecilia Verdejo nos cuenta hoy qu\u00e9 ha sido de ella: De ni\u00f1a fue un vegetal. En Telet\u00f3n encontr\u00f3 ayuda y en el patinaje las fuerzas para crecer. Recuper\u00f3 la vista, el equilibrio&#8230;<\/p>\n","protected":false},"author":482,"featured_media":96056,"comment_status":"open","ping_status":"open","sticky":false,"template":"","format":"standard","meta":{"advanced_seo_description":"","jetpack_seo_html_title":"","jetpack_seo_noindex":false,"_jetpack_memberships_contains_paid_content":false,"footnotes":""},"categories":[15],"tags":[],"class_list":["post-96055","post","type-post","status-publish","format-standard","has-post-thumbnail","hentry","category-comunidad"],"jetpack_featured_media_url":"https:\/\/i0.wp.com\/eltrabajo.cl\/portal\/wp-content\/uploads\/2019\/12\/Cecilia4.jpg?fit=577%2C360&ssl=1","jetpack_sharing_enabled":true,"jetpack_likes_enabled":true,"jetpack-related-posts":[],"_links":{"self":[{"href":"https:\/\/eltrabajo.cl\/portal\/wp-json\/wp\/v2\/posts\/96055","targetHints":{"allow":["GET"]}}],"collection":[{"href":"https:\/\/eltrabajo.cl\/portal\/wp-json\/wp\/v2\/posts"}],"about":[{"href":"https:\/\/eltrabajo.cl\/portal\/wp-json\/wp\/v2\/types\/post"}],"author":[{"embeddable":true,"href":"https:\/\/eltrabajo.cl\/portal\/wp-json\/wp\/v2\/users\/482"}],"replies":[{"embeddable":true,"href":"https:\/\/eltrabajo.cl\/portal\/wp-json\/wp\/v2\/comments?post=96055"}],"version-history":[{"count":0,"href":"https:\/\/eltrabajo.cl\/portal\/wp-json\/wp\/v2\/posts\/96055\/revisions"}],"wp:featuredmedia":[{"embeddable":true,"href":"https:\/\/eltrabajo.cl\/portal\/wp-json\/wp\/v2\/media\/96056"}],"wp:attachment":[{"href":"https:\/\/eltrabajo.cl\/portal\/wp-json\/wp\/v2\/media?parent=96055"}],"wp:term":[{"taxonomy":"category","embeddable":true,"href":"https:\/\/eltrabajo.cl\/portal\/wp-json\/wp\/v2\/categories?post=96055"},{"taxonomy":"post_tag","embeddable":true,"href":"https:\/\/eltrabajo.cl\/portal\/wp-json\/wp\/v2\/tags?post=96055"}],"curies":[{"name":"wp","href":"https:\/\/api.w.org\/{rel}","templated":true}]}}