{"id":96060,"date":"2019-12-13T05:07:19","date_gmt":"2019-12-13T08:07:19","guid":{"rendered":"http:\/\/www.eltrabajo.cl\/portal\/?p=96060"},"modified":"2019-12-12T21:53:00","modified_gmt":"2019-12-13T00:53:00","slug":"nino-de-10-anos-recibira-avanzado-tratamiento-para-curar-rara-enfermedad","status":"publish","type":"post","link":"https:\/\/eltrabajo.cl\/portal\/nino-de-10-anos-recibira-avanzado-tratamiento-para-curar-rara-enfermedad\/","title":{"rendered":"Ni\u00f1o de 10 a\u00f1os recibir\u00e1 avanzado tratamiento para curar rara enfermedad"},"content":{"rendered":"<p><span style=\"color: #ff0000;\"><strong>Padres viajaron de San Felipe a Estados Unidos:<\/strong><\/span><\/p>\n<ul>\n<li><strong>El peque\u00f1o fue diagnosticado de Adrenoleucodistrofia, cuya enfermedad provoca da\u00f1os en el cerebro y problemas motrices.\u00a0 Sin embargo los estudios m\u00e9dicos a los que ha sido sometido el ni\u00f1o ser\u00edan favorables para revertir este mal.\u00a0 <\/strong><\/li>\n<\/ul>\n<p>Una luz de esperanza y con mucha fe se mantienen los padres de <strong>Vicente Antonio<\/strong>, de 10 a\u00f1os de edad, quien padece una rara enfermedad denominada <strong>Adrenolecodistrofia<\/strong>, la que est\u00e1 siendo tratada en el Hospital Children de Boston en los Estados Unidos, donde el ni\u00f1o permanece hospitalizado y actualmente sometido a quimioterapias, vislumbr\u00e1ndose que la avanzada medicina podr\u00eda detener el avance de este mal.<\/p>\n<p>Los padres del menor han viajado desde San Felipe hasta Boston en dos ocasiones para la realizaci\u00f3n de diversos ex\u00e1menes y estudios con el anhelo de mejorar el estado de salud del peque\u00f1o Vicente.<\/p>\n<p>Desde los Estados Unidos, <strong>Jaime Tapia Tapia<\/strong> convers\u00f3 con <strong>Diario El Trabajo<\/strong> para relatarnos en detalle el tratamiento que recibir\u00e1 Vicente a partir de este lunes, y que tardar\u00eda al menos tres meses en chequearse resultados que podr\u00edan frenar la enfermedad con la ayuda de la avanzada medicina en ese pa\u00eds.<\/p>\n<p>&#8211; <strong>\u00bfC\u00f3mo ha sido todo este proceso?<\/strong><\/p>\n<p>&#8211; El 7 de octubre viajamos a Boston para el tratamiento de Vicente, le hicimos los ex\u00e1menes y una resonancia para ver si quedaba dentro del estudio gen\u00e9tico. Despu\u00e9s de dos semanas recibir\u00edamos los resultados (\u2026) pero a nosotros nos complicaba regresarnos por todo lo que estaba pasando en Chile, y en Chile no se hab\u00eda realizado un trasplante de c\u00e9lulas a esta enfermedad que tiene Vicente.<\/p>\n<p>&#8211; <strong>\u00bfCu\u00e1l fue el resultado de la resonancia?<\/strong><\/p>\n<p>&#8211; Lo bueno es que sali\u00f3 positiva, quedamos dentro del estudio gen\u00e9tico que se le hace ac\u00e1 en Boston.<\/p>\n<p>&#8211; <strong>\u00bfYa est\u00e1 en tratamiento?<\/strong><\/p>\n<p>&#8211; Ya empezamos ya la semana del 4 de noviembre, nosotros lo tuvimos que hospitalizar por el tema de la extracci\u00f3n de c\u00e9lulas madres, las mismas de \u00e9l, no necesit\u00f3 de un donante, le sacaron las mismas c\u00e9lulas de \u00e9l. Despu\u00e9s estuvo cuatro d\u00edas hospitalizado, conectado a una maquinita similar a las de di\u00e1lisis y le fueron recolectando las c\u00e9lulas de \u00e9l; despu\u00e9s se las llevaron a un laboratorio y despu\u00e9s regresamos a Chile por dos semanas.<\/p>\n<p>&#8211; <strong>Ahora est\u00e1n en Boston.<\/strong><\/p>\n<p>&#8211; S\u00ed, tuvimos que regresar, le hicieron todos los ex\u00e1menes de nuevo para ver c\u00f3mo le estaban funcionando sus \u00f3rganos y si la enfermedad le hab\u00eda avanzado. Sali\u00f3 todo positivo y est\u00e1 hospitalizado desde el lunes, est\u00e1 con quimioterapias, lleva tres d\u00edas.<\/p>\n<p>&#8211; <strong>\u00bfQu\u00e9 se viene ahora?<\/strong><\/p>\n<p>&#8211; Para el lunes 16 de diciembre tienen planeado hacer el trasplante de las c\u00e9lulas, volverle a ingresar las c\u00e9lulas.<\/p>\n<p>&#8211; <strong>\u00bfCon los tratamientos se podr\u00eda frenar este mal?<\/strong><\/p>\n<p>&#8211; S\u00ed, ahora le ingresan sus c\u00e9lulas y despu\u00e9s de los tres primeros meses se ven los resultados y su evoluci\u00f3n. Dicen los doctores que esto puede detener o avanzar los tres primeros meses.\u00a0 Entonces tenemos que estar los tres meses para ver c\u00f3mo evoluciona el tratamiento.<\/p>\n<p>&#8211; <strong>\u00bfEst\u00e1n con mucha fe?<\/strong><\/p>\n<p>&#8211; S\u00ed, estamos en las mejores manos, los doctores nos hablan que de 33 ni\u00f1os que le han hecho este tratamiento, 32 han salido con \u00e9xito.\u00a0 Aqu\u00ed es donde se hace todo lo que est\u00e1n preparados para tratar esta enfermedad, entonces nos dicen que no nos preocupemos, que ellos nos van ayudar, que est\u00e1 marchando todo bien, nos dan hartas esperanzas, como que ya estamos bien, aqu\u00ed estamos mejor que en cualquier otro lado.<\/p>\n<p><strong>Pablo Salinas Sald\u00edas<\/strong><\/p>\n<p><strong>\u00a0<\/strong><\/p>\n<figure id=\"attachment_96061\" aria-describedby=\"caption-attachment-96061\" style=\"width: 580px\" class=\"wp-caption alignnone\"><img data-recalc-dims=\"1\" loading=\"lazy\" decoding=\"async\" class=\"size-full wp-image-96061\" src=\"https:\/\/i0.wp.com\/www.eltrabajo.cl\/portal\/wp-content\/uploads\/2019\/12\/VICENTE-ANTONIO.jpg?resize=580%2C358\" alt=\"Vicente Antonio tiene 10 a\u00f1os de edad y fue diagnosticado de una rara enfermedad.  La avanzada medicina en los Estados Unidos podr\u00eda curar este mal.\" width=\"580\" height=\"358\" srcset=\"https:\/\/i0.wp.com\/eltrabajo.cl\/portal\/wp-content\/uploads\/2019\/12\/VICENTE-ANTONIO.jpg?w=580&amp;ssl=1 580w, https:\/\/i0.wp.com\/eltrabajo.cl\/portal\/wp-content\/uploads\/2019\/12\/VICENTE-ANTONIO.jpg?resize=300%2C185&amp;ssl=1 300w, https:\/\/i0.wp.com\/eltrabajo.cl\/portal\/wp-content\/uploads\/2019\/12\/VICENTE-ANTONIO.jpg?resize=200%2C123&amp;ssl=1 200w, https:\/\/i0.wp.com\/eltrabajo.cl\/portal\/wp-content\/uploads\/2019\/12\/VICENTE-ANTONIO.jpg?resize=243%2C150&amp;ssl=1 243w, https:\/\/i0.wp.com\/eltrabajo.cl\/portal\/wp-content\/uploads\/2019\/12\/VICENTE-ANTONIO.jpg?resize=400%2C247&amp;ssl=1 400w\" sizes=\"auto, (max-width: 580px) 100vw, 580px\" \/><figcaption id=\"caption-attachment-96061\" class=\"wp-caption-text\">Vicente Antonio tiene 10 a\u00f1os de edad y fue diagnosticado de una rara enfermedad. La avanzada medicina en los Estados Unidos podr\u00eda curar este mal.<\/figcaption><\/figure>\n<p><strong>\u00a0<\/strong><\/p>\n","protected":false},"excerpt":{"rendered":"<p>Padres viajaron de San Felipe a Estados Unidos: El peque\u00f1o fue diagnosticado de Adrenoleucodistrofia, cuya enfermedad provoca da\u00f1os en el cerebro y problemas motrices.\u00a0 Sin embargo los estudios m\u00e9dicos a los que&#8230;<\/p>\n","protected":false},"author":482,"featured_media":96061,"comment_status":"open","ping_status":"open","sticky":false,"template":"","format":"standard","meta":{"advanced_seo_description":"","jetpack_seo_html_title":"","jetpack_seo_noindex":false,"_jetpack_memberships_contains_paid_content":false,"footnotes":""},"categories":[15],"tags":[],"class_list":["post-96060","post","type-post","status-publish","format-standard","has-post-thumbnail","hentry","category-comunidad"],"jetpack_featured_media_url":"https:\/\/i0.wp.com\/eltrabajo.cl\/portal\/wp-content\/uploads\/2019\/12\/VICENTE-ANTONIO.jpg?fit=580%2C358&ssl=1","jetpack_sharing_enabled":true,"jetpack_likes_enabled":true,"jetpack-related-posts":[],"_links":{"self":[{"href":"https:\/\/eltrabajo.cl\/portal\/wp-json\/wp\/v2\/posts\/96060","targetHints":{"allow":["GET"]}}],"collection":[{"href":"https:\/\/eltrabajo.cl\/portal\/wp-json\/wp\/v2\/posts"}],"about":[{"href":"https:\/\/eltrabajo.cl\/portal\/wp-json\/wp\/v2\/types\/post"}],"author":[{"embeddable":true,"href":"https:\/\/eltrabajo.cl\/portal\/wp-json\/wp\/v2\/users\/482"}],"replies":[{"embeddable":true,"href":"https:\/\/eltrabajo.cl\/portal\/wp-json\/wp\/v2\/comments?post=96060"}],"version-history":[{"count":0,"href":"https:\/\/eltrabajo.cl\/portal\/wp-json\/wp\/v2\/posts\/96060\/revisions"}],"wp:featuredmedia":[{"embeddable":true,"href":"https:\/\/eltrabajo.cl\/portal\/wp-json\/wp\/v2\/media\/96061"}],"wp:attachment":[{"href":"https:\/\/eltrabajo.cl\/portal\/wp-json\/wp\/v2\/media?parent=96060"}],"wp:term":[{"taxonomy":"category","embeddable":true,"href":"https:\/\/eltrabajo.cl\/portal\/wp-json\/wp\/v2\/categories?post=96060"},{"taxonomy":"post_tag","embeddable":true,"href":"https:\/\/eltrabajo.cl\/portal\/wp-json\/wp\/v2\/tags?post=96060"}],"curies":[{"name":"wp","href":"https:\/\/api.w.org\/{rel}","templated":true}]}}