{"id":96064,"date":"2019-12-16T05:01:13","date_gmt":"2019-12-16T08:01:13","guid":{"rendered":"http:\/\/www.eltrabajo.cl\/portal\/?p=96064"},"modified":"2019-12-15T20:42:00","modified_gmt":"2019-12-15T23:42:00","slug":"cien-familias-sanfelipenas-visitaron-su-departamento-piloto-que-recibiran-en-2020","status":"publish","type":"post","link":"https:\/\/eltrabajo.cl\/portal\/cien-familias-sanfelipenas-visitaron-su-departamento-piloto-que-recibiran-en-2020\/","title":{"rendered":"Cien familias sanfelipe\u00f1as visitaron su \u2018Departamento Piloto\u2019 que recibir\u00e1n en 2020"},"content":{"rendered":"<p><span style=\"color: #ff0000;\"><strong>Con una inversi\u00f3n de $3.144.005.084:<\/strong><\/span><\/p>\n<p>Con el patrocinio de la Municipalidad de San Felipe y bajo la ejecuci\u00f3n directa del Minvu en los 8.333,05 mt2 de terreno propiedad del Serviu, el proyecto habitacional que representa 100 departamentos para las familias que conforman el Comit\u00e9 de Vivienda Diego de Almagro, est\u00e1 ahora en un 50% construido, por esa raz\u00f3n la ma\u00f1ana de este s\u00e1bado se realiz\u00f3 una visita en terreno para que estas familias pudieran conocer su departamento piloto. La inversi\u00f3n es de $3.144.005.084.<\/p>\n<p>Se trata de cinco edificios de cinco pisos cada uno con sala multiusos y \u00e1reas verdes, enmarcados en el programa Fondo Solidario de Elecci\u00f3n de Vivienda (DS49). Algunos propietarios con l\u00e1grimas en los ojos siguieron a las autoridades al lugar, lideraron el recorrido Tom\u00e1s Ochoa director regional del Serviu, al alcalde Patricio Freire, la encargada biprovincial del Serviu Patricia Boffa Casas y muchas de las familias favorecidas. Este proyecto de vivienda est\u00e1 ubicado en las cercan\u00edas de Villa Departamental.<\/p>\n<p>&nbsp;<\/p>\n<p><span style=\"color: #ff0000;\"><strong>\u00abESTAMOS SORPRENDIDOS\u00bb<\/strong><\/span><\/p>\n<p><strong>Diario El Trabajo<\/strong> habl\u00f3 con <strong>Tom\u00e1s Ochoa<\/strong> director regional del Serviu, \u00ab<em>estamos ac\u00e1 acompa\u00f1ando a m\u00e1s de 100 familias que han venido a conocer su departamento piloto, este es un hito bien importante en lo que es la construcci\u00f3n, nosotros partimos en mayo pasado y ya llevamos el $50% de avance y esta es la primera vez que las familias pueden ver el departamento que se les va a entregar muy pronto<\/em> (\u2026)<em> este es un proyecto que adem\u00e1s cumple con los est\u00e1ndares de calidad de vivienda que hoy d\u00eda que hoy d\u00eda buscamos en el Ministerio de Vivienda, son departamentos con muy buenas terminaciones exteriores adem\u00e1s est\u00e1n muy bien ubicados a pocas cuadras del centro de San Felipe y estamos sorprendidos porque el Comit\u00e9 apenas tiene tres a\u00f1os de formado y ya tendr\u00e1n su vivienda definitiva lo que nos pone muy contentos<\/em>\u00bb, dijo Ochoa.<\/p>\n<p>Por su parte <strong>Patricio Freire Canto<\/strong>, alcalde de San Felipe, indic\u00f3 que \u00ab<em>lo m\u00e1s importante es que la gente est\u00e1 content\u00edsima porque ya pudieron ver su apartamento piloto, pues este gran sue\u00f1o de tener casa propia se ha cristalizado en muy poco tiempo, yo quiero agradecer en forma especial al ministro de Vivienda Cristi\u00e1n Monckeberg Bruner quien cuando lo fuimos a ver con personal del municipio, \u00e9l inmediatamente nos dijo \u2018en 15 d\u00edas m\u00e1s van a tener ustedes la respuesta\u2019 para el Comit\u00e9 Diego de Almagro y a los 15 d\u00edas lleg\u00f3 la respuesta los respectivos recursos para la construcci\u00f3n, as\u00ed feliz por estas familias que van a tener departamento, estacionamiento y \u00e1reas verdes<\/em>\u00bb, coment\u00f3 el jefe comunal.<\/p>\n<p>Tambi\u00e9n hablamos con una de las personas que por fin recibir\u00e1 su apartamento en 2020, <strong>Mar\u00eda Teresa Concha<\/strong>, \u00ab<em>vivo en la Bernardo Cruz donde un familiar, estoy muy feliz y esperanzada por este apartamento que recibir\u00e9, tengo como 20 a\u00f1os anhelando una vivienda digna<\/em>\u00bb.<\/p>\n<p><strong>Roberto Gonz\u00e1lez Short<\/strong><\/p>\n<p>&nbsp;<\/p>\n<figure id=\"attachment_96070\" aria-describedby=\"caption-attachment-96070\" style=\"width: 580px\" class=\"wp-caption alignnone\"><img data-recalc-dims=\"1\" loading=\"lazy\" decoding=\"async\" class=\"size-full wp-image-96070\" src=\"https:\/\/i0.wp.com\/www.eltrabajo.cl\/portal\/wp-content\/uploads\/2019\/12\/Viviendas3.jpg?resize=580%2C359\" alt=\"CAMBIAR\u00c1N SUS VIDAS.- Las familias estaban felices, se miraban entre s\u00ed y no pod\u00edan m\u00e1s que sonre\u00edr por este anhelado sue\u00f1o casi hecho realidad.\" width=\"580\" height=\"359\" srcset=\"https:\/\/i0.wp.com\/eltrabajo.cl\/portal\/wp-content\/uploads\/2019\/12\/Viviendas3.jpg?w=580&amp;ssl=1 580w, https:\/\/i0.wp.com\/eltrabajo.cl\/portal\/wp-content\/uploads\/2019\/12\/Viviendas3.jpg?resize=300%2C186&amp;ssl=1 300w, https:\/\/i0.wp.com\/eltrabajo.cl\/portal\/wp-content\/uploads\/2019\/12\/Viviendas3.jpg?resize=200%2C124&amp;ssl=1 200w, https:\/\/i0.wp.com\/eltrabajo.cl\/portal\/wp-content\/uploads\/2019\/12\/Viviendas3.jpg?resize=242%2C150&amp;ssl=1 242w, https:\/\/i0.wp.com\/eltrabajo.cl\/portal\/wp-content\/uploads\/2019\/12\/Viviendas3.jpg?resize=400%2C248&amp;ssl=1 400w\" sizes=\"auto, (max-width: 580px) 100vw, 580px\" \/><figcaption id=\"caption-attachment-96070\" class=\"wp-caption-text\">CAMBIAR\u00c1N SUS VIDAS.- Las familias estaban felices, se miraban entre s\u00ed y no pod\u00edan m\u00e1s que sonre\u00edr por este anhelado sue\u00f1o casi hecho realidad.<\/figcaption><\/figure>\n<p>&nbsp;<\/p>\n<figure id=\"attachment_96066\" aria-describedby=\"caption-attachment-96066\" style=\"width: 580px\" class=\"wp-caption alignnone\"><img data-recalc-dims=\"1\" loading=\"lazy\" decoding=\"async\" class=\"size-full wp-image-96066\" src=\"https:\/\/i0.wp.com\/www.eltrabajo.cl\/portal\/wp-content\/uploads\/2019\/12\/Vivienda1.jpg?resize=580%2C360\" alt=\"CAMINANDO JUNTOS.- El alcalde Patricio Freire lleg\u00f3 con las familias al proyecto de vivienda en construcci\u00f3n, les esperaban autoridades provinciales y regionales del Serviu, Patricia Boffa y Tom\u00e1s Ochoa.\" width=\"580\" height=\"360\" srcset=\"https:\/\/i0.wp.com\/eltrabajo.cl\/portal\/wp-content\/uploads\/2019\/12\/Vivienda1.jpg?w=580&amp;ssl=1 580w, https:\/\/i0.wp.com\/eltrabajo.cl\/portal\/wp-content\/uploads\/2019\/12\/Vivienda1.jpg?resize=300%2C186&amp;ssl=1 300w, https:\/\/i0.wp.com\/eltrabajo.cl\/portal\/wp-content\/uploads\/2019\/12\/Vivienda1.jpg?resize=200%2C124&amp;ssl=1 200w, https:\/\/i0.wp.com\/eltrabajo.cl\/portal\/wp-content\/uploads\/2019\/12\/Vivienda1.jpg?resize=242%2C150&amp;ssl=1 242w, https:\/\/i0.wp.com\/eltrabajo.cl\/portal\/wp-content\/uploads\/2019\/12\/Vivienda1.jpg?resize=400%2C248&amp;ssl=1 400w\" sizes=\"auto, (max-width: 580px) 100vw, 580px\" \/><figcaption id=\"caption-attachment-96066\" class=\"wp-caption-text\">CAMINANDO JUNTOS.- El alcalde Patricio Freire lleg\u00f3 con las familias al proyecto de vivienda en construcci\u00f3n, les esperaban autoridades provinciales y regionales del Serviu, Patricia Boffa y Tom\u00e1s Ochoa.<\/figcaption><\/figure>\n<p>&nbsp;<\/p>\n<figure id=\"attachment_96069\" aria-describedby=\"caption-attachment-96069\" style=\"width: 579px\" class=\"wp-caption alignnone\"><img data-recalc-dims=\"1\" loading=\"lazy\" decoding=\"async\" class=\"size-full wp-image-96069\" src=\"https:\/\/i0.wp.com\/www.eltrabajo.cl\/portal\/wp-content\/uploads\/2019\/12\/Viviendas2.jpg?resize=579%2C687\" alt=\"ENORMES SUE\u00d1OS.- Cada torre tiene cinco pisos de altura y en total son tambi\u00e9n cinco torres habitacionales.\" width=\"579\" height=\"687\" srcset=\"https:\/\/i0.wp.com\/eltrabajo.cl\/portal\/wp-content\/uploads\/2019\/12\/Viviendas2.jpg?w=579&amp;ssl=1 579w, https:\/\/i0.wp.com\/eltrabajo.cl\/portal\/wp-content\/uploads\/2019\/12\/Viviendas2.jpg?resize=253%2C300&amp;ssl=1 253w, https:\/\/i0.wp.com\/eltrabajo.cl\/portal\/wp-content\/uploads\/2019\/12\/Viviendas2.jpg?resize=126%2C150&amp;ssl=1 126w, https:\/\/i0.wp.com\/eltrabajo.cl\/portal\/wp-content\/uploads\/2019\/12\/Viviendas2.jpg?resize=400%2C475&amp;ssl=1 400w\" sizes=\"auto, (max-width: 579px) 100vw, 579px\" \/><figcaption id=\"caption-attachment-96069\" class=\"wp-caption-text\">ENORMES SUE\u00d1OS.- Cada torre tiene cinco pisos de altura y en total son tambi\u00e9n cinco torres habitacionales.<\/figcaption><\/figure>\n<p>&nbsp;<\/p>\n<figure id=\"attachment_96067\" aria-describedby=\"caption-attachment-96067\" style=\"width: 579px\" class=\"wp-caption alignnone\"><img data-recalc-dims=\"1\" loading=\"lazy\" decoding=\"async\" class=\"size-full wp-image-96067\" src=\"https:\/\/i0.wp.com\/www.eltrabajo.cl\/portal\/wp-content\/uploads\/2019\/12\/Viviendas_Maria-Teresa-Concha.jpg?resize=579%2C689\" alt=\"Mar\u00eda Teresa Concha: \u00abVivo en la Bernardo Cruz donde un familiar, estoy muy feliz y esperanzada por este apartamento que recibir\u00e9, tengo como 20 a\u00f1os anhelando una vivienda digna\u00bb.\" width=\"579\" height=\"689\" srcset=\"https:\/\/i0.wp.com\/eltrabajo.cl\/portal\/wp-content\/uploads\/2019\/12\/Viviendas_Maria-Teresa-Concha.jpg?w=579&amp;ssl=1 579w, https:\/\/i0.wp.com\/eltrabajo.cl\/portal\/wp-content\/uploads\/2019\/12\/Viviendas_Maria-Teresa-Concha.jpg?resize=252%2C300&amp;ssl=1 252w, https:\/\/i0.wp.com\/eltrabajo.cl\/portal\/wp-content\/uploads\/2019\/12\/Viviendas_Maria-Teresa-Concha.jpg?resize=126%2C150&amp;ssl=1 126w, https:\/\/i0.wp.com\/eltrabajo.cl\/portal\/wp-content\/uploads\/2019\/12\/Viviendas_Maria-Teresa-Concha.jpg?resize=400%2C476&amp;ssl=1 400w\" sizes=\"auto, (max-width: 579px) 100vw, 579px\" \/><figcaption id=\"caption-attachment-96067\" class=\"wp-caption-text\">Mar\u00eda Teresa Concha: \u00abVivo en la Bernardo Cruz donde un familiar, estoy muy feliz y esperanzada por este apartamento que recibir\u00e9, tengo como 20 a\u00f1os anhelando una vivienda digna\u00bb.<\/figcaption><\/figure>\n<p>&nbsp;<\/p>\n<figure id=\"attachment_96068\" aria-describedby=\"caption-attachment-96068\" style=\"width: 580px\" class=\"wp-caption alignnone\"><img data-recalc-dims=\"1\" loading=\"lazy\" decoding=\"async\" class=\"size-full wp-image-96068\" src=\"https:\/\/i0.wp.com\/www.eltrabajo.cl\/portal\/wp-content\/uploads\/2019\/12\/Viviendas_Tomas-Ochoa.jpg?resize=580%2C603\" alt=\"Tom\u00e1s Ochoa director regional del Serviu.\" width=\"580\" height=\"603\" srcset=\"https:\/\/i0.wp.com\/eltrabajo.cl\/portal\/wp-content\/uploads\/2019\/12\/Viviendas_Tomas-Ochoa.jpg?w=580&amp;ssl=1 580w, https:\/\/i0.wp.com\/eltrabajo.cl\/portal\/wp-content\/uploads\/2019\/12\/Viviendas_Tomas-Ochoa.jpg?resize=289%2C300&amp;ssl=1 289w, https:\/\/i0.wp.com\/eltrabajo.cl\/portal\/wp-content\/uploads\/2019\/12\/Viviendas_Tomas-Ochoa.jpg?resize=144%2C150&amp;ssl=1 144w, https:\/\/i0.wp.com\/eltrabajo.cl\/portal\/wp-content\/uploads\/2019\/12\/Viviendas_Tomas-Ochoa.jpg?resize=400%2C416&amp;ssl=1 400w\" sizes=\"auto, (max-width: 580px) 100vw, 580px\" \/><figcaption id=\"caption-attachment-96068\" class=\"wp-caption-text\">Tom\u00e1s Ochoa director regional del Serviu.<\/figcaption><\/figure>\n<p>&nbsp;<\/p>\n<figure id=\"attachment_96065\" aria-describedby=\"caption-attachment-96065\" style=\"width: 580px\" class=\"wp-caption alignnone\"><img data-recalc-dims=\"1\" loading=\"lazy\" decoding=\"async\" class=\"size-full wp-image-96065\" src=\"https:\/\/i0.wp.com\/www.eltrabajo.cl\/portal\/wp-content\/uploads\/2019\/12\/Vivienda_Patricio-Freire.jpg?resize=580%2C540\" alt=\"Patricio Freire Canto, alcalde de San Felipe.\" width=\"580\" height=\"540\" srcset=\"https:\/\/i0.wp.com\/eltrabajo.cl\/portal\/wp-content\/uploads\/2019\/12\/Vivienda_Patricio-Freire.jpg?w=580&amp;ssl=1 580w, https:\/\/i0.wp.com\/eltrabajo.cl\/portal\/wp-content\/uploads\/2019\/12\/Vivienda_Patricio-Freire.jpg?resize=300%2C279&amp;ssl=1 300w, https:\/\/i0.wp.com\/eltrabajo.cl\/portal\/wp-content\/uploads\/2019\/12\/Vivienda_Patricio-Freire.jpg?resize=161%2C150&amp;ssl=1 161w, https:\/\/i0.wp.com\/eltrabajo.cl\/portal\/wp-content\/uploads\/2019\/12\/Vivienda_Patricio-Freire.jpg?resize=400%2C372&amp;ssl=1 400w\" sizes=\"auto, (max-width: 580px) 100vw, 580px\" \/><figcaption id=\"caption-attachment-96065\" class=\"wp-caption-text\">Patricio Freire Canto, alcalde de San Felipe.<\/figcaption><\/figure>\n","protected":false},"excerpt":{"rendered":"<p>Con una inversi\u00f3n de $3.144.005.084: Con el patrocinio de la Municipalidad de San Felipe y bajo la ejecuci\u00f3n directa del Minvu en los 8.333,05 mt2 de terreno propiedad del Serviu, el proyecto&#8230;<\/p>\n","protected":false},"author":482,"featured_media":96070,"comment_status":"open","ping_status":"open","sticky":false,"template":"","format":"standard","meta":{"advanced_seo_description":"","jetpack_seo_html_title":"","jetpack_seo_noindex":false,"_jetpack_memberships_contains_paid_content":false,"footnotes":""},"categories":[15],"tags":[],"class_list":["post-96064","post","type-post","status-publish","format-standard","has-post-thumbnail","hentry","category-comunidad"],"jetpack_featured_media_url":"https:\/\/i0.wp.com\/eltrabajo.cl\/portal\/wp-content\/uploads\/2019\/12\/Viviendas3.jpg?fit=580%2C359&ssl=1","jetpack_sharing_enabled":true,"jetpack_likes_enabled":true,"jetpack-related-posts":[],"_links":{"self":[{"href":"https:\/\/eltrabajo.cl\/portal\/wp-json\/wp\/v2\/posts\/96064","targetHints":{"allow":["GET"]}}],"collection":[{"href":"https:\/\/eltrabajo.cl\/portal\/wp-json\/wp\/v2\/posts"}],"about":[{"href":"https:\/\/eltrabajo.cl\/portal\/wp-json\/wp\/v2\/types\/post"}],"author":[{"embeddable":true,"href":"https:\/\/eltrabajo.cl\/portal\/wp-json\/wp\/v2\/users\/482"}],"replies":[{"embeddable":true,"href":"https:\/\/eltrabajo.cl\/portal\/wp-json\/wp\/v2\/comments?post=96064"}],"version-history":[{"count":0,"href":"https:\/\/eltrabajo.cl\/portal\/wp-json\/wp\/v2\/posts\/96064\/revisions"}],"wp:featuredmedia":[{"embeddable":true,"href":"https:\/\/eltrabajo.cl\/portal\/wp-json\/wp\/v2\/media\/96070"}],"wp:attachment":[{"href":"https:\/\/eltrabajo.cl\/portal\/wp-json\/wp\/v2\/media?parent=96064"}],"wp:term":[{"taxonomy":"category","embeddable":true,"href":"https:\/\/eltrabajo.cl\/portal\/wp-json\/wp\/v2\/categories?post=96064"},{"taxonomy":"post_tag","embeddable":true,"href":"https:\/\/eltrabajo.cl\/portal\/wp-json\/wp\/v2\/tags?post=96064"}],"curies":[{"name":"wp","href":"https:\/\/api.w.org\/{rel}","templated":true}]}}