{"id":96072,"date":"2019-12-16T05:02:06","date_gmt":"2019-12-16T08:02:06","guid":{"rendered":"http:\/\/www.eltrabajo.cl\/portal\/?p=96072"},"modified":"2019-12-15T20:43:58","modified_gmt":"2019-12-15T23:43:58","slug":"escuela-de-el-asiento-cuenta-con-nueva-sala-de-clases-para-segundo-ano-basico","status":"publish","type":"post","link":"https:\/\/eltrabajo.cl\/portal\/escuela-de-el-asiento-cuenta-con-nueva-sala-de-clases-para-segundo-ano-basico\/","title":{"rendered":"Escuela de El Asiento cuenta con nueva sala de clases para segundo a\u00f1o b\u00e1sico"},"content":{"rendered":"<p><span style=\"color: #ff0000;\"><strong>Ganaron proyecto de importante tienda sanfelipe\u00f1a:<\/strong><\/span><\/p>\n<p>La construcci\u00f3n de una sala de clases, adem\u00e1s de otros implementos como ventiladores para cada sala, entreg\u00f3 la empresa Sodimac a la Escuela Jos\u00e9 Bernardo Su\u00e1rez, en el marco de su pol\u00edtica de responsabilidad social empresarial.<\/p>\n<p>Este jueves el alcalde Patricio Freire junto al concejal Mario Villanueva compartieron con colaboradores de la empresa y con los docentes, los alumnos y apoderados del establecimiento educacional, quienes se mostraron felices con esta nueva sala, que ser\u00e1 ocupada el pr\u00f3ximo a\u00f1o por segundo a\u00f1o b\u00e1sico.<\/p>\n<p>\u201c<em>S\u00faper positivo y este proyecto es participativo, permite que los apoderados y tambi\u00e9n los trabajadores de Homecenter participen en la acci\u00f3n misma del proyecto, entonces los recursos se mezclan entre el trabajo participativo y los apoderados y eso da un valor agregado que es mucho mejor<\/em>\u201d, sostuvo Franco Repetto, apoderado de primer a\u00f1o b\u00e1sico.<\/p>\n<p>El alcalde Patricio Freire destac\u00f3 el compromiso de la directora de la unidad educativa, Sandra Lucero, se\u00f1alando que fue fundamental en esta asociatividad con la empresa privada para concretar la iniciativa.<\/p>\n<p>\u201c<em>En esta asociatividad p\u00fablico-privada, donde Sodimac pone los recursos para construir una sala de clases y tambi\u00e9n mobiliario, es muy valorable para la comunidad educativa, especialmente todas las gestiones que realiz\u00f3 el equipo directivo ante la empresa privada, lo que debe ser destacado<\/em>\u201d, dijo el Freire.<\/p>\n<p>La sala fue construida completamente y est\u00e1 habilitada con piso flotante y ser\u00e1 utilizada por los ni\u00f1os de segundo a\u00f1o b\u00e1sico. Adem\u00e1s, el proyecto contempl\u00f3 la entrega de ventiladores para cada una de las salas de clases, sillas, cajas modulares para los estudiantes y alfombras, entre otros implementos que permitir\u00e1n a los ni\u00f1os tener mejores condiciones para estudiar durante todo el a\u00f1o.<\/p>\n<p>Para el concejal Mario Villanueva, esta podr\u00eda ser una acci\u00f3n que podr\u00edan imitar otras empresas de la zona, ya que demuestra que, en conjunto, tanto la empresa privada, los apoderados y los docentes pueden lograr grandes cosas.<\/p>\n<p>\u201c<em>Esta escuela hemos visto que a trav\u00e9s de la direcci\u00f3n de Sandra Lucero ha incrementado bastante los n\u00fameros de matr\u00edcula, desde cuando lo tom\u00f3 que eran 40 alumnos y ahora estamos sobre los 100, eso significa que los profesores, administrativos y toda la comunidad est\u00e1n haciendo una gesti\u00f3n muy importante<\/em>\u201d.<\/p>\n<p>El proyecto signific\u00f3 una inversi\u00f3n de tres millones de pesos directamente en recursos, sumado a la mano de obra de los colaboradores de la empresa, lo que suma alrededor de cinco millones de pesos, manifest\u00f3 H\u00e9ctor Cepeda, gerente de tienda en San Felipe, quien sostuvo adem\u00e1s que esta iniciativa se viene realizando hace muchos a\u00f1os, por lo que invit\u00f3 a la comunidad a participar el pr\u00f3ximo a\u00f1o.<\/p>\n<p>\u201c<em>Nosotros todos los a\u00f1os cuando vamos a comenzar con estos proyectos, hacemos publicidad, tanto en televisi\u00f3n como la p\u00e1gina web para que puedan participar<\/em>\u201d, dijo el profesional.<\/p>\n<p>&nbsp;<\/p>\n<figure id=\"attachment_96073\" aria-describedby=\"caption-attachment-96073\" style=\"width: 580px\" class=\"wp-caption alignnone\"><img data-recalc-dims=\"1\" loading=\"lazy\" decoding=\"async\" class=\"size-full wp-image-96073\" src=\"https:\/\/i0.wp.com\/www.eltrabajo.cl\/portal\/wp-content\/uploads\/2019\/12\/Sala1.jpg?resize=580%2C359\" alt=\"Los ni\u00f1os tambi\u00e9n se mostraron felices en su nueva sala de clases, la que fue construida con materiales donados por la tienda sanfelipe\u00f1a.\" width=\"580\" height=\"359\" srcset=\"https:\/\/i0.wp.com\/eltrabajo.cl\/portal\/wp-content\/uploads\/2019\/12\/Sala1.jpg?w=580&amp;ssl=1 580w, https:\/\/i0.wp.com\/eltrabajo.cl\/portal\/wp-content\/uploads\/2019\/12\/Sala1.jpg?resize=300%2C186&amp;ssl=1 300w, https:\/\/i0.wp.com\/eltrabajo.cl\/portal\/wp-content\/uploads\/2019\/12\/Sala1.jpg?resize=200%2C124&amp;ssl=1 200w, https:\/\/i0.wp.com\/eltrabajo.cl\/portal\/wp-content\/uploads\/2019\/12\/Sala1.jpg?resize=242%2C150&amp;ssl=1 242w, https:\/\/i0.wp.com\/eltrabajo.cl\/portal\/wp-content\/uploads\/2019\/12\/Sala1.jpg?resize=400%2C248&amp;ssl=1 400w\" sizes=\"auto, (max-width: 580px) 100vw, 580px\" \/><figcaption id=\"caption-attachment-96073\" class=\"wp-caption-text\">Los ni\u00f1os tambi\u00e9n se mostraron felices en su nueva sala de clases, la que fue construida con materiales donados por la tienda sanfelipe\u00f1a.<\/figcaption><\/figure>\n<p>&nbsp;<\/p>\n<figure id=\"attachment_96074\" aria-describedby=\"caption-attachment-96074\" style=\"width: 580px\" class=\"wp-caption alignnone\"><img data-recalc-dims=\"1\" loading=\"lazy\" decoding=\"async\" class=\"size-full wp-image-96074\" src=\"https:\/\/i0.wp.com\/www.eltrabajo.cl\/portal\/wp-content\/uploads\/2019\/12\/Sala2.jpg?resize=580%2C359\" alt=\"La sala fue construida completamente y est\u00e1 habilitada con piso flotante y ser\u00e1 utilizada por los ni\u00f1os de segundo a\u00f1o b\u00e1sico.\" width=\"580\" height=\"359\" srcset=\"https:\/\/i0.wp.com\/eltrabajo.cl\/portal\/wp-content\/uploads\/2019\/12\/Sala2.jpg?w=580&amp;ssl=1 580w, https:\/\/i0.wp.com\/eltrabajo.cl\/portal\/wp-content\/uploads\/2019\/12\/Sala2.jpg?resize=300%2C186&amp;ssl=1 300w, https:\/\/i0.wp.com\/eltrabajo.cl\/portal\/wp-content\/uploads\/2019\/12\/Sala2.jpg?resize=200%2C124&amp;ssl=1 200w, https:\/\/i0.wp.com\/eltrabajo.cl\/portal\/wp-content\/uploads\/2019\/12\/Sala2.jpg?resize=242%2C150&amp;ssl=1 242w, https:\/\/i0.wp.com\/eltrabajo.cl\/portal\/wp-content\/uploads\/2019\/12\/Sala2.jpg?resize=400%2C248&amp;ssl=1 400w\" sizes=\"auto, (max-width: 580px) 100vw, 580px\" \/><figcaption id=\"caption-attachment-96074\" class=\"wp-caption-text\">La sala fue construida completamente y est\u00e1 habilitada con piso flotante y ser\u00e1 utilizada por los ni\u00f1os de segundo a\u00f1o b\u00e1sico.<\/figcaption><\/figure>\n","protected":false},"excerpt":{"rendered":"<p>Ganaron proyecto de importante tienda sanfelipe\u00f1a: La construcci\u00f3n de una sala de clases, adem\u00e1s de otros implementos como ventiladores para cada sala, entreg\u00f3 la empresa Sodimac a la Escuela Jos\u00e9 Bernardo Su\u00e1rez,&#8230;<\/p>\n","protected":false},"author":482,"featured_media":96073,"comment_status":"open","ping_status":"open","sticky":false,"template":"","format":"standard","meta":{"advanced_seo_description":"","jetpack_seo_html_title":"","jetpack_seo_noindex":false,"_jetpack_memberships_contains_paid_content":false,"footnotes":""},"categories":[15],"tags":[],"class_list":["post-96072","post","type-post","status-publish","format-standard","has-post-thumbnail","hentry","category-comunidad"],"jetpack_featured_media_url":"https:\/\/i0.wp.com\/eltrabajo.cl\/portal\/wp-content\/uploads\/2019\/12\/Sala1.jpg?fit=580%2C359&ssl=1","jetpack_sharing_enabled":true,"jetpack_likes_enabled":true,"jetpack-related-posts":[],"_links":{"self":[{"href":"https:\/\/eltrabajo.cl\/portal\/wp-json\/wp\/v2\/posts\/96072","targetHints":{"allow":["GET"]}}],"collection":[{"href":"https:\/\/eltrabajo.cl\/portal\/wp-json\/wp\/v2\/posts"}],"about":[{"href":"https:\/\/eltrabajo.cl\/portal\/wp-json\/wp\/v2\/types\/post"}],"author":[{"embeddable":true,"href":"https:\/\/eltrabajo.cl\/portal\/wp-json\/wp\/v2\/users\/482"}],"replies":[{"embeddable":true,"href":"https:\/\/eltrabajo.cl\/portal\/wp-json\/wp\/v2\/comments?post=96072"}],"version-history":[{"count":0,"href":"https:\/\/eltrabajo.cl\/portal\/wp-json\/wp\/v2\/posts\/96072\/revisions"}],"wp:featuredmedia":[{"embeddable":true,"href":"https:\/\/eltrabajo.cl\/portal\/wp-json\/wp\/v2\/media\/96073"}],"wp:attachment":[{"href":"https:\/\/eltrabajo.cl\/portal\/wp-json\/wp\/v2\/media?parent=96072"}],"wp:term":[{"taxonomy":"category","embeddable":true,"href":"https:\/\/eltrabajo.cl\/portal\/wp-json\/wp\/v2\/categories?post=96072"},{"taxonomy":"post_tag","embeddable":true,"href":"https:\/\/eltrabajo.cl\/portal\/wp-json\/wp\/v2\/tags?post=96072"}],"curies":[{"name":"wp","href":"https:\/\/api.w.org\/{rel}","templated":true}]}}