{"id":96080,"date":"2019-12-16T05:04:51","date_gmt":"2019-12-16T08:04:51","guid":{"rendered":"http:\/\/www.eltrabajo.cl\/portal\/?p=96080"},"modified":"2019-12-15T20:48:34","modified_gmt":"2019-12-15T23:48:34","slug":"el-prat-no-estaba-para-milagros-y-desciende-a-la-tercera-division","status":"publish","type":"post","link":"https:\/\/eltrabajo.cl\/portal\/el-prat-no-estaba-para-milagros-y-desciende-a-la-tercera-division\/","title":{"rendered":"El Prat no estaba para milagros y desciende a la Tercera Divisi\u00f3n"},"content":{"rendered":"<ul>\n<li><strong>En el parque capitalino el conjunto sanfelipe\u00f1o cerr\u00f3 un 2019 para el olvido donde perdi\u00f3 todos los partidos que jug\u00f3 durante la temporada.<\/strong><\/li>\n<\/ul>\n<p>La tarde del s\u00e1bado reci\u00e9n pasado el quinteto del Prat cargaba con la obligaci\u00f3n de ganar como forastero a Stadio Italiano para forzar un tercer partido de definici\u00f3n en los Play Offs por el descenso del torneo B de la Liga Nacional de B\u00e1squetbol. Penosamente eso no pudo ser porque cayeron inapelablemente por 90 a 81(25-15; 23-21;18-17; 24-28).<\/p>\n<p>Muy temprano, en el primer cuarto para ser m\u00e1s concretos, los sanfelipe\u00f1os se alejaron del milagro, porque ya en ese lapso los de colonia it\u00e1lica hicieron una diferencia insalvable de 10 puntos (25-15). Los pratinos no bajaron los brazos, pero todo el esfuerzo se fue esfumando a medida que avanzaba el reloj, porque a pesar que lograban equiparar las acciones, el alza s\u00f3lo les permit\u00eda recortar las distancias num\u00e9ricas, por lo que de a poco, pero sostenidamente la ca\u00edda y posterior descenso se hizo inevitable.<\/p>\n<p>Con esto, el Arturo Prat deber\u00e1 jugar el a\u00f1o pr\u00f3ximo en la Tercera Divisi\u00f3n del baloncesto chileno, desde donde deber\u00e1 intentar volver a la B de la LNB, cosa no tan sencilla debido a que esa competencia cada vez se pone m\u00e1s dif\u00edcil.<\/p>\n<p>&nbsp;<\/p>\n<figure id=\"attachment_96081\" aria-describedby=\"caption-attachment-96081\" style=\"width: 580px\" class=\"wp-caption alignnone\"><img data-recalc-dims=\"1\" loading=\"lazy\" decoding=\"async\" class=\"size-full wp-image-96081\" src=\"https:\/\/i0.wp.com\/www.eltrabajo.cl\/portal\/wp-content\/uploads\/2019\/12\/prat-2.jpg?resize=580%2C357\" alt=\"El Prat perdi\u00f3 todos los partidos que jug\u00f3 el 2019 en la LNB. \" width=\"580\" height=\"357\" srcset=\"https:\/\/i0.wp.com\/eltrabajo.cl\/portal\/wp-content\/uploads\/2019\/12\/prat-2.jpg?w=580&amp;ssl=1 580w, https:\/\/i0.wp.com\/eltrabajo.cl\/portal\/wp-content\/uploads\/2019\/12\/prat-2.jpg?resize=300%2C185&amp;ssl=1 300w, https:\/\/i0.wp.com\/eltrabajo.cl\/portal\/wp-content\/uploads\/2019\/12\/prat-2.jpg?resize=200%2C123&amp;ssl=1 200w, https:\/\/i0.wp.com\/eltrabajo.cl\/portal\/wp-content\/uploads\/2019\/12\/prat-2.jpg?resize=244%2C150&amp;ssl=1 244w, https:\/\/i0.wp.com\/eltrabajo.cl\/portal\/wp-content\/uploads\/2019\/12\/prat-2.jpg?resize=400%2C246&amp;ssl=1 400w\" sizes=\"auto, (max-width: 580px) 100vw, 580px\" \/><figcaption id=\"caption-attachment-96081\" class=\"wp-caption-text\">El Prat perdi\u00f3 todos los partidos que jug\u00f3 el 2019 en la LNB.<\/figcaption><\/figure>\n","protected":false},"excerpt":{"rendered":"<p>En el parque capitalino el conjunto sanfelipe\u00f1o cerr\u00f3 un 2019 para el olvido donde perdi\u00f3 todos los partidos que jug\u00f3 durante la temporada. La tarde del s\u00e1bado reci\u00e9n pasado el quinteto del&#8230;<\/p>\n","protected":false},"author":482,"featured_media":96081,"comment_status":"open","ping_status":"open","sticky":false,"template":"","format":"standard","meta":{"advanced_seo_description":"","jetpack_seo_html_title":"","jetpack_seo_noindex":false,"_jetpack_memberships_contains_paid_content":false,"footnotes":""},"categories":[19],"tags":[],"class_list":["post-96080","post","type-post","status-publish","format-standard","has-post-thumbnail","hentry","category-deportes"],"jetpack_featured_media_url":"https:\/\/i0.wp.com\/eltrabajo.cl\/portal\/wp-content\/uploads\/2019\/12\/prat-2.jpg?fit=580%2C357&ssl=1","jetpack_sharing_enabled":true,"jetpack_likes_enabled":true,"jetpack-related-posts":[],"_links":{"self":[{"href":"https:\/\/eltrabajo.cl\/portal\/wp-json\/wp\/v2\/posts\/96080","targetHints":{"allow":["GET"]}}],"collection":[{"href":"https:\/\/eltrabajo.cl\/portal\/wp-json\/wp\/v2\/posts"}],"about":[{"href":"https:\/\/eltrabajo.cl\/portal\/wp-json\/wp\/v2\/types\/post"}],"author":[{"embeddable":true,"href":"https:\/\/eltrabajo.cl\/portal\/wp-json\/wp\/v2\/users\/482"}],"replies":[{"embeddable":true,"href":"https:\/\/eltrabajo.cl\/portal\/wp-json\/wp\/v2\/comments?post=96080"}],"version-history":[{"count":0,"href":"https:\/\/eltrabajo.cl\/portal\/wp-json\/wp\/v2\/posts\/96080\/revisions"}],"wp:featuredmedia":[{"embeddable":true,"href":"https:\/\/eltrabajo.cl\/portal\/wp-json\/wp\/v2\/media\/96081"}],"wp:attachment":[{"href":"https:\/\/eltrabajo.cl\/portal\/wp-json\/wp\/v2\/media?parent=96080"}],"wp:term":[{"taxonomy":"category","embeddable":true,"href":"https:\/\/eltrabajo.cl\/portal\/wp-json\/wp\/v2\/categories?post=96080"},{"taxonomy":"post_tag","embeddable":true,"href":"https:\/\/eltrabajo.cl\/portal\/wp-json\/wp\/v2\/tags?post=96080"}],"curies":[{"name":"wp","href":"https:\/\/api.w.org\/{rel}","templated":true}]}}