{"id":96086,"date":"2019-12-16T05:07:12","date_gmt":"2019-12-16T08:07:12","guid":{"rendered":"http:\/\/www.eltrabajo.cl\/portal\/?p=96086"},"modified":"2019-12-15T21:00:30","modified_gmt":"2019-12-16T00:00:30","slug":"incendio-en-pocuro-deja-sin-suministro-de-energia-electrica-a-san-felipe-y-los-andes","status":"publish","type":"post","link":"https:\/\/eltrabajo.cl\/portal\/incendio-en-pocuro-deja-sin-suministro-de-energia-electrica-a-san-felipe-y-los-andes\/","title":{"rendered":"Incendio en Pocuro deja sin suministro de energ\u00eda el\u00e9ctrica a San Felipe y Los Andes"},"content":{"rendered":"<p><span style=\"color: #ff0000;\"><strong>Totalidad de compa\u00f1\u00edas de Bomberos trabajaron en reducir el siniestro<\/strong><\/span><\/p>\n<ul>\n<li><span style=\"color: #000000;\"><strong>Fiscal\u00eda solicit\u00f3 amplia investigaci\u00f3n sobre el origen del fuego ocurrido pasado el mediod\u00eda de este s\u00e1bado desde el patio de una propiedad donde se manten\u00eda gran cantidad de desechos.<\/strong><\/span><\/li>\n<\/ul>\n<p>Alrededor de 82.900 clientes de Chilquinta de las provincias de San Felipe y Los Andes resultaron afectados con el corte del suministro de energ\u00eda el\u00e9ctrica pasado el mediod\u00eda de este s\u00e1bado, a ra\u00edz de un incendio de gran magnitud ocurrido en el sector de Pocuro, afectando los cables de las torres de alta tensi\u00f3n donde los bomberos debieron trabajar arduamente por largas horas para lograr controlar el siniestro.<\/p>\n<p>Las llamas comenzaron habr\u00edan comenzado a propagarse r\u00e1pidamente desde el patio posterior de una propiedad donde se manten\u00eda una gran cantidad de desechos pl\u00e1sticos, madera y cartones que aceleraron el fuego, debi\u00e9ndose requerir la presencia de todas las compa\u00f1\u00edas de ambas provincias para evitar a\u00fan m\u00e1s la expansi\u00f3n.<\/p>\n<p>Al lugar se requiri\u00f3 la presencia de la Brigada de la Conaf, aportando el despliegue de un helic\u00f3ptero para ampliar las labores del control del fuego que habr\u00eda alcanzado hasta los ocho metros de altura que fueron afectando los cables de las torres que suministran la electricidad de la empresa Colb\u00fan.<\/p>\n<p>El comandante de Bomberos, <strong><em>Juan Carlos Herrera Lillo<\/em><\/strong>, inform\u00f3 que durante las labores de todos los voluntarios estuvo bastante complicado, logrando controlar el siniestro alrededor de las 19:00 horas de este s\u00e1bado.<\/p>\n<p>\u201c<em>Fue un incendio donde hay gran cantidad de desechos, acumulados de madera, cartones y gran cantidad de tambores pl\u00e1sticos, escombros. Los momentos dif\u00edciles fueron cuando las llamas alcanzaron casi ocho metros de altura donde se empezaron a cortar los cables de alta tensi\u00f3n, era el peligro m\u00e1s grande de que alg\u00fan bombero resultara lesionado, un golpe de corriente de un cable de alta tensi\u00f3n es bastante complicado. La verdad una situaci\u00f3n bastante fuerte pero afortunadamente pudimos salir adelante y controlar el incendio que ven\u00eda avanzando r\u00e1pidamente por la gran cantidad de viento en ese sector<\/em>\u201d.<\/p>\n<p>&nbsp;<\/p>\n<p><span style=\"color: #ff0000;\"><strong>CORTE GENERAL<\/strong><\/span><\/p>\n<p>Sobre las causas del origen del fuego, el Comandante Herrera agreg\u00f3 que la Fiscal\u00eda de San Felipe requiri\u00f3 una amplia investigaci\u00f3n al respecto para establecer si el fuego fue intencional o no, solicit\u00e1ndose las pericias del Laboratorio de Criminal\u00edstica de Carabineros.<\/p>\n<p>\u201c<em>Se hicieron las gestiones r\u00e1pidamente en decirle a Colb\u00fan que hiciera corte general de energ\u00eda el\u00e9ctrica porque son cables de alta tensi\u00f3n, se tomaron todas las medidas correspondientes en tener la luz cortada para poder seguir trabajando en este incendio. Hay varias hip\u00f3tesis sobre el origen que se est\u00e1n trabajando con el Labocar de Carabineros, el fiscal pidi\u00f3 una amplia investigaci\u00f3n sobre este incendio, la verdad que hay algunas situaciones que se est\u00e1n estudiando y hasta el momento es parte de la investigaci\u00f3n<\/em>\u201d.<\/p>\n<p>La empresa Chilquinta restableci\u00f3 el suministro el\u00e9ctrico progresivamente a partir de las 17:00 horas del s\u00e1bado en la totalidad de las provincias de San Felipe y Los Andes.<\/p>\n<p><strong>Pablo Salinas Sald\u00edas<\/strong><\/p>\n<p>&nbsp;<\/p>\n<figure id=\"attachment_96092\" aria-describedby=\"caption-attachment-96092\" style=\"width: 580px\" class=\"wp-caption alignnone\"><img data-recalc-dims=\"1\" loading=\"lazy\" decoding=\"async\" class=\"size-full wp-image-96092\" src=\"https:\/\/i0.wp.com\/www.eltrabajo.cl\/portal\/wp-content\/uploads\/2019\/12\/POCURO4.jpg?resize=580%2C360\" alt=\"Camiones aljibes concurrieron al sitio del suceso para proveer agua.\" width=\"580\" height=\"360\" srcset=\"https:\/\/i0.wp.com\/eltrabajo.cl\/portal\/wp-content\/uploads\/2019\/12\/POCURO4.jpg?w=580&amp;ssl=1 580w, https:\/\/i0.wp.com\/eltrabajo.cl\/portal\/wp-content\/uploads\/2019\/12\/POCURO4.jpg?resize=300%2C186&amp;ssl=1 300w, https:\/\/i0.wp.com\/eltrabajo.cl\/portal\/wp-content\/uploads\/2019\/12\/POCURO4.jpg?resize=200%2C124&amp;ssl=1 200w, https:\/\/i0.wp.com\/eltrabajo.cl\/portal\/wp-content\/uploads\/2019\/12\/POCURO4.jpg?resize=242%2C150&amp;ssl=1 242w, https:\/\/i0.wp.com\/eltrabajo.cl\/portal\/wp-content\/uploads\/2019\/12\/POCURO4.jpg?resize=400%2C248&amp;ssl=1 400w\" sizes=\"auto, (max-width: 580px) 100vw, 580px\" \/><figcaption id=\"caption-attachment-96092\" class=\"wp-caption-text\">Camiones aljibes concurrieron al sitio del suceso para proveer agua.<\/figcaption><\/figure>\n<p>&nbsp;<\/p>\n<figure id=\"attachment_96091\" aria-describedby=\"caption-attachment-96091\" style=\"width: 577px\" class=\"wp-caption alignnone\"><img data-recalc-dims=\"1\" loading=\"lazy\" decoding=\"async\" class=\"size-full wp-image-96091\" src=\"https:\/\/i0.wp.com\/www.eltrabajo.cl\/portal\/wp-content\/uploads\/2019\/12\/POCURO3.jpg?resize=577%2C360\" alt=\"Hasta un helic\u00f3ptero de la Conaf estuvo en las labores de reducci\u00f3n del incendio.\" width=\"577\" height=\"360\" srcset=\"https:\/\/i0.wp.com\/eltrabajo.cl\/portal\/wp-content\/uploads\/2019\/12\/POCURO3.jpg?w=577&amp;ssl=1 577w, https:\/\/i0.wp.com\/eltrabajo.cl\/portal\/wp-content\/uploads\/2019\/12\/POCURO3.jpg?resize=300%2C187&amp;ssl=1 300w, https:\/\/i0.wp.com\/eltrabajo.cl\/portal\/wp-content\/uploads\/2019\/12\/POCURO3.jpg?resize=200%2C125&amp;ssl=1 200w, https:\/\/i0.wp.com\/eltrabajo.cl\/portal\/wp-content\/uploads\/2019\/12\/POCURO3.jpg?resize=240%2C150&amp;ssl=1 240w, https:\/\/i0.wp.com\/eltrabajo.cl\/portal\/wp-content\/uploads\/2019\/12\/POCURO3.jpg?resize=400%2C250&amp;ssl=1 400w\" sizes=\"auto, (max-width: 577px) 100vw, 577px\" \/><figcaption id=\"caption-attachment-96091\" class=\"wp-caption-text\">Hasta un helic\u00f3ptero de la Conaf estuvo en las labores de reducci\u00f3n del incendio.<\/figcaption><\/figure>\n<p>&nbsp;<\/p>\n<figure id=\"attachment_96088\" aria-describedby=\"caption-attachment-96088\" style=\"width: 580px\" class=\"wp-caption alignnone\"><img data-recalc-dims=\"1\" loading=\"lazy\" decoding=\"async\" class=\"size-full wp-image-96088\" src=\"https:\/\/i0.wp.com\/www.eltrabajo.cl\/portal\/wp-content\/uploads\/2019\/12\/Pocuro_Juan-Carlos-Herrera.jpg?resize=580%2C553\" alt=\"Juan Carlos Herrera Lillo, comandante de Bomberos San Felipe.\" width=\"580\" height=\"553\" srcset=\"https:\/\/i0.wp.com\/eltrabajo.cl\/portal\/wp-content\/uploads\/2019\/12\/Pocuro_Juan-Carlos-Herrera.jpg?w=580&amp;ssl=1 580w, https:\/\/i0.wp.com\/eltrabajo.cl\/portal\/wp-content\/uploads\/2019\/12\/Pocuro_Juan-Carlos-Herrera.jpg?resize=300%2C286&amp;ssl=1 300w, https:\/\/i0.wp.com\/eltrabajo.cl\/portal\/wp-content\/uploads\/2019\/12\/Pocuro_Juan-Carlos-Herrera.jpg?resize=157%2C150&amp;ssl=1 157w, https:\/\/i0.wp.com\/eltrabajo.cl\/portal\/wp-content\/uploads\/2019\/12\/Pocuro_Juan-Carlos-Herrera.jpg?resize=400%2C381&amp;ssl=1 400w\" sizes=\"auto, (max-width: 580px) 100vw, 580px\" \/><figcaption id=\"caption-attachment-96088\" class=\"wp-caption-text\">Juan Carlos Herrera Lillo, comandante de Bomberos San Felipe.<\/figcaption><\/figure>\n<p>&nbsp;<\/p>\n<figure id=\"attachment_96093\" aria-describedby=\"caption-attachment-96093\" style=\"width: 579px\" class=\"wp-caption alignnone\"><img data-recalc-dims=\"1\" loading=\"lazy\" decoding=\"async\" class=\"size-full wp-image-96093\" src=\"https:\/\/i0.wp.com\/www.eltrabajo.cl\/portal\/wp-content\/uploads\/2019\/12\/pocuro5.jpg?resize=579%2C773\" alt=\"Las llamas alcanzaron los cables de alta tensi\u00f3n que proveen electricidad a las provincias de San Felipe y Los Andes.\" width=\"579\" height=\"773\" srcset=\"https:\/\/i0.wp.com\/eltrabajo.cl\/portal\/wp-content\/uploads\/2019\/12\/pocuro5.jpg?w=579&amp;ssl=1 579w, https:\/\/i0.wp.com\/eltrabajo.cl\/portal\/wp-content\/uploads\/2019\/12\/pocuro5.jpg?resize=225%2C300&amp;ssl=1 225w, https:\/\/i0.wp.com\/eltrabajo.cl\/portal\/wp-content\/uploads\/2019\/12\/pocuro5.jpg?resize=112%2C150&amp;ssl=1 112w, https:\/\/i0.wp.com\/eltrabajo.cl\/portal\/wp-content\/uploads\/2019\/12\/pocuro5.jpg?resize=400%2C534&amp;ssl=1 400w\" sizes=\"auto, (max-width: 579px) 100vw, 579px\" \/><figcaption id=\"caption-attachment-96093\" class=\"wp-caption-text\">Las llamas alcanzaron los cables de alta tensi\u00f3n que proveen electricidad a las provincias de San Felipe y Los Andes.<\/figcaption><\/figure>\n<p>&nbsp;<\/p>\n<figure id=\"attachment_96090\" aria-describedby=\"caption-attachment-96090\" style=\"width: 579px\" class=\"wp-caption alignnone\"><img data-recalc-dims=\"1\" loading=\"lazy\" decoding=\"async\" class=\"size-full wp-image-96090\" src=\"https:\/\/i0.wp.com\/www.eltrabajo.cl\/portal\/wp-content\/uploads\/2019\/12\/POCURO2.jpg?resize=579%2C763\" alt=\"Todas las compa\u00f1\u00edas de Bomberos de ambas provincias trabajaron en el combate del fuego.\" width=\"579\" height=\"763\" srcset=\"https:\/\/i0.wp.com\/eltrabajo.cl\/portal\/wp-content\/uploads\/2019\/12\/POCURO2.jpg?w=579&amp;ssl=1 579w, https:\/\/i0.wp.com\/eltrabajo.cl\/portal\/wp-content\/uploads\/2019\/12\/POCURO2.jpg?resize=228%2C300&amp;ssl=1 228w, https:\/\/i0.wp.com\/eltrabajo.cl\/portal\/wp-content\/uploads\/2019\/12\/POCURO2.jpg?resize=114%2C150&amp;ssl=1 114w, https:\/\/i0.wp.com\/eltrabajo.cl\/portal\/wp-content\/uploads\/2019\/12\/POCURO2.jpg?resize=400%2C527&amp;ssl=1 400w\" sizes=\"auto, (max-width: 579px) 100vw, 579px\" \/><figcaption id=\"caption-attachment-96090\" class=\"wp-caption-text\">Todas las compa\u00f1\u00edas de Bomberos de ambas provincias trabajaron en el combate del fuego.<\/figcaption><\/figure>\n<p>&nbsp;<\/p>\n<figure id=\"attachment_96089\" aria-describedby=\"caption-attachment-96089\" style=\"width: 580px\" class=\"wp-caption alignnone\"><img data-recalc-dims=\"1\" loading=\"lazy\" decoding=\"async\" class=\"size-full wp-image-96089\" src=\"https:\/\/i0.wp.com\/www.eltrabajo.cl\/portal\/wp-content\/uploads\/2019\/12\/POCURO1.jpg?resize=580%2C861\" alt=\"Todas las compa\u00f1\u00edas de Bomberos de ambas provincias trabajaron en el combate del fuego.\" width=\"580\" height=\"861\" srcset=\"https:\/\/i0.wp.com\/eltrabajo.cl\/portal\/wp-content\/uploads\/2019\/12\/POCURO1.jpg?w=580&amp;ssl=1 580w, https:\/\/i0.wp.com\/eltrabajo.cl\/portal\/wp-content\/uploads\/2019\/12\/POCURO1.jpg?resize=202%2C300&amp;ssl=1 202w, https:\/\/i0.wp.com\/eltrabajo.cl\/portal\/wp-content\/uploads\/2019\/12\/POCURO1.jpg?resize=101%2C150&amp;ssl=1 101w, https:\/\/i0.wp.com\/eltrabajo.cl\/portal\/wp-content\/uploads\/2019\/12\/POCURO1.jpg?resize=400%2C594&amp;ssl=1 400w\" sizes=\"auto, (max-width: 580px) 100vw, 580px\" \/><figcaption id=\"caption-attachment-96089\" class=\"wp-caption-text\">Todas las compa\u00f1\u00edas de Bomberos de ambas provincias trabajaron en el combate del fuego.<\/figcaption><\/figure>\n","protected":false},"excerpt":{"rendered":"<p>Totalidad de compa\u00f1\u00edas de Bomberos trabajaron en reducir el siniestro Fiscal\u00eda solicit\u00f3 amplia investigaci\u00f3n sobre el origen del fuego ocurrido pasado el mediod\u00eda de este s\u00e1bado desde el patio de una propiedad&#8230;<\/p>\n","protected":false},"author":482,"featured_media":96087,"comment_status":"open","ping_status":"open","sticky":false,"template":"","format":"standard","meta":{"advanced_seo_description":"","jetpack_seo_html_title":"","jetpack_seo_noindex":false,"_jetpack_memberships_contains_paid_content":false,"footnotes":""},"categories":[21],"tags":[],"class_list":["post-96086","post","type-post","status-publish","format-standard","has-post-thumbnail","hentry","category-policial"],"jetpack_featured_media_url":"https:\/\/i0.wp.com\/eltrabajo.cl\/portal\/wp-content\/uploads\/2019\/12\/pocuro-Portada1.jpg?fit=580%2C359&ssl=1","jetpack_sharing_enabled":true,"jetpack_likes_enabled":true,"jetpack-related-posts":[],"_links":{"self":[{"href":"https:\/\/eltrabajo.cl\/portal\/wp-json\/wp\/v2\/posts\/96086","targetHints":{"allow":["GET"]}}],"collection":[{"href":"https:\/\/eltrabajo.cl\/portal\/wp-json\/wp\/v2\/posts"}],"about":[{"href":"https:\/\/eltrabajo.cl\/portal\/wp-json\/wp\/v2\/types\/post"}],"author":[{"embeddable":true,"href":"https:\/\/eltrabajo.cl\/portal\/wp-json\/wp\/v2\/users\/482"}],"replies":[{"embeddable":true,"href":"https:\/\/eltrabajo.cl\/portal\/wp-json\/wp\/v2\/comments?post=96086"}],"version-history":[{"count":0,"href":"https:\/\/eltrabajo.cl\/portal\/wp-json\/wp\/v2\/posts\/96086\/revisions"}],"wp:featuredmedia":[{"embeddable":true,"href":"https:\/\/eltrabajo.cl\/portal\/wp-json\/wp\/v2\/media\/96087"}],"wp:attachment":[{"href":"https:\/\/eltrabajo.cl\/portal\/wp-json\/wp\/v2\/media?parent=96086"}],"wp:term":[{"taxonomy":"category","embeddable":true,"href":"https:\/\/eltrabajo.cl\/portal\/wp-json\/wp\/v2\/categories?post=96086"},{"taxonomy":"post_tag","embeddable":true,"href":"https:\/\/eltrabajo.cl\/portal\/wp-json\/wp\/v2\/tags?post=96086"}],"curies":[{"name":"wp","href":"https:\/\/api.w.org\/{rel}","templated":true}]}}