{"id":96095,"date":"2019-12-17T05:01:52","date_gmt":"2019-12-17T08:01:52","guid":{"rendered":"http:\/\/www.eltrabajo.cl\/portal\/?p=96095"},"modified":"2019-12-16T21:30:14","modified_gmt":"2019-12-17T00:30:14","slug":"la-seleccion-de-catemu-se-quedo-con-el-titulo-regional-en-la-serie-de-honor","status":"publish","type":"post","link":"https:\/\/eltrabajo.cl\/portal\/la-seleccion-de-catemu-se-quedo-con-el-titulo-regional-en-la-serie-de-honor\/","title":{"rendered":"La selecci\u00f3n de Catemu se qued\u00f3 con el t\u00edtulo regional en la serie de Honor"},"content":{"rendered":"<p>En la gran final jugada el domingo \u00faltimo en el c\u00e9sped sint\u00e9tico del estadio Lucio Fari\u00f1a de Quillota, la selecci\u00f3n de Catemu se hizo de todos los honores en el torneo Regional de f\u00fatbol correspondiente a la serie de Honor, al imponerse 5 a 3 en una definici\u00f3n a penales a su similar de Vi\u00f1a del Mar.<\/p>\n<p>El encuentro jugado en Quillota cont\u00f3 con un considerable marco de p\u00fablico, sobresaliendo la gran cantidad de hinchas cateminos que pr\u00e1cticamente llenaron una tribuna del coliseo deportivo que en el segundo tiempo se carg\u00f3 de emoci\u00f3n, ya que fue en ese lapso donde llegaron los goles.<\/p>\n<p>Catemu abri\u00f3 la cuenta por medio de un gol ol\u00edmpico anotado por <strong>Guillermo D\u00edaz<\/strong>, jugador que m\u00e1s tarde ser\u00eda expulsado. Vi\u00f1a del Mar lleg\u00f3 al empate gracias a una conquista de Misael Brante.<\/p>\n<p>La paridad a 1 en el tiempo reglamentario llev\u00f3 todo a un alargue. Durante la media hora adicional nada cambi\u00f3, lo que oblig\u00f3 a una definici\u00f3n desde los doce pasos, instancia en la que la selecci\u00f3n aconcag\u00fcina fue m\u00e1s certera al ganarla por 5 a 3, desatando los festejos que despu\u00e9s se trasladaron a Catemu, comuna que desde el domingo pasado es la due\u00f1a absoluta del balompi\u00e9 aficionado de toda la Quinta regi\u00f3n.<\/p>\n<p>&nbsp;<\/p>\n<figure id=\"attachment_96096\" aria-describedby=\"caption-attachment-96096\" style=\"width: 580px\" class=\"wp-caption alignnone\"><img data-recalc-dims=\"1\" loading=\"lazy\" decoding=\"async\" class=\"size-full wp-image-96096\" src=\"https:\/\/i0.wp.com\/www.eltrabajo.cl\/portal\/wp-content\/uploads\/2019\/12\/catemu-partido.jpg?resize=580%2C360\" alt=\"El duelo decisivo se jug\u00f3 ante un gran marco de p\u00fablico, sobresaliendo la gran presencia de hinchas cateminos.\" width=\"580\" height=\"360\" srcset=\"https:\/\/i0.wp.com\/eltrabajo.cl\/portal\/wp-content\/uploads\/2019\/12\/catemu-partido.jpg?w=580&amp;ssl=1 580w, https:\/\/i0.wp.com\/eltrabajo.cl\/portal\/wp-content\/uploads\/2019\/12\/catemu-partido.jpg?resize=300%2C186&amp;ssl=1 300w, https:\/\/i0.wp.com\/eltrabajo.cl\/portal\/wp-content\/uploads\/2019\/12\/catemu-partido.jpg?resize=200%2C124&amp;ssl=1 200w, https:\/\/i0.wp.com\/eltrabajo.cl\/portal\/wp-content\/uploads\/2019\/12\/catemu-partido.jpg?resize=242%2C150&amp;ssl=1 242w, https:\/\/i0.wp.com\/eltrabajo.cl\/portal\/wp-content\/uploads\/2019\/12\/catemu-partido.jpg?resize=400%2C248&amp;ssl=1 400w\" sizes=\"auto, (max-width: 580px) 100vw, 580px\" \/><figcaption id=\"caption-attachment-96096\" class=\"wp-caption-text\">El duelo decisivo se jug\u00f3 ante un gran marco de p\u00fablico, sobresaliendo la gran presencia de hinchas cateminos.<\/figcaption><\/figure>\n<p>&nbsp;<\/p>\n<figure id=\"attachment_96097\" aria-describedby=\"caption-attachment-96097\" style=\"width: 580px\" class=\"wp-caption alignnone\"><img data-recalc-dims=\"1\" loading=\"lazy\" decoding=\"async\" class=\"size-full wp-image-96097\" src=\"https:\/\/i0.wp.com\/www.eltrabajo.cl\/portal\/wp-content\/uploads\/2019\/12\/catemu-1.jpg?resize=580%2C249\" alt=\"La selecci\u00f3n de Catemu alcanz\u00f3 un logro hist\u00f3rico para el deporte aconcag\u00fcino al ganar el Regional amateur de Honor.\" width=\"580\" height=\"249\" srcset=\"https:\/\/i0.wp.com\/eltrabajo.cl\/portal\/wp-content\/uploads\/2019\/12\/catemu-1.jpg?w=580&amp;ssl=1 580w, https:\/\/i0.wp.com\/eltrabajo.cl\/portal\/wp-content\/uploads\/2019\/12\/catemu-1.jpg?resize=300%2C129&amp;ssl=1 300w, https:\/\/i0.wp.com\/eltrabajo.cl\/portal\/wp-content\/uploads\/2019\/12\/catemu-1.jpg?resize=200%2C86&amp;ssl=1 200w, https:\/\/i0.wp.com\/eltrabajo.cl\/portal\/wp-content\/uploads\/2019\/12\/catemu-1.jpg?resize=400%2C172&amp;ssl=1 400w\" sizes=\"auto, (max-width: 580px) 100vw, 580px\" \/><figcaption id=\"caption-attachment-96097\" class=\"wp-caption-text\">La selecci\u00f3n de Catemu alcanz\u00f3 un logro hist\u00f3rico para el deporte aconcag\u00fcino al ganar el Regional amateur de Honor.<\/figcaption><\/figure>\n","protected":false},"excerpt":{"rendered":"<p>En la gran final jugada el domingo \u00faltimo en el c\u00e9sped sint\u00e9tico del estadio Lucio Fari\u00f1a de Quillota, la selecci\u00f3n de Catemu se hizo de todos los honores en el torneo Regional&#8230;<\/p>\n","protected":false},"author":482,"featured_media":96096,"comment_status":"open","ping_status":"open","sticky":false,"template":"","format":"standard","meta":{"advanced_seo_description":"","jetpack_seo_html_title":"","jetpack_seo_noindex":false,"_jetpack_memberships_contains_paid_content":false,"footnotes":""},"categories":[19],"tags":[],"class_list":["post-96095","post","type-post","status-publish","format-standard","has-post-thumbnail","hentry","category-deportes"],"jetpack_featured_media_url":"https:\/\/i0.wp.com\/eltrabajo.cl\/portal\/wp-content\/uploads\/2019\/12\/catemu-partido.jpg?fit=580%2C360&ssl=1","jetpack_sharing_enabled":true,"jetpack_likes_enabled":true,"jetpack-related-posts":[],"_links":{"self":[{"href":"https:\/\/eltrabajo.cl\/portal\/wp-json\/wp\/v2\/posts\/96095","targetHints":{"allow":["GET"]}}],"collection":[{"href":"https:\/\/eltrabajo.cl\/portal\/wp-json\/wp\/v2\/posts"}],"about":[{"href":"https:\/\/eltrabajo.cl\/portal\/wp-json\/wp\/v2\/types\/post"}],"author":[{"embeddable":true,"href":"https:\/\/eltrabajo.cl\/portal\/wp-json\/wp\/v2\/users\/482"}],"replies":[{"embeddable":true,"href":"https:\/\/eltrabajo.cl\/portal\/wp-json\/wp\/v2\/comments?post=96095"}],"version-history":[{"count":0,"href":"https:\/\/eltrabajo.cl\/portal\/wp-json\/wp\/v2\/posts\/96095\/revisions"}],"wp:featuredmedia":[{"embeddable":true,"href":"https:\/\/eltrabajo.cl\/portal\/wp-json\/wp\/v2\/media\/96096"}],"wp:attachment":[{"href":"https:\/\/eltrabajo.cl\/portal\/wp-json\/wp\/v2\/media?parent=96095"}],"wp:term":[{"taxonomy":"category","embeddable":true,"href":"https:\/\/eltrabajo.cl\/portal\/wp-json\/wp\/v2\/categories?post=96095"},{"taxonomy":"post_tag","embeddable":true,"href":"https:\/\/eltrabajo.cl\/portal\/wp-json\/wp\/v2\/tags?post=96095"}],"curies":[{"name":"wp","href":"https:\/\/api.w.org\/{rel}","templated":true}]}}