{"id":96099,"date":"2019-12-17T05:02:36","date_gmt":"2019-12-17T08:02:36","guid":{"rendered":"http:\/\/www.eltrabajo.cl\/portal\/?p=96099"},"modified":"2019-12-16T21:34:03","modified_gmt":"2019-12-17T00:34:03","slug":"frutexport-se-consagra-campeon-de-segunda-y-cambia-de-categoria-en-la-abar","status":"publish","type":"post","link":"https:\/\/eltrabajo.cl\/portal\/frutexport-se-consagra-campeon-de-segunda-y-cambia-de-categoria-en-la-abar\/","title":{"rendered":"Frutexport se consagra campe\u00f3n de segunda y cambia de categor\u00eda en la ABAR"},"content":{"rendered":"<p>El Fort\u00edn Prat se convirti\u00f3 en el escenario donde el quinteto del club Frutexport de San Felipe termin\u00f3 por consolidar una campa\u00f1a notable que lo consagr\u00f3 como el mejor de la segunda divisi\u00f3n de los cestos aconcag\u00fcinos.<\/p>\n<p>En la definici\u00f3n por el t\u00edtulo, el conjunto exportador se impuso 68 a 41 a Panteras, el equipo revelaci\u00f3n del semestre, que pese a intentarlo no pudo impedir los abrazos de un Frutexport demoledor e intratable.<\/p>\n<p>Los ahora monarcas de la serie B de la ABAR (Asociaci\u00f3n de B\u00e1squetbol Alejandro Rivadeneira) hicieron un torneo perfecto al ganar todos los partidos, imponiendo de paso una marca que costar\u00e1 romper en el futuro.<\/p>\n<p>Durante la jornada sabatina tambi\u00e9n se defini\u00f3 el tercer lugar de la categor\u00eda, y fue Canguros el que logr\u00f3 subir al podio al ganar 68 a 41 al joven y prometedor equipo de Iball.<\/p>\n<p>El plantel del Frutexport se compon\u00eda por los siguientes jugadores: Jorge Aguilera, Pablo Fern\u00e1ndez, Jos\u00e9 Rojas, Francisco Baz\u00e1ez, Eduardo Tapia, Eduardo Vicencio, Mauricio Curaz, Alejandro Palma, Francisco Saavedra, Manuel Vicencio, Reinaldo Prado, Erick Toledo, Julio Salinas.<\/p>\n<p>Las ubicaciones finales en el ascenso del Clausura fueron:<\/p>\n<p>1\u00ba.- Frutexport<\/p>\n<p>2\u00ba.- Panteras<\/p>\n<p>3\u00ba.- Canguros<\/p>\n<p>4\u00ba.- Iball<\/p>\n<p><strong>\u00a0<\/strong><\/p>\n<p><span style=\"color: #ff0000;\"><strong>EN LA &#8216;A&#8217; NADA EST\u00c1 DEFINIDO<\/strong><\/span><\/p>\n<p>Por el campeonato mayor de la ABAR, solo se jugaron dos partidos, por lo que la definici\u00f3n para conocer al due\u00f1o absoluto de los cestos de la futura Regi\u00f3n Cordillera qued\u00f3 reservada para el pr\u00f3ximo domingo.<\/p>\n<p>Resultados serie A<\/p>\n<p>\u00c1rabe 53 \u2013 Sonic 55<\/p>\n<p>Mixto 71 \u2013 Prat 81<\/p>\n<p>&nbsp;<\/p>\n<figure id=\"attachment_96100\" aria-describedby=\"caption-attachment-96100\" style=\"width: 580px\" class=\"wp-caption alignnone\"><img data-recalc-dims=\"1\" loading=\"lazy\" decoding=\"async\" class=\"size-full wp-image-96100\" src=\"https:\/\/i0.wp.com\/www.eltrabajo.cl\/portal\/wp-content\/uploads\/2019\/12\/frutexport-con-la-copa.jpg?resize=580%2C359\" alt=\"El equipo exportador levanta la copa reservada al mejor.\" width=\"580\" height=\"359\" srcset=\"https:\/\/i0.wp.com\/eltrabajo.cl\/portal\/wp-content\/uploads\/2019\/12\/frutexport-con-la-copa.jpg?w=580&amp;ssl=1 580w, https:\/\/i0.wp.com\/eltrabajo.cl\/portal\/wp-content\/uploads\/2019\/12\/frutexport-con-la-copa.jpg?resize=300%2C186&amp;ssl=1 300w, https:\/\/i0.wp.com\/eltrabajo.cl\/portal\/wp-content\/uploads\/2019\/12\/frutexport-con-la-copa.jpg?resize=200%2C124&amp;ssl=1 200w, https:\/\/i0.wp.com\/eltrabajo.cl\/portal\/wp-content\/uploads\/2019\/12\/frutexport-con-la-copa.jpg?resize=242%2C150&amp;ssl=1 242w, https:\/\/i0.wp.com\/eltrabajo.cl\/portal\/wp-content\/uploads\/2019\/12\/frutexport-con-la-copa.jpg?resize=400%2C248&amp;ssl=1 400w\" sizes=\"auto, (max-width: 580px) 100vw, 580px\" \/><figcaption id=\"caption-attachment-96100\" class=\"wp-caption-text\">El equipo exportador levanta la copa reservada al mejor.<\/figcaption><\/figure>\n<p>&nbsp;<\/p>\n<figure id=\"attachment_96101\" aria-describedby=\"caption-attachment-96101\" style=\"width: 580px\" class=\"wp-caption alignnone\"><img data-recalc-dims=\"1\" loading=\"lazy\" decoding=\"async\" class=\"size-full wp-image-96101\" src=\"https:\/\/i0.wp.com\/www.eltrabajo.cl\/portal\/wp-content\/uploads\/2019\/12\/frutexport.jpg?resize=580%2C464\" alt=\"Frutexport no tuvo contrapesos en el torneo B de la ABAR.\" width=\"580\" height=\"464\" srcset=\"https:\/\/i0.wp.com\/eltrabajo.cl\/portal\/wp-content\/uploads\/2019\/12\/frutexport.jpg?w=580&amp;ssl=1 580w, https:\/\/i0.wp.com\/eltrabajo.cl\/portal\/wp-content\/uploads\/2019\/12\/frutexport.jpg?resize=300%2C240&amp;ssl=1 300w, https:\/\/i0.wp.com\/eltrabajo.cl\/portal\/wp-content\/uploads\/2019\/12\/frutexport.jpg?resize=188%2C150&amp;ssl=1 188w, https:\/\/i0.wp.com\/eltrabajo.cl\/portal\/wp-content\/uploads\/2019\/12\/frutexport.jpg?resize=400%2C320&amp;ssl=1 400w\" sizes=\"auto, (max-width: 580px) 100vw, 580px\" \/><figcaption id=\"caption-attachment-96101\" class=\"wp-caption-text\">Frutexport no tuvo contrapesos en el torneo B de la ABAR.<\/figcaption><\/figure>\n","protected":false},"excerpt":{"rendered":"<p>El Fort\u00edn Prat se convirti\u00f3 en el escenario donde el quinteto del club Frutexport de San Felipe termin\u00f3 por consolidar una campa\u00f1a notable que lo consagr\u00f3 como el mejor de la segunda&#8230;<\/p>\n","protected":false},"author":482,"featured_media":96100,"comment_status":"open","ping_status":"open","sticky":false,"template":"","format":"standard","meta":{"advanced_seo_description":"","jetpack_seo_html_title":"","jetpack_seo_noindex":false,"_jetpack_memberships_contains_paid_content":false,"footnotes":""},"categories":[19],"tags":[],"class_list":["post-96099","post","type-post","status-publish","format-standard","has-post-thumbnail","hentry","category-deportes"],"jetpack_featured_media_url":"https:\/\/i0.wp.com\/eltrabajo.cl\/portal\/wp-content\/uploads\/2019\/12\/frutexport-con-la-copa.jpg?fit=580%2C359&ssl=1","jetpack_sharing_enabled":true,"jetpack_likes_enabled":true,"jetpack-related-posts":[],"_links":{"self":[{"href":"https:\/\/eltrabajo.cl\/portal\/wp-json\/wp\/v2\/posts\/96099","targetHints":{"allow":["GET"]}}],"collection":[{"href":"https:\/\/eltrabajo.cl\/portal\/wp-json\/wp\/v2\/posts"}],"about":[{"href":"https:\/\/eltrabajo.cl\/portal\/wp-json\/wp\/v2\/types\/post"}],"author":[{"embeddable":true,"href":"https:\/\/eltrabajo.cl\/portal\/wp-json\/wp\/v2\/users\/482"}],"replies":[{"embeddable":true,"href":"https:\/\/eltrabajo.cl\/portal\/wp-json\/wp\/v2\/comments?post=96099"}],"version-history":[{"count":0,"href":"https:\/\/eltrabajo.cl\/portal\/wp-json\/wp\/v2\/posts\/96099\/revisions"}],"wp:featuredmedia":[{"embeddable":true,"href":"https:\/\/eltrabajo.cl\/portal\/wp-json\/wp\/v2\/media\/96100"}],"wp:attachment":[{"href":"https:\/\/eltrabajo.cl\/portal\/wp-json\/wp\/v2\/media?parent=96099"}],"wp:term":[{"taxonomy":"category","embeddable":true,"href":"https:\/\/eltrabajo.cl\/portal\/wp-json\/wp\/v2\/categories?post=96099"},{"taxonomy":"post_tag","embeddable":true,"href":"https:\/\/eltrabajo.cl\/portal\/wp-json\/wp\/v2\/tags?post=96099"}],"curies":[{"name":"wp","href":"https:\/\/api.w.org\/{rel}","templated":true}]}}