{"id":96106,"date":"2019-12-17T05:04:59","date_gmt":"2019-12-17T08:04:59","guid":{"rendered":"http:\/\/www.eltrabajo.cl\/portal\/?p=96106"},"modified":"2019-12-16T21:39:32","modified_gmt":"2019-12-17T00:39:32","slug":"de-europa-a-america-hoy-martes-a-las-1830-en-el-teatro-roberto-barraza","status":"publish","type":"post","link":"https:\/\/eltrabajo.cl\/portal\/de-europa-a-america-hoy-martes-a-las-1830-en-el-teatro-roberto-barraza\/","title":{"rendered":"\u2018De Europa a Am\u00e9rica\u2019, hoy martes a las 18:30 en el teatro Roberto Barraza"},"content":{"rendered":"<p><span style=\"color: #ff0000;\"><strong>Camerata Aconcagua y Flamenco Fusi\u00f3n Aconcagua:<\/strong><\/span><\/p>\n<p>Hoy martes a las 18:30 horas en el Teatro Roberto Barraza (Traslavi\u00f1a esquina Santo Domingo) se realizar\u00e1 una interesante muestra art\u00edstica de dos prestigiosas agrupaciones sanfelipe\u00f1as: Flamenco Fusi\u00f3n Aconcagua y Camerata Aconcagua. El evento, denominado \u2018<strong><em>De Europa a Am\u00e9rica<\/em><\/strong>\u2019, es una fina muestra de la cultura europea y su repercusi\u00f3n en nuestro continente a trav\u00e9s de la m\u00fasica y el baile flamenco.<\/p>\n<p><strong><em>Natalia Salvador<\/em><\/strong>, directora de la agrupaci\u00f3n de baile flamenco y nueva integrante de Camerata, habl\u00f3 con <strong>Diario El Trabajo<\/strong> para contarnos que \u00ab<em>hace mucho tiempo que deseaba ingresar a Camerata Aconcagua y hasta ahora mis ocupaciones no me lo hab\u00edan permitido. Visto desde fuera, con sus impecables armon\u00edas, sus hermosos trajes y los instrumentos antiguos, siempre me fue un grupo muy atractivo y desde que los vi por primera vez quise ingresar. Ahora, conoci\u00e9ndolos desde dentro, me he encontrado con un grupo humano de gran calidad, que organizan sus ensayos muy bien y que tienen gran exigencia t\u00e9cnica. Por todo lo anterior, estoy feliz y agradecida de poder pertenecer y aportar a este grupo musical<\/em>\u00bb, indic\u00f3 Salvador.<\/p>\n<p>Por su parte <strong>Jorge Gaete<\/strong>, director de Camerata Aconcagua, nos cuenta sobre esta interesante uni\u00f3n musical, \u00ab<em>ha sido un honor compartir escenario con una agrupaci\u00f3n tan profesional como Flamenco Fusi\u00f3n Aconcagua, ya tuvimos un concierto conjunto con excelentes resultados en el teatro de Santa Mar\u00eda. El p\u00fablico agradeci\u00f3 mucho la variedad de estilos, as\u00ed como las explicaciones que Natalia y yo hac\u00edamos antes de cada tema para contextualizar en detalle lo que se estaba presentando. Tambi\u00e9n los temas en los que interactuamos ambos grupos son muy interesantes en todo sentido. Mientras cantamos las chicas flamencas bailan, d\u00e1ndole una ambientaci\u00f3n mucho m\u00e1s completa al espect\u00e1culo. Camerata Aconcagua, al presentar m\u00fasica antigua <\/em>(medieval renacentista y barroca), <em>se conecta muy bien con el flamenco debido a tener una ra\u00edz en com\u00fan, que son los estilos de composici\u00f3n de directa influencia sefard\u00ed, aunque principalmente \u00e1rabe, instalados desde el medioevo con formas y estilos muy definidas y que en lo que al flamenco concierne, ha cambiado muy poco a trav\u00e9s de los siglos. La ra\u00edz de ambos g\u00e9neros, tanto los caf\u00e9 flamencos como la m\u00fasica antigua se hac\u00edan en muchos casos abiertos a la comunidad y era lo que escuchaba com\u00fanmente la gente. Ya que no hab\u00eda radio, televisi\u00f3n, Internet o alg\u00fan medio de difusi\u00f3n y registro, la gente asist\u00eda mucho a espect\u00e1culos p\u00fablicos en teatros, plazas abiertas, iglesias y escenarios improvisados all\u00e1 donde era necesario. Mucha de la m\u00fasica que hacemos sali\u00f3 de tabernas y posadas de la \u00e9poca. Esperamos a futuro tener m\u00e1s participaciones en conjunto con este y otros grupos para dar mayor conocimiento de \u00e9pocas antiguas y hacer crecer el movimiento hist\u00f3rico en el valle<\/em>\u00bb, dijo Gaete.<\/p>\n<p><strong>Roberto Gonz\u00e1lez Short<\/strong><\/p>\n<p>&nbsp;<\/p>\n<figure id=\"attachment_96107\" aria-describedby=\"caption-attachment-96107\" style=\"width: 580px\" class=\"wp-caption alignnone\"><img data-recalc-dims=\"1\" loading=\"lazy\" decoding=\"async\" class=\"size-full wp-image-96107\" src=\"https:\/\/i0.wp.com\/www.eltrabajo.cl\/portal\/wp-content\/uploads\/2019\/12\/Europa1.jpg?resize=580%2C358\" alt=\"GRATIS PARA TODOS.- Ritmo, atuendo y m\u00fasica medieval hoy en el Roberto Barraza a partir de las 18:30 horas.\" width=\"580\" height=\"358\" srcset=\"https:\/\/i0.wp.com\/eltrabajo.cl\/portal\/wp-content\/uploads\/2019\/12\/Europa1.jpg?w=580&amp;ssl=1 580w, https:\/\/i0.wp.com\/eltrabajo.cl\/portal\/wp-content\/uploads\/2019\/12\/Europa1.jpg?resize=300%2C185&amp;ssl=1 300w, https:\/\/i0.wp.com\/eltrabajo.cl\/portal\/wp-content\/uploads\/2019\/12\/Europa1.jpg?resize=200%2C123&amp;ssl=1 200w, https:\/\/i0.wp.com\/eltrabajo.cl\/portal\/wp-content\/uploads\/2019\/12\/Europa1.jpg?resize=243%2C150&amp;ssl=1 243w, https:\/\/i0.wp.com\/eltrabajo.cl\/portal\/wp-content\/uploads\/2019\/12\/Europa1.jpg?resize=400%2C247&amp;ssl=1 400w\" sizes=\"auto, (max-width: 580px) 100vw, 580px\" \/><figcaption id=\"caption-attachment-96107\" class=\"wp-caption-text\">GRATIS PARA TODOS.- Ritmo, atuendo y m\u00fasica medieval hoy en el Roberto Barraza a partir de las 18:30 horas.<\/figcaption><\/figure>\n<p>&nbsp;<\/p>\n<figure id=\"attachment_96108\" aria-describedby=\"caption-attachment-96108\" style=\"width: 580px\" class=\"wp-caption alignnone\"><img data-recalc-dims=\"1\" loading=\"lazy\" decoding=\"async\" class=\"size-full wp-image-96108\" src=\"https:\/\/i0.wp.com\/www.eltrabajo.cl\/portal\/wp-content\/uploads\/2019\/12\/Europa2.jpg?resize=580%2C358\" alt=\"IMPERDIBLE.- El evento, denominado \u2018De Europa a Am\u00e9rica\u2019, es una fina muestra de la cultura europea y su repercusi\u00f3n en nuestro continente a trav\u00e9s de la m\u00fasica y el baile flamenco. \" width=\"580\" height=\"358\" srcset=\"https:\/\/i0.wp.com\/eltrabajo.cl\/portal\/wp-content\/uploads\/2019\/12\/Europa2.jpg?w=580&amp;ssl=1 580w, https:\/\/i0.wp.com\/eltrabajo.cl\/portal\/wp-content\/uploads\/2019\/12\/Europa2.jpg?resize=300%2C185&amp;ssl=1 300w, https:\/\/i0.wp.com\/eltrabajo.cl\/portal\/wp-content\/uploads\/2019\/12\/Europa2.jpg?resize=200%2C123&amp;ssl=1 200w, https:\/\/i0.wp.com\/eltrabajo.cl\/portal\/wp-content\/uploads\/2019\/12\/Europa2.jpg?resize=243%2C150&amp;ssl=1 243w, https:\/\/i0.wp.com\/eltrabajo.cl\/portal\/wp-content\/uploads\/2019\/12\/Europa2.jpg?resize=400%2C247&amp;ssl=1 400w\" sizes=\"auto, (max-width: 580px) 100vw, 580px\" \/><figcaption id=\"caption-attachment-96108\" class=\"wp-caption-text\">IMPERDIBLE.- El evento, denominado \u2018De Europa a Am\u00e9rica\u2019, es una fina muestra de la cultura europea y su repercusi\u00f3n en nuestro continente a trav\u00e9s de la m\u00fasica y el baile flamenco.<\/figcaption><\/figure>\n<p>&nbsp;<\/p>\n<figure id=\"attachment_96109\" aria-describedby=\"caption-attachment-96109\" style=\"width: 580px\" class=\"wp-caption alignnone\"><img data-recalc-dims=\"1\" loading=\"lazy\" decoding=\"async\" class=\"size-full wp-image-96109\" src=\"https:\/\/i0.wp.com\/www.eltrabajo.cl\/portal\/wp-content\/uploads\/2019\/12\/Europa_Natalia-Salvador.jpg?resize=580%2C630\" alt=\"Natalia Salvador, directora de la agrupaci\u00f3n de baile flamenco y nueva integrante de Camerata.\" width=\"580\" height=\"630\" srcset=\"https:\/\/i0.wp.com\/eltrabajo.cl\/portal\/wp-content\/uploads\/2019\/12\/Europa_Natalia-Salvador.jpg?w=580&amp;ssl=1 580w, https:\/\/i0.wp.com\/eltrabajo.cl\/portal\/wp-content\/uploads\/2019\/12\/Europa_Natalia-Salvador.jpg?resize=276%2C300&amp;ssl=1 276w, https:\/\/i0.wp.com\/eltrabajo.cl\/portal\/wp-content\/uploads\/2019\/12\/Europa_Natalia-Salvador.jpg?resize=138%2C150&amp;ssl=1 138w, https:\/\/i0.wp.com\/eltrabajo.cl\/portal\/wp-content\/uploads\/2019\/12\/Europa_Natalia-Salvador.jpg?resize=400%2C434&amp;ssl=1 400w\" sizes=\"auto, (max-width: 580px) 100vw, 580px\" \/><figcaption id=\"caption-attachment-96109\" class=\"wp-caption-text\">Natalia Salvador, directora de la agrupaci\u00f3n de baile flamenco y nueva integrante de Camerata.<\/figcaption><\/figure>\n","protected":false},"excerpt":{"rendered":"<p>Camerata Aconcagua y Flamenco Fusi\u00f3n Aconcagua: Hoy martes a las 18:30 horas en el Teatro Roberto Barraza (Traslavi\u00f1a esquina Santo Domingo) se realizar\u00e1 una interesante muestra art\u00edstica de dos prestigiosas agrupaciones sanfelipe\u00f1as:&#8230;<\/p>\n","protected":false},"author":482,"featured_media":96108,"comment_status":"open","ping_status":"open","sticky":false,"template":"","format":"standard","meta":{"advanced_seo_description":"","jetpack_seo_html_title":"","jetpack_seo_noindex":false,"_jetpack_memberships_contains_paid_content":false,"footnotes":""},"categories":[20],"tags":[],"class_list":["post-96106","post","type-post","status-publish","format-standard","has-post-thumbnail","hentry","category-arte-y-cultura"],"jetpack_featured_media_url":"https:\/\/i0.wp.com\/eltrabajo.cl\/portal\/wp-content\/uploads\/2019\/12\/Europa2.jpg?fit=580%2C358&ssl=1","jetpack_sharing_enabled":true,"jetpack_likes_enabled":true,"jetpack-related-posts":[],"_links":{"self":[{"href":"https:\/\/eltrabajo.cl\/portal\/wp-json\/wp\/v2\/posts\/96106","targetHints":{"allow":["GET"]}}],"collection":[{"href":"https:\/\/eltrabajo.cl\/portal\/wp-json\/wp\/v2\/posts"}],"about":[{"href":"https:\/\/eltrabajo.cl\/portal\/wp-json\/wp\/v2\/types\/post"}],"author":[{"embeddable":true,"href":"https:\/\/eltrabajo.cl\/portal\/wp-json\/wp\/v2\/users\/482"}],"replies":[{"embeddable":true,"href":"https:\/\/eltrabajo.cl\/portal\/wp-json\/wp\/v2\/comments?post=96106"}],"version-history":[{"count":0,"href":"https:\/\/eltrabajo.cl\/portal\/wp-json\/wp\/v2\/posts\/96106\/revisions"}],"wp:featuredmedia":[{"embeddable":true,"href":"https:\/\/eltrabajo.cl\/portal\/wp-json\/wp\/v2\/media\/96108"}],"wp:attachment":[{"href":"https:\/\/eltrabajo.cl\/portal\/wp-json\/wp\/v2\/media?parent=96106"}],"wp:term":[{"taxonomy":"category","embeddable":true,"href":"https:\/\/eltrabajo.cl\/portal\/wp-json\/wp\/v2\/categories?post=96106"},{"taxonomy":"post_tag","embeddable":true,"href":"https:\/\/eltrabajo.cl\/portal\/wp-json\/wp\/v2\/tags?post=96106"}],"curies":[{"name":"wp","href":"https:\/\/api.w.org\/{rel}","templated":true}]}}