{"id":96111,"date":"2019-12-17T05:05:37","date_gmt":"2019-12-17T08:05:37","guid":{"rendered":"http:\/\/www.eltrabajo.cl\/portal\/?p=96111"},"modified":"2019-12-16T21:41:36","modified_gmt":"2019-12-17T00:41:36","slug":"mujer-de-64-anos-de-edad-fue-encontrada-sin-vida-en-su-casa-en-calle-justo-estay","status":"publish","type":"post","link":"https:\/\/eltrabajo.cl\/portal\/mujer-de-64-anos-de-edad-fue-encontrada-sin-vida-en-su-casa-en-calle-justo-estay\/","title":{"rendered":"Mujer de 64 a\u00f1os de edad fue encontrada sin vida en su casa en calle Justo Estay"},"content":{"rendered":"<p><span style=\"color: #ff0000;\"><strong>Hecho qued\u00f3 al descubierto la madrugada de este lunes:<\/strong><\/span><\/p>\n<ul>\n<li><strong>Brigada de Homicidios de la PDI realiz\u00f3 las pericias en el sitio del suceso, descartando la intervenci\u00f3n de terceros en el lamentable deceso.<\/strong><\/li>\n<\/ul>\n<p>Como <strong>Teresa Eugenia Arancibia Herrera<\/strong>, de 64 a\u00f1os de edad, fue identificado el cuerpo de una adulta mayor que se habr\u00eda suicidado al interior de su vivienda ubicada en calle Justo Estay de la poblaci\u00f3n El Esfuerzo de San Felipe.<\/p>\n<p>El lamentable hecho qued\u00f3 al descubierto en horas de la madrugada de ayer lunes por una sobrina que encontr\u00f3 a su t\u00eda ya fallecida, requiriendo la presencia de Carabineros para dar cuenta del fatal desenlace.<\/p>\n<p>En tanto el Fiscal del turno dispuso la concurrencia de personal de la Brigada de Homicidios de la Polic\u00eda de Investigaciones de Los Andes para realizar las pericias en el sitio del suceso, descart\u00e1ndose la intervenci\u00f3n de terceros en el hecho.<\/p>\n<p>As\u00ed lo inform\u00f3 a <strong>Diario El Trabajo <\/strong>el comisario <strong>Marcelo Lazen Moya<\/strong>: <em>\u201cLa causa de muerte fue asfixia por ahorcamiento del tipo suicida, la persona ya ten\u00eda antecedentes anteriores, ya hab\u00eda intentado quitarse la vida en ocasiones anteriores. Ella estar\u00eda viviendo con familiares porque fue encontrada por su sobrina, se descartar\u00eda la intervenci\u00f3n de terceros en el hecho\u201d.<\/em><\/p>\n<p>Posteriormente el cuerpo de la fallecida fue levantado por personal del Servicio M\u00e9dico Legal para la correspondiente autopsia de rigor.<\/p>\n<p><strong>Pablo Salinas Sald\u00edas<\/strong><\/p>\n<p><strong>\u00a0<\/strong><\/p>\n<figure id=\"attachment_96112\" aria-describedby=\"caption-attachment-96112\" style=\"width: 580px\" class=\"wp-caption alignnone\"><img data-recalc-dims=\"1\" loading=\"lazy\" decoding=\"async\" class=\"size-full wp-image-96112\" src=\"https:\/\/i0.wp.com\/www.eltrabajo.cl\/portal\/wp-content\/uploads\/2019\/12\/servicio-medico-legal.jpg?resize=580%2C360\" alt=\"El cuerpo fue levantado por personal del Servicio M\u00e9dico Legal para la correspondiente autopsia de rigor. (Fotograf\u00eda referencial).\" width=\"580\" height=\"360\" srcset=\"https:\/\/i0.wp.com\/eltrabajo.cl\/portal\/wp-content\/uploads\/2019\/12\/servicio-medico-legal.jpg?w=580&amp;ssl=1 580w, https:\/\/i0.wp.com\/eltrabajo.cl\/portal\/wp-content\/uploads\/2019\/12\/servicio-medico-legal.jpg?resize=300%2C186&amp;ssl=1 300w, https:\/\/i0.wp.com\/eltrabajo.cl\/portal\/wp-content\/uploads\/2019\/12\/servicio-medico-legal.jpg?resize=200%2C124&amp;ssl=1 200w, https:\/\/i0.wp.com\/eltrabajo.cl\/portal\/wp-content\/uploads\/2019\/12\/servicio-medico-legal.jpg?resize=242%2C150&amp;ssl=1 242w, https:\/\/i0.wp.com\/eltrabajo.cl\/portal\/wp-content\/uploads\/2019\/12\/servicio-medico-legal.jpg?resize=400%2C248&amp;ssl=1 400w\" sizes=\"auto, (max-width: 580px) 100vw, 580px\" \/><figcaption id=\"caption-attachment-96112\" class=\"wp-caption-text\">El cuerpo fue levantado por personal del Servicio M\u00e9dico Legal para la correspondiente autopsia de rigor. (Fotograf\u00eda referencial).<\/figcaption><\/figure>\n<p><strong>\u00a0<\/strong><\/p>\n","protected":false},"excerpt":{"rendered":"<p>Hecho qued\u00f3 al descubierto la madrugada de este lunes: Brigada de Homicidios de la PDI realiz\u00f3 las pericias en el sitio del suceso, descartando la intervenci\u00f3n de terceros en el lamentable deceso&#8230;.<\/p>\n","protected":false},"author":482,"featured_media":96112,"comment_status":"open","ping_status":"open","sticky":false,"template":"","format":"standard","meta":{"advanced_seo_description":"","jetpack_seo_html_title":"","jetpack_seo_noindex":false,"_jetpack_memberships_contains_paid_content":false,"footnotes":""},"categories":[21],"tags":[],"class_list":["post-96111","post","type-post","status-publish","format-standard","has-post-thumbnail","hentry","category-policial"],"jetpack_featured_media_url":"https:\/\/i0.wp.com\/eltrabajo.cl\/portal\/wp-content\/uploads\/2019\/12\/servicio-medico-legal.jpg?fit=580%2C360&ssl=1","jetpack_sharing_enabled":true,"jetpack_likes_enabled":true,"jetpack-related-posts":[],"_links":{"self":[{"href":"https:\/\/eltrabajo.cl\/portal\/wp-json\/wp\/v2\/posts\/96111","targetHints":{"allow":["GET"]}}],"collection":[{"href":"https:\/\/eltrabajo.cl\/portal\/wp-json\/wp\/v2\/posts"}],"about":[{"href":"https:\/\/eltrabajo.cl\/portal\/wp-json\/wp\/v2\/types\/post"}],"author":[{"embeddable":true,"href":"https:\/\/eltrabajo.cl\/portal\/wp-json\/wp\/v2\/users\/482"}],"replies":[{"embeddable":true,"href":"https:\/\/eltrabajo.cl\/portal\/wp-json\/wp\/v2\/comments?post=96111"}],"version-history":[{"count":0,"href":"https:\/\/eltrabajo.cl\/portal\/wp-json\/wp\/v2\/posts\/96111\/revisions"}],"wp:featuredmedia":[{"embeddable":true,"href":"https:\/\/eltrabajo.cl\/portal\/wp-json\/wp\/v2\/media\/96112"}],"wp:attachment":[{"href":"https:\/\/eltrabajo.cl\/portal\/wp-json\/wp\/v2\/media?parent=96111"}],"wp:term":[{"taxonomy":"category","embeddable":true,"href":"https:\/\/eltrabajo.cl\/portal\/wp-json\/wp\/v2\/categories?post=96111"},{"taxonomy":"post_tag","embeddable":true,"href":"https:\/\/eltrabajo.cl\/portal\/wp-json\/wp\/v2\/tags?post=96111"}],"curies":[{"name":"wp","href":"https:\/\/api.w.org\/{rel}","templated":true}]}}