{"id":96121,"date":"2019-12-17T05:08:51","date_gmt":"2019-12-17T08:08:51","guid":{"rendered":"http:\/\/www.eltrabajo.cl\/portal\/?p=96121"},"modified":"2019-12-16T21:47:47","modified_gmt":"2019-12-17T00:47:47","slug":"piden-dadores-de-sangre-para-trabajador-que-sufrio-tec-al-caer-de-gran-altura","status":"publish","type":"post","link":"https:\/\/eltrabajo.cl\/portal\/piden-dadores-de-sangre-para-trabajador-que-sufrio-tec-al-caer-de-gran-altura\/","title":{"rendered":"Piden dadores de sangre para trabajador que sufri\u00f3 TEC al caer de gran altura"},"content":{"rendered":"<ul>\n<li><strong><span style=\"color: #ff0000;\">Afectado se mantiene en la UCI del San Camilo<\/span>, fuera de riesgo vital, despu\u00e9s de precipitarse a tierra desde unos 3,5 metros aproximadamente.<\/strong><\/li>\n<\/ul>\n<p><strong>\u00a0<\/strong>Un llamado desesperado para que las personas vayan a donar sangre al Hospital San Camilo, est\u00e1 realizando la familia de <strong>Rodrigo Anselmo Pizarro Gonz\u00e1lez<\/strong>, 43 a\u00f1os de edad, quien el d\u00eda jueves 12 de diciembre, a eso de las 08:00 horas, cay\u00f3 al suelo desde una altura aproximada de 3,5 metros, mientras estaba pintando en un galp\u00f3n en Panquehue.<\/p>\n<p>Su hermano <strong>Jorge Pizarro<\/strong> dijo a nuestro medio lo siguiente: <em>\u201cBueno, mi hermano tuvo un accidente grave, un TEC cerrado, grave, grave. Se cay\u00f3, qued\u00f3 en coma al tiro. Esto pas\u00f3 a las 08:05 de la ma\u00f1ana, temprano, se inflam\u00f3 demasiado su cabecita, tuvo dos operaciones, la \u00faltima fue la peor; ah\u00ed est\u00e1bamos, no sab\u00edamos si iba a vivir porque iba grave, grave, estuvo entre la vida y la muerte. Es terrible, la segunda operaci\u00f3n la resisti\u00f3 por su edad, eso tambi\u00e9n le favorece, as\u00ed es que ah\u00ed estamos, lo fui a ver hoy d\u00eda (ayer), habl\u00e9 con el doctor y lo encontraron s\u00faper bien, su cabecita ya est\u00e1 volviendo a la normalidad, ya no tiene tan hinchado. Su corazoncito est\u00e1 funcionando bien, sus ri\u00f1ones, todas su cositas internas est\u00e1n bien. \u00c9l no sufri\u00f3 ninguna quebradura, si solamente se cay\u00f3 en un galp\u00f3n\u201d,<\/em> dice Jorge, su hermano.<\/p>\n<p>&#8211; <strong>\u00bfC\u00f3mo fue el accidente de tu hermano?<\/strong><\/p>\n<p>&#8211; \u00c9l estaba pintando en una empresa grande, no sabemos qu\u00e9 pas\u00f3, sabemos que se cay\u00f3 nada m\u00e1s. Estaba haciendo un trabajo espor\u00e1dico y se cay\u00f3, eso es lo que sabemos, de una altura de 3,5 metros.<\/p>\n<p>&#8211;<strong> Ustedes est\u00e1n pidiendo dadores de Sangre.<\/strong><\/p>\n<p><strong>&#8211; <\/strong>Claro, si nos pueden cooperar dadores de sangre desde las 08:30 a 12:30 horas, a nombre de Rodrigo Anselmo Pizarro Gonz\u00e1lez, cualquier grupo.<\/p>\n<p>Reconoce que este accidente de Rodrigo para ellos como familia ha sido un cambio rotundo. <em>\u201cYo trabajo con \u00e9l todos los d\u00edas en el taller, lo veo todos los d\u00edas, conversamos, echamos la talla, lo veo en la ma\u00f1ana y de un d\u00eda para otro estoy ac\u00e1, me llaman, me dicen Rodrigo tuvo un accidente; yo lo primero que dije fue un accidente de un choque. Me dijeron est\u00e1 grave, est\u00e1 grave, se cay\u00f3, se golpe\u00f3 su cabecita, est\u00e1 en coma, lo est\u00e1n estabilizando para que se recupere, est\u00e1n tratando de estabilizarlo para llev\u00e1rselo al hospital urgente. Le sacaron un trozo grande de su cabecita para que se desinflamara, si iba bien inflamada, ten\u00eda muchos hematomas\u201d,<\/em> dice su hermano Jorge al relatar c\u00f3mo se enter\u00f3 del hecho ese d\u00eda.<\/p>\n<p>&#8211; <strong>\u00bfEst\u00e1 fuera de riesgo vital?<\/strong><\/p>\n<p>&#8211; En estos momentos s\u00ed, pero sigue en la UCI, entonces estamos en eso, como familia afectados totalmente.<\/p>\n<p>Reiter\u00f3 el llamado para que las personas que puedan donar sangre vayan al Hospital San Camilo y cooperen a nombre de Rodrigo Anselmo Pizarro Gonz\u00e1lez.<\/p>\n<p>&nbsp;<\/p>\n<figure id=\"attachment_96123\" aria-describedby=\"caption-attachment-96123\" style=\"width: 580px\" class=\"wp-caption alignnone\"><img data-recalc-dims=\"1\" loading=\"lazy\" decoding=\"async\" class=\"size-full wp-image-96123\" src=\"https:\/\/i0.wp.com\/www.eltrabajo.cl\/portal\/wp-content\/uploads\/2019\/12\/Rodrigo-Pizarro-copia.jpg?resize=580%2C627\" alt=\"Rodrigo Anselmo Pizarro Gonz\u00e1lez, internado en la UCI, fuera de riesgo vital. Necesita dadores de sangre de cualquier tipo.\" width=\"580\" height=\"627\" srcset=\"https:\/\/i0.wp.com\/eltrabajo.cl\/portal\/wp-content\/uploads\/2019\/12\/Rodrigo-Pizarro-copia.jpg?w=580&amp;ssl=1 580w, https:\/\/i0.wp.com\/eltrabajo.cl\/portal\/wp-content\/uploads\/2019\/12\/Rodrigo-Pizarro-copia.jpg?resize=278%2C300&amp;ssl=1 278w, https:\/\/i0.wp.com\/eltrabajo.cl\/portal\/wp-content\/uploads\/2019\/12\/Rodrigo-Pizarro-copia.jpg?resize=139%2C150&amp;ssl=1 139w, https:\/\/i0.wp.com\/eltrabajo.cl\/portal\/wp-content\/uploads\/2019\/12\/Rodrigo-Pizarro-copia.jpg?resize=400%2C432&amp;ssl=1 400w\" sizes=\"auto, (max-width: 580px) 100vw, 580px\" \/><figcaption id=\"caption-attachment-96123\" class=\"wp-caption-text\">Rodrigo Anselmo Pizarro Gonz\u00e1lez, internado en la UCI, fuera de riesgo vital. Necesita dadores de sangre de cualquier tipo.<\/figcaption><\/figure>\n<p>&nbsp;<\/p>\n<figure id=\"attachment_96122\" aria-describedby=\"caption-attachment-96122\" style=\"width: 579px\" class=\"wp-caption alignnone\"><img data-recalc-dims=\"1\" loading=\"lazy\" decoding=\"async\" class=\"size-full wp-image-96122\" src=\"https:\/\/i0.wp.com\/www.eltrabajo.cl\/portal\/wp-content\/uploads\/2019\/12\/rodrigo-Dadores.jpg?resize=579%2C615\" alt=\"Ac\u00e1 el afiche con la informaci\u00f3n de d\u00f3nde dirigirse o llamar.\" width=\"579\" height=\"615\" srcset=\"https:\/\/i0.wp.com\/eltrabajo.cl\/portal\/wp-content\/uploads\/2019\/12\/rodrigo-Dadores.jpg?w=579&amp;ssl=1 579w, https:\/\/i0.wp.com\/eltrabajo.cl\/portal\/wp-content\/uploads\/2019\/12\/rodrigo-Dadores.jpg?resize=282%2C300&amp;ssl=1 282w, https:\/\/i0.wp.com\/eltrabajo.cl\/portal\/wp-content\/uploads\/2019\/12\/rodrigo-Dadores.jpg?resize=141%2C150&amp;ssl=1 141w, https:\/\/i0.wp.com\/eltrabajo.cl\/portal\/wp-content\/uploads\/2019\/12\/rodrigo-Dadores.jpg?resize=400%2C425&amp;ssl=1 400w\" sizes=\"auto, (max-width: 579px) 100vw, 579px\" \/><figcaption id=\"caption-attachment-96122\" class=\"wp-caption-text\">Ac\u00e1 el afiche con la informaci\u00f3n de d\u00f3nde dirigirse o llamar.<\/figcaption><\/figure>\n<p>&nbsp;<\/p>\n","protected":false},"excerpt":{"rendered":"<p>Afectado se mantiene en la UCI del San Camilo, fuera de riesgo vital, despu\u00e9s de precipitarse a tierra desde unos 3,5 metros aproximadamente. \u00a0Un llamado desesperado para que las personas vayan a&#8230;<\/p>\n","protected":false},"author":482,"featured_media":96124,"comment_status":"open","ping_status":"open","sticky":false,"template":"","format":"standard","meta":{"advanced_seo_description":"","jetpack_seo_html_title":"","jetpack_seo_noindex":false,"_jetpack_memberships_contains_paid_content":false,"footnotes":""},"categories":[15],"tags":[],"class_list":["post-96121","post","type-post","status-publish","format-standard","has-post-thumbnail","hentry","category-comunidad"],"jetpack_featured_media_url":"https:\/\/i0.wp.com\/eltrabajo.cl\/portal\/wp-content\/uploads\/2019\/12\/Rodrigo-Pizarro.jpg?fit=580%2C358&ssl=1","jetpack_sharing_enabled":true,"jetpack_likes_enabled":true,"jetpack-related-posts":[],"_links":{"self":[{"href":"https:\/\/eltrabajo.cl\/portal\/wp-json\/wp\/v2\/posts\/96121","targetHints":{"allow":["GET"]}}],"collection":[{"href":"https:\/\/eltrabajo.cl\/portal\/wp-json\/wp\/v2\/posts"}],"about":[{"href":"https:\/\/eltrabajo.cl\/portal\/wp-json\/wp\/v2\/types\/post"}],"author":[{"embeddable":true,"href":"https:\/\/eltrabajo.cl\/portal\/wp-json\/wp\/v2\/users\/482"}],"replies":[{"embeddable":true,"href":"https:\/\/eltrabajo.cl\/portal\/wp-json\/wp\/v2\/comments?post=96121"}],"version-history":[{"count":0,"href":"https:\/\/eltrabajo.cl\/portal\/wp-json\/wp\/v2\/posts\/96121\/revisions"}],"wp:featuredmedia":[{"embeddable":true,"href":"https:\/\/eltrabajo.cl\/portal\/wp-json\/wp\/v2\/media\/96124"}],"wp:attachment":[{"href":"https:\/\/eltrabajo.cl\/portal\/wp-json\/wp\/v2\/media?parent=96121"}],"wp:term":[{"taxonomy":"category","embeddable":true,"href":"https:\/\/eltrabajo.cl\/portal\/wp-json\/wp\/v2\/categories?post=96121"},{"taxonomy":"post_tag","embeddable":true,"href":"https:\/\/eltrabajo.cl\/portal\/wp-json\/wp\/v2\/tags?post=96121"}],"curies":[{"name":"wp","href":"https:\/\/api.w.org\/{rel}","templated":true}]}}