{"id":96126,"date":"2019-12-17T05:09:03","date_gmt":"2019-12-17T08:09:03","guid":{"rendered":"http:\/\/www.eltrabajo.cl\/portal\/?p=96126"},"modified":"2019-12-16T21:49:49","modified_gmt":"2019-12-17T00:49:49","slug":"a-mano-armada-asaltan-a-joven-pareja-de-amigos-y-les-roban-vehiculo-en-el-algarrobal","status":"publish","type":"post","link":"https:\/\/eltrabajo.cl\/portal\/a-mano-armada-asaltan-a-joven-pareja-de-amigos-y-les-roban-vehiculo-en-el-algarrobal\/","title":{"rendered":"A mano armada asaltan a joven pareja de amigos y les roban veh\u00edculo en El Algarrobal"},"content":{"rendered":"<p><span style=\"color: #ff0000;\"><strong>Conductor del m\u00f3vil result\u00f3 herido en la cabeza:<\/strong><\/span><\/p>\n<ul>\n<li><strong>Hecho ocurri\u00f3 la madrugada de este domingo. La v\u00edctima, un joven de 22 a\u00f1os de edad, concedi\u00f3 una entrevista a Diario El Trabajo detallando los sucesos. <\/strong><\/li>\n<\/ul>\n<p>Un violento asalto a mano armada sufri\u00f3 una joven pareja de amigos la madrugada de este domingo, luego que dos sujetos a rostro cubierto los amenazaran de muerte y de agredirlos f\u00edsicamente para apoderarse de varias especies y el veh\u00edculo que conduc\u00eda un joven de 22 a\u00f1os de edad, quien recibi\u00f3 un golpe con la cacha del arma en su cabeza intentando defenderse de los delincuentes.<\/p>\n<p>El afectado, quien prefiri\u00f3 resguardar su identidad, concedi\u00f3 una entrevista a <strong>Diario El Trabajo<\/strong> detallando los traum\u00e1ticos momentos sufridos junto a su amiga, destacando que a\u00fan se mantiene en estado de shock tras el brutal asalto ocurrido a eso de las 02:00 horas de la madrugada.<\/p>\n<p>&#8211; <strong>\u00bfC\u00f3mo ocurri\u00f3 el asalto?<\/strong><\/p>\n<p>&#8211; Iba a dejar a una amiga hasta el sector de El Algarrobal. Estaba a punto de llegar creo. Antes de eso iban pasando muchos autos por un lugar donde hay curvas. La cosa es que me par\u00e9 y estaba buscando el cargador del celular para enchufarlo al auto y al rato aparecen dos tipos, y como estaba con la ventana semi abierta y me enca\u00f1onan, me ponen la pistola al lado del cuello, me dicen \u2018b\u00e1jate al tiro conchetumadre\u2019, atin\u00e9 solo a sacar las llaves del auto.<\/p>\n<p>&#8211; <strong>\u00bfQu\u00e9 sucede despu\u00e9s?<\/strong><\/p>\n<p>&#8211; Me bajaron del auto y estuve forcejeando con ellos, y la cosa es que uno de ellos me peg\u00f3 en la cabeza con la pistola y salieron de un lugar que no s\u00e9 c\u00f3mo pudieron haber salido de ah\u00ed (\u2026) Salieron desde unos \u00e1lamos que hab\u00edan. Me dijeron \u2018p\u00e1same las llaves conchetumadre\u2019, me pegaron, me empez\u00f3 a salir sangre y me tiraron al piso detr\u00e1s del auto.<\/p>\n<p>&#8211; <strong>\u00bfQu\u00e9 le ocurri\u00f3 a su amiga?<\/strong><\/p>\n<p>&#8211; No me daba cuenta de lo que a ella le estaban haciendo, pero me dijo que estaba forcejeando con ella y le estaban quitando el celular. A m\u00ed me tiraron al piso y me segu\u00edan pegando, me sac\u00f3 la cadena y me registr\u00f3 entero, despu\u00e9s sacaron a mi amiga del auto. Ellos andaban encapuchados y uno parece que andaba con un gorro.<\/p>\n<p>&#8211; <strong>\u00bfLos asaltantes lograron robar el veh\u00edculo?<\/strong><\/p>\n<p>&#8211; S\u00ed, lo que pasa es que yo ten\u00eda un Iphone (celular) dentro del auto, despu\u00e9s que pas\u00f3 todo esto, pas\u00f3 una camioneta que nos prest\u00f3 ayuda y nos llev\u00f3 hasta la casa de los abuelos de la amiga que estaba cerca.<\/p>\n<p>&#8211; <strong>\u00bfDenunciaron el hecho a Carabineros?<\/strong><\/p>\n<p>&#8211; En la casa estuvimos llamando a Carabineros, como 20 minutos y no contestaba nadie. Fuimos hasta Carabineros, despu\u00e9s me llevaron a constatar lesiones, a la vuelta pasamos por el lugar con un familiar y encontramos mi celular que estaba botado al otro lado de la calle. Carabineros encargaron el auto.<\/p>\n<p>&#8211; <strong>Un episodio bastante traum\u00e1tico<\/strong><\/p>\n<p>&#8211; S\u00ed, porque nunca me hab\u00eda pasado algo igual, nunca esper\u00e9 que iba a ser igual, pas\u00f3 todo tan r\u00e1pido. Igual estoy traumado porque el loco me ten\u00eda la pistola en la cabeza y me registraba.\u00a0 Aparte el auto no es m\u00edo, es de mi prima, entonces el loco me dec\u00eda te voy a matar y me pegaba (\u2026) En el auto iba mi mochila, mi billetera y otro celular.<\/p>\n<p>Finalmente el entrevistado solicit\u00f3 a la comunidad entregar cualquier informaci\u00f3n del veh\u00edculo robado marca Suzuki Swift, placa patente JG DD \u2013 81 de color gris, llamar al fono\u00a0 <strong>+56 9 7860 7211.<\/strong><\/p>\n<p><strong>Pablo Salinas Sald\u00edas<\/strong><\/p>\n<p><strong>\u00a0<\/strong><\/p>\n<figure id=\"attachment_96127\" aria-describedby=\"caption-attachment-96127\" style=\"width: 580px\" class=\"wp-caption alignnone\"><img data-recalc-dims=\"1\" loading=\"lazy\" decoding=\"async\" class=\"size-full wp-image-96127\" src=\"https:\/\/i0.wp.com\/www.eltrabajo.cl\/portal\/wp-content\/uploads\/2019\/12\/vehiculo-robado.jpg?resize=580%2C359\" alt=\"Este es el veh\u00edculo que lograron robar los asaltantes la madrugada de este domingo en el sector El Algarrobal de San Felipe.\" width=\"580\" height=\"359\" srcset=\"https:\/\/i0.wp.com\/eltrabajo.cl\/portal\/wp-content\/uploads\/2019\/12\/vehiculo-robado.jpg?w=580&amp;ssl=1 580w, https:\/\/i0.wp.com\/eltrabajo.cl\/portal\/wp-content\/uploads\/2019\/12\/vehiculo-robado.jpg?resize=300%2C186&amp;ssl=1 300w, https:\/\/i0.wp.com\/eltrabajo.cl\/portal\/wp-content\/uploads\/2019\/12\/vehiculo-robado.jpg?resize=200%2C124&amp;ssl=1 200w, https:\/\/i0.wp.com\/eltrabajo.cl\/portal\/wp-content\/uploads\/2019\/12\/vehiculo-robado.jpg?resize=242%2C150&amp;ssl=1 242w, https:\/\/i0.wp.com\/eltrabajo.cl\/portal\/wp-content\/uploads\/2019\/12\/vehiculo-robado.jpg?resize=400%2C248&amp;ssl=1 400w\" sizes=\"auto, (max-width: 580px) 100vw, 580px\" \/><figcaption id=\"caption-attachment-96127\" class=\"wp-caption-text\">Este es el veh\u00edculo que lograron robar los asaltantes la madrugada de este domingo en el sector El Algarrobal de San Felipe.<\/figcaption><\/figure>\n<p><strong>\u00a0<\/strong><\/p>\n<p>&nbsp;<\/p>\n","protected":false},"excerpt":{"rendered":"<p>Conductor del m\u00f3vil result\u00f3 herido en la cabeza: Hecho ocurri\u00f3 la madrugada de este domingo. La v\u00edctima, un joven de 22 a\u00f1os de edad, concedi\u00f3 una entrevista a Diario El Trabajo detallando&#8230;<\/p>\n","protected":false},"author":482,"featured_media":96127,"comment_status":"open","ping_status":"open","sticky":false,"template":"","format":"standard","meta":{"advanced_seo_description":"","jetpack_seo_html_title":"","jetpack_seo_noindex":false,"_jetpack_memberships_contains_paid_content":false,"footnotes":""},"categories":[21],"tags":[],"class_list":["post-96126","post","type-post","status-publish","format-standard","has-post-thumbnail","hentry","category-policial"],"jetpack_featured_media_url":"https:\/\/i0.wp.com\/eltrabajo.cl\/portal\/wp-content\/uploads\/2019\/12\/vehiculo-robado.jpg?fit=580%2C359&ssl=1","jetpack_sharing_enabled":true,"jetpack_likes_enabled":true,"jetpack-related-posts":[],"_links":{"self":[{"href":"https:\/\/eltrabajo.cl\/portal\/wp-json\/wp\/v2\/posts\/96126","targetHints":{"allow":["GET"]}}],"collection":[{"href":"https:\/\/eltrabajo.cl\/portal\/wp-json\/wp\/v2\/posts"}],"about":[{"href":"https:\/\/eltrabajo.cl\/portal\/wp-json\/wp\/v2\/types\/post"}],"author":[{"embeddable":true,"href":"https:\/\/eltrabajo.cl\/portal\/wp-json\/wp\/v2\/users\/482"}],"replies":[{"embeddable":true,"href":"https:\/\/eltrabajo.cl\/portal\/wp-json\/wp\/v2\/comments?post=96126"}],"version-history":[{"count":0,"href":"https:\/\/eltrabajo.cl\/portal\/wp-json\/wp\/v2\/posts\/96126\/revisions"}],"wp:featuredmedia":[{"embeddable":true,"href":"https:\/\/eltrabajo.cl\/portal\/wp-json\/wp\/v2\/media\/96127"}],"wp:attachment":[{"href":"https:\/\/eltrabajo.cl\/portal\/wp-json\/wp\/v2\/media?parent=96126"}],"wp:term":[{"taxonomy":"category","embeddable":true,"href":"https:\/\/eltrabajo.cl\/portal\/wp-json\/wp\/v2\/categories?post=96126"},{"taxonomy":"post_tag","embeddable":true,"href":"https:\/\/eltrabajo.cl\/portal\/wp-json\/wp\/v2\/tags?post=96126"}],"curies":[{"name":"wp","href":"https:\/\/api.w.org\/{rel}","templated":true}]}}