{"id":96136,"date":"2019-12-18T05:03:02","date_gmt":"2019-12-18T08:03:02","guid":{"rendered":"http:\/\/www.eltrabajo.cl\/portal\/?p=96136"},"modified":"2019-12-18T02:00:29","modified_gmt":"2019-12-18T05:00:29","slug":"en-santa-maria-encuentran-vehiculo-denunciado-por-robo-tras-asalto-en-el-algarrobal","status":"publish","type":"post","link":"https:\/\/eltrabajo.cl\/portal\/en-santa-maria-encuentran-vehiculo-denunciado-por-robo-tras-asalto-en-el-algarrobal\/","title":{"rendered":"En Santa Mar\u00eda encuentran veh\u00edculo denunciado por robo tras asalto en El Algarrobal"},"content":{"rendered":"<p><span style=\"color: #ff0000;\"><strong>M\u00f3vil fue hallado en \u00f3ptimas condiciones:<\/strong><\/span><\/p>\n<ul>\n<li><strong>En la edici\u00f3n de ayer martes de Diario El Trabajo, el joven afectado detall\u00f3 los hechos ocurridos durante la madrugada de este domingo, sosteniendo que dos encapuchados a mano armada cometieron el delito llev\u00e1ndose consigo el autom\u00f3vil, el que habr\u00eda sido abandonado en la comuna de Santa Mar\u00eda.<\/strong><\/li>\n<\/ul>\n<p>A un costado de la ruta que une las comunas de San Felipe con Santa Mar\u00eda fue hallado este lunes el veh\u00edculo marca Suzuki, de color gris, que fue robado por dos asaltantes a mano armada desde el sector El Algarrobal la madrugada de este domingo.<\/p>\n<p>En la edici\u00f3n de <strong>Diario El Trabajo<\/strong> publicada ayer martes, el conductor del veh\u00edculo, de 22 a\u00f1os de edad, detall\u00f3 los hechos ocurridos a eso de las 02:00 horas de la madrugada del domingo, sosteniendo que dos encapuchados lo intimidaron a \u00e9l y una amiga cuando detuvieron el autom\u00f3vil en el sector El Algarrobal de San Felipe.<\/p>\n<p>En dicha entrevista el joven asegur\u00f3 haber sido agredido por uno de los sujetos, quien lo golpe\u00f3 en la cabeza con el arma de fuego, apoder\u00e1ndose de objetos personales y el veh\u00edculo de propiedad de una prima del afectado.<\/p>\n<p>Fue as\u00ed que la fotograf\u00eda del veh\u00edculo robado fue difundida por redes sociales para lograr su recuperaci\u00f3n, estableci\u00e9ndose su ubicaci\u00f3n en la ruta que conduce a la comuna a Santa Mar\u00eda durante la jornada de este lunes.<\/p>\n<p>Seg\u00fan precis\u00f3 el propio afectado a <strong>Diario El Trabajo<\/strong>, el veh\u00edculo fue encontrado en perfectas condiciones, sin ning\u00fan tipo de abolladuras ni sustracci\u00f3n de especies del autom\u00f3vil.\u00a0 Eso s\u00ed destac\u00f3 la falta de una mochila donde se manten\u00edan objetos personales y documentaci\u00f3n de la v\u00edctima.<\/p>\n<p>Los antecedentes de este caso se encuentran en investigaci\u00f3n por parte de Carabineros de San Felipe tras la denuncia efectuada luego de ocurrido el asalto la madrugada de este domingo.<\/p>\n<p><strong>Pablo Salinas Sald\u00edas<\/strong><\/p>\n<p><strong>\u00a0<\/strong><\/p>\n<figure id=\"attachment_96137\" aria-describedby=\"caption-attachment-96137\" style=\"width: 580px\" class=\"wp-caption alignnone\"><img data-recalc-dims=\"1\" loading=\"lazy\" decoding=\"async\" class=\"size-full wp-image-96137\" src=\"https:\/\/i0.wp.com\/www.eltrabajo.cl\/portal\/wp-content\/uploads\/2019\/12\/vehiculo-robado-1.jpg?resize=580%2C358\" alt=\"El veh\u00edculo marca Suzuki fue recuperado este lunes en la ruta que conduce hacia la comuna de Santa Mar\u00eda.\" width=\"580\" height=\"358\" srcset=\"https:\/\/i0.wp.com\/eltrabajo.cl\/portal\/wp-content\/uploads\/2019\/12\/vehiculo-robado-1.jpg?w=580&amp;ssl=1 580w, https:\/\/i0.wp.com\/eltrabajo.cl\/portal\/wp-content\/uploads\/2019\/12\/vehiculo-robado-1.jpg?resize=300%2C185&amp;ssl=1 300w, https:\/\/i0.wp.com\/eltrabajo.cl\/portal\/wp-content\/uploads\/2019\/12\/vehiculo-robado-1.jpg?resize=200%2C123&amp;ssl=1 200w, https:\/\/i0.wp.com\/eltrabajo.cl\/portal\/wp-content\/uploads\/2019\/12\/vehiculo-robado-1.jpg?resize=243%2C150&amp;ssl=1 243w, https:\/\/i0.wp.com\/eltrabajo.cl\/portal\/wp-content\/uploads\/2019\/12\/vehiculo-robado-1.jpg?resize=400%2C247&amp;ssl=1 400w\" sizes=\"auto, (max-width: 580px) 100vw, 580px\" \/><figcaption id=\"caption-attachment-96137\" class=\"wp-caption-text\">El veh\u00edculo marca Suzuki fue recuperado este lunes en la ruta que conduce hacia la comuna de Santa Mar\u00eda.<\/figcaption><\/figure>\n","protected":false},"excerpt":{"rendered":"<p>M\u00f3vil fue hallado en \u00f3ptimas condiciones: En la edici\u00f3n de ayer martes de Diario El Trabajo, el joven afectado detall\u00f3 los hechos ocurridos durante la madrugada de este domingo, sosteniendo que dos&#8230;<\/p>\n","protected":false},"author":482,"featured_media":96137,"comment_status":"open","ping_status":"open","sticky":false,"template":"","format":"standard","meta":{"advanced_seo_description":"","jetpack_seo_html_title":"","jetpack_seo_noindex":false,"_jetpack_memberships_contains_paid_content":false,"footnotes":""},"categories":[21],"tags":[],"class_list":["post-96136","post","type-post","status-publish","format-standard","has-post-thumbnail","hentry","category-policial"],"jetpack_featured_media_url":"https:\/\/i0.wp.com\/eltrabajo.cl\/portal\/wp-content\/uploads\/2019\/12\/vehiculo-robado-1.jpg?fit=580%2C358&ssl=1","jetpack_sharing_enabled":true,"jetpack_likes_enabled":true,"jetpack-related-posts":[],"_links":{"self":[{"href":"https:\/\/eltrabajo.cl\/portal\/wp-json\/wp\/v2\/posts\/96136","targetHints":{"allow":["GET"]}}],"collection":[{"href":"https:\/\/eltrabajo.cl\/portal\/wp-json\/wp\/v2\/posts"}],"about":[{"href":"https:\/\/eltrabajo.cl\/portal\/wp-json\/wp\/v2\/types\/post"}],"author":[{"embeddable":true,"href":"https:\/\/eltrabajo.cl\/portal\/wp-json\/wp\/v2\/users\/482"}],"replies":[{"embeddable":true,"href":"https:\/\/eltrabajo.cl\/portal\/wp-json\/wp\/v2\/comments?post=96136"}],"version-history":[{"count":0,"href":"https:\/\/eltrabajo.cl\/portal\/wp-json\/wp\/v2\/posts\/96136\/revisions"}],"wp:featuredmedia":[{"embeddable":true,"href":"https:\/\/eltrabajo.cl\/portal\/wp-json\/wp\/v2\/media\/96137"}],"wp:attachment":[{"href":"https:\/\/eltrabajo.cl\/portal\/wp-json\/wp\/v2\/media?parent=96136"}],"wp:term":[{"taxonomy":"category","embeddable":true,"href":"https:\/\/eltrabajo.cl\/portal\/wp-json\/wp\/v2\/categories?post=96136"},{"taxonomy":"post_tag","embeddable":true,"href":"https:\/\/eltrabajo.cl\/portal\/wp-json\/wp\/v2\/tags?post=96136"}],"curies":[{"name":"wp","href":"https:\/\/api.w.org\/{rel}","templated":true}]}}