{"id":96144,"date":"2019-12-18T05:05:17","date_gmt":"2019-12-18T08:05:17","guid":{"rendered":"http:\/\/www.eltrabajo.cl\/portal\/?p=96144"},"modified":"2019-12-18T02:08:05","modified_gmt":"2019-12-18T05:08:05","slug":"madre-asegura-que-mala-medicacion-agravo-mal-de-kawasaki-de-su-hijo","status":"publish","type":"post","link":"https:\/\/eltrabajo.cl\/portal\/madre-asegura-que-mala-medicacion-agravo-mal-de-kawasaki-de-su-hijo\/","title":{"rendered":"Madre asegura que mala medicaci\u00f3n agrav\u00f3 mal de Kawasaki de su hijo"},"content":{"rendered":"<p><span style=\"color: #ff0000;\"><strong>Beb\u00e9 sangr\u00f3 por la boca y su piel se desprende de las manos:<\/strong><\/span><\/p>\n<p><strong>PANQUEHUE<\/strong>.- Muy preocupada nos relat\u00f3 una vecina de Villa El Bosque, en Panquehue, la situaci\u00f3n que est\u00e1 viviendo a ra\u00edz de varios padecimientos que su peque\u00f1o hijo \u2018Ismael\u2019 est\u00e1 experimentando desde hace tiempo. La madre indica que ha recibido mala atenci\u00f3n por parte de funcionarios del Cesfam M\u00aa Elena Pe\u00f1aloza y tambi\u00e9n una mala medicaci\u00f3n a su ni\u00f1o, lo que nos convoc\u00f3 a visitarle en su casa de habitaci\u00f3n.<\/p>\n<p>La madre del menor, <strong>Masiel Cueto<\/strong>, asegur\u00f3 que <em>\u00abmi hijo hoy en d\u00eda tiene un ductus abierto que es un ducto arterioso, una venita, un vasito abierto por donde pasan todas las arterias, y tiene tambi\u00e9n un Soplo grado 3 del que jam\u00e1s nunca en el Cesfam se dieron cuenta <\/em>(\u2026)<em> Llegamos al ductus abierto porque \u00e9l sufri\u00f3 un Kawasaki que nunca fue tratado por este Cesfam y hasta el d\u00eda de hoy estamos esperando una interconsulta, y para saber si el Kawasaki le ha generado alg\u00fan da\u00f1o, tuvimos que hacerle un eco-cardiograma y arroj\u00f3 que el ni\u00f1o ten\u00eda el ductus abierto. Hoy en d\u00eda este ductus est\u00e1 dando bastantes problemas porque mi beb\u00e9 tiene la parte izquierda de su coraz\u00f3n dilatada, para que mi hijo se salve tienen que hacerle una operaci\u00f3n un procedimiento quir\u00fargico con el que ingresan con una sonda por el f\u00e9mur hasta el coraz\u00f3n<\/em>\u00bb, coment\u00f3 la joven madre.<\/p>\n<p>&#8211; <strong>\u00bfCu\u00e1l es el malestar que usted quiere hacer p\u00fablico en relaci\u00f3n a las atenciones a su hijo por parte del Cesfam de Panquehue?<\/strong><\/p>\n<p>&#8211; Que el vasito abierto es desde su nacimiento, \u00e9ste se debe cerrar a las semanas de nacidos en todos los ni\u00f1os, pero a mi hijo no se le cerr\u00f3, entonces el ni\u00f1o tiene ya doce controles y en esos doce controles ellos nunca se dieron cuenta (\u2026) Tambi\u00e9n mi hijo desde sus dos meses de vida sufre un cuadro complicado respiratorio, y tampoco se dieron cuenta que el ni\u00f1o ten\u00eda problemas ni mandaron a hacer nada, y el Soplo ya va en grado 3 y este Soplo es de nacimiento, las doctoras particulares me aseguran que el Soplo se escucha f\u00e1cilmente, pero en el Cesfam nunca se lo escucharon.<\/p>\n<p>&#8211; <strong>\u00bfQu\u00e9 otros males visibles ha sufrido el peque\u00f1o Ismael?<\/strong><\/p>\n<p>&#8211; Al cuarto d\u00eda de fiebre a mi hijo se le revent\u00f3 la nariz ya que en el Cesfam le dieron una dosis de medicamentos muy alta, le dieron antibi\u00f3ticos, le dieron Loratidina, Ibuprofeno, Paracetamol y supositorios, siendo que la doctora dijo que el cuadro de \u00e9l no era un cuadro confirmado el que ten\u00eda, porque los s\u00edntomas eran s\u00f3lo una manchita lo que ten\u00eda, pero en vez de dej\u00e1rmelo en control unos d\u00edas, me enviaron con \u00e9l para mi casa y que a los cinco d\u00edas tienen que hacerle efecto los antibi\u00f3ticos, y no pas\u00f3 nada,\u00a0 a los cuatro d\u00edas se le revent\u00f3 la nariz. La piel de las manitos se le sal\u00edan las lonjas (l\u00e1minas) de su piel, los labios se le reventaban y sangraba la boca constantemente, mi ni\u00f1o no re\u00eda, no hablaba ni siquiera pod\u00eda comer o gatear porque todo le dol\u00eda.<\/p>\n<p>&nbsp;<\/p>\n<p><span style=\"color: #ff0000;\"><strong>CESFAM RESPONDE<\/strong><\/span><\/p>\n<p>Desde el Cesfam M\u00aa Elena Pe\u00f1aloza su director (S) Dr. <strong>Te\u00f3filo Reyes<\/strong> nos respondi\u00f3 que \u00ab<em>revisamos los antecedentes y registro de atenci\u00f3n de Ismael y se verifica que los profesionales del Cesfam han brindado controles de salud y atenci\u00f3n de salud cuando se ha requerido. Tambi\u00e9n realizaremos investigaci\u00f3n Sumaria en el Cesfam para ver responsabilidades y ejecuci\u00f3n de planes de mejoras continuos en la atenci\u00f3n infantil. Paralelamente a ello, hemos articulado con el nivel secundario<\/em> (Hospital San Camilo) <em>para priorizar la atenci\u00f3n de su hijo Ismael. Adem\u00e1s daremos acompa\u00f1amiento y seguimiento a este proceso de salud en la enfermedad de su hijo. En cuanto a los controles asignados para su hijo, puedo se\u00f1alar que para este mi\u00e9rcoles 18 de diciembre <\/em>(hoy) <em>se le atender\u00e1 en Kinesiolog\u00eda<\/em>\u00bb, dijo el Dr. Reyes, director (S) del Cesfam de Panquehue.<\/p>\n<p>&nbsp;<\/p>\n<p><span style=\"color: #ff0000;\"><strong>HORAS ASIGNADAS<\/strong><\/span><\/p>\n<p>Seg\u00fan indic\u00f3 esta vecina de Panquehue, en el Hospital San Camilo no le ha ido muy bien, pues asegura que se le dijo en Urgencias que la ca\u00edda de piel de su beb\u00e9 no era una urgencia, y que si no le gustaba el sistema de salud, que buscara mejor a un m\u00e9dico particular. Ella asegura que no le han asignado horas para atender a su hijo, muy contrario a lo que en el Hospital San Camilo nos respondieron que <em>\u00abde acuerdo a los registros, el menor ha recibido las atenciones que ha solicitado y que tiene horas citadas con los especialistas que corresponde, sin embargo, no asisti\u00f3 a una hora que ten\u00eda citada con el pediatra el pasado 5 de diciembre. Pese a lo anterior, tiene citados dos ex\u00e1menes fundamentales para avanzar en su diagn\u00f3stico y tratamiento, el primero de ellos es un electrocardiograma para el 24 de diciembre y posteriormente, el 2 de enero, un ecocardiograma con el cardi\u00f3logo infantil, a los cuales es fundamental que asista para poder seguir sus atenciones y obtener todos los beneficios de ex\u00e1menes y medicamentos que le correspondan, ya que las diferentes patolog\u00edas que presenta tienen diversas v\u00edas de tratamiento<\/em>\u00bb, dicta la respuesta enviada.<\/p>\n<p><strong>Roberto Gonz\u00e1lez Short<\/strong><\/p>\n<p>&nbsp;<\/p>\n<figure id=\"attachment_96146\" aria-describedby=\"caption-attachment-96146\" style=\"width: 580px\" class=\"wp-caption alignnone\"><img data-recalc-dims=\"1\" loading=\"lazy\" decoding=\"async\" class=\"size-full wp-image-96146\" src=\"https:\/\/i0.wp.com\/www.eltrabajo.cl\/portal\/wp-content\/uploads\/2019\/12\/Kawasaki1.jpg?resize=580%2C360\" alt=\"AMOR NO LE FALTA.- Ellos son los padres del peque\u00f1o Ismael, Jos\u00e9 D\u00edaz y Masiel Cueto, quienes est\u00e1n esperanzados en que su guagua se recupere por completo.\" width=\"580\" height=\"360\" srcset=\"https:\/\/i0.wp.com\/eltrabajo.cl\/portal\/wp-content\/uploads\/2019\/12\/Kawasaki1.jpg?w=580&amp;ssl=1 580w, https:\/\/i0.wp.com\/eltrabajo.cl\/portal\/wp-content\/uploads\/2019\/12\/Kawasaki1.jpg?resize=300%2C186&amp;ssl=1 300w, https:\/\/i0.wp.com\/eltrabajo.cl\/portal\/wp-content\/uploads\/2019\/12\/Kawasaki1.jpg?resize=200%2C124&amp;ssl=1 200w, https:\/\/i0.wp.com\/eltrabajo.cl\/portal\/wp-content\/uploads\/2019\/12\/Kawasaki1.jpg?resize=242%2C150&amp;ssl=1 242w, https:\/\/i0.wp.com\/eltrabajo.cl\/portal\/wp-content\/uploads\/2019\/12\/Kawasaki1.jpg?resize=400%2C248&amp;ssl=1 400w\" sizes=\"auto, (max-width: 580px) 100vw, 580px\" \/><figcaption id=\"caption-attachment-96146\" class=\"wp-caption-text\">AMOR NO LE FALTA.- Ellos son los padres del peque\u00f1o Ismael, Jos\u00e9 D\u00edaz y Masiel Cueto, quienes est\u00e1n esperanzados en que su guagua se recupere por completo.<\/figcaption><\/figure>\n<p>&nbsp;<\/p>\n<figure id=\"attachment_96145\" aria-describedby=\"caption-attachment-96145\" style=\"width: 579px\" class=\"wp-caption alignnone\"><img data-recalc-dims=\"1\" loading=\"lazy\" decoding=\"async\" class=\"size-full wp-image-96145\" src=\"https:\/\/i0.wp.com\/www.eltrabajo.cl\/portal\/wp-content\/uploads\/2019\/12\/Kawasaki_Masiel-Cueto.jpg?resize=579%2C609\" alt=\"Masiel Cueto, madre que hace la denuncia.\" width=\"579\" height=\"609\" srcset=\"https:\/\/i0.wp.com\/eltrabajo.cl\/portal\/wp-content\/uploads\/2019\/12\/Kawasaki_Masiel-Cueto.jpg?w=579&amp;ssl=1 579w, https:\/\/i0.wp.com\/eltrabajo.cl\/portal\/wp-content\/uploads\/2019\/12\/Kawasaki_Masiel-Cueto.jpg?resize=285%2C300&amp;ssl=1 285w, https:\/\/i0.wp.com\/eltrabajo.cl\/portal\/wp-content\/uploads\/2019\/12\/Kawasaki_Masiel-Cueto.jpg?resize=143%2C150&amp;ssl=1 143w, https:\/\/i0.wp.com\/eltrabajo.cl\/portal\/wp-content\/uploads\/2019\/12\/Kawasaki_Masiel-Cueto.jpg?resize=400%2C421&amp;ssl=1 400w\" sizes=\"auto, (max-width: 579px) 100vw, 579px\" \/><figcaption id=\"caption-attachment-96145\" class=\"wp-caption-text\">Masiel Cueto, madre que hace la denuncia.<\/figcaption><\/figure>\n<p>&nbsp;<\/p>\n<figure id=\"attachment_96147\" aria-describedby=\"caption-attachment-96147\" style=\"width: 579px\" class=\"wp-caption alignnone\"><img data-recalc-dims=\"1\" loading=\"lazy\" decoding=\"async\" class=\"size-full wp-image-96147\" src=\"https:\/\/i0.wp.com\/www.eltrabajo.cl\/portal\/wp-content\/uploads\/2019\/12\/Kawasaki2.jpg?resize=579%2C773\" alt=\"PREOCUPANTES.- Despu\u00e9s de ingerir los medicamentos seg\u00fan asegura Masiel, a su hijo se le cay\u00f3 la piel de sus manitos.\" width=\"579\" height=\"773\" srcset=\"https:\/\/i0.wp.com\/eltrabajo.cl\/portal\/wp-content\/uploads\/2019\/12\/Kawasaki2.jpg?w=579&amp;ssl=1 579w, https:\/\/i0.wp.com\/eltrabajo.cl\/portal\/wp-content\/uploads\/2019\/12\/Kawasaki2.jpg?resize=225%2C300&amp;ssl=1 225w, https:\/\/i0.wp.com\/eltrabajo.cl\/portal\/wp-content\/uploads\/2019\/12\/Kawasaki2.jpg?resize=112%2C150&amp;ssl=1 112w, https:\/\/i0.wp.com\/eltrabajo.cl\/portal\/wp-content\/uploads\/2019\/12\/Kawasaki2.jpg?resize=400%2C534&amp;ssl=1 400w\" sizes=\"auto, (max-width: 579px) 100vw, 579px\" \/><figcaption id=\"caption-attachment-96147\" class=\"wp-caption-text\">PREOCUPANTES.- Despu\u00e9s de ingerir los medicamentos seg\u00fan asegura Masiel, a su hijo se le cay\u00f3 la piel de sus manitos.<\/figcaption><\/figure>\n","protected":false},"excerpt":{"rendered":"<p>Beb\u00e9 sangr\u00f3 por la boca y su piel se desprende de las manos: PANQUEHUE.- Muy preocupada nos relat\u00f3 una vecina de Villa El Bosque, en Panquehue, la situaci\u00f3n que est\u00e1 viviendo a&#8230;<\/p>\n","protected":false},"author":482,"featured_media":96146,"comment_status":"open","ping_status":"open","sticky":false,"template":"","format":"standard","meta":{"advanced_seo_description":"","jetpack_seo_html_title":"","jetpack_seo_noindex":false,"_jetpack_memberships_contains_paid_content":false,"footnotes":""},"categories":[15],"tags":[],"class_list":["post-96144","post","type-post","status-publish","format-standard","has-post-thumbnail","hentry","category-comunidad"],"jetpack_featured_media_url":"https:\/\/i0.wp.com\/eltrabajo.cl\/portal\/wp-content\/uploads\/2019\/12\/Kawasaki1.jpg?fit=580%2C360&ssl=1","jetpack_sharing_enabled":true,"jetpack_likes_enabled":true,"jetpack-related-posts":[],"_links":{"self":[{"href":"https:\/\/eltrabajo.cl\/portal\/wp-json\/wp\/v2\/posts\/96144","targetHints":{"allow":["GET"]}}],"collection":[{"href":"https:\/\/eltrabajo.cl\/portal\/wp-json\/wp\/v2\/posts"}],"about":[{"href":"https:\/\/eltrabajo.cl\/portal\/wp-json\/wp\/v2\/types\/post"}],"author":[{"embeddable":true,"href":"https:\/\/eltrabajo.cl\/portal\/wp-json\/wp\/v2\/users\/482"}],"replies":[{"embeddable":true,"href":"https:\/\/eltrabajo.cl\/portal\/wp-json\/wp\/v2\/comments?post=96144"}],"version-history":[{"count":0,"href":"https:\/\/eltrabajo.cl\/portal\/wp-json\/wp\/v2\/posts\/96144\/revisions"}],"wp:featuredmedia":[{"embeddable":true,"href":"https:\/\/eltrabajo.cl\/portal\/wp-json\/wp\/v2\/media\/96146"}],"wp:attachment":[{"href":"https:\/\/eltrabajo.cl\/portal\/wp-json\/wp\/v2\/media?parent=96144"}],"wp:term":[{"taxonomy":"category","embeddable":true,"href":"https:\/\/eltrabajo.cl\/portal\/wp-json\/wp\/v2\/categories?post=96144"},{"taxonomy":"post_tag","embeddable":true,"href":"https:\/\/eltrabajo.cl\/portal\/wp-json\/wp\/v2\/tags?post=96144"}],"curies":[{"name":"wp","href":"https:\/\/api.w.org\/{rel}","templated":true}]}}