{"id":96149,"date":"2019-12-18T05:07:19","date_gmt":"2019-12-18T08:07:19","guid":{"rendered":"http:\/\/www.eltrabajo.cl\/portal\/?p=96149"},"modified":"2019-12-18T02:10:50","modified_gmt":"2019-12-18T05:10:50","slug":"corte-ordena-reclusion-provisoria-de-presunto-homicida-de-martin-benitez","status":"publish","type":"post","link":"https:\/\/eltrabajo.cl\/portal\/corte-ordena-reclusion-provisoria-de-presunto-homicida-de-martin-benitez\/","title":{"rendered":"Corte ordena reclusi\u00f3n provisoria de presunto homicida de Mart\u00edn Ben\u00edtez"},"content":{"rendered":"<p><span style=\"color: #ff0000;\"><strong>Imputado de 14 a\u00f1os trasladado a centro del Sename:<\/strong><\/span><\/p>\n<ul>\n<li><strong>En su formalizaci\u00f3n el pasado 9 de diciembre, el Tribunal de Garant\u00eda decret\u00f3 arresto domiciliario para el adolescente, sin embargo la Fiscal\u00eda elev\u00f3 un recurso ante la Corte de Apelaciones para revocar dicha medida cautelar por reclusi\u00f3n provisoria debido a la gravedad del delito.<\/strong><\/li>\n<\/ul>\n<p>Tras un recurso elevado por la Fiscal\u00eda de San Felipe, la Ilustr\u00edsima Corte de Apelaciones de Valpara\u00edso resolvi\u00f3 revocar la medida de arresto domiciliario impuesta por el Tribunal de Garant\u00eda contra un menor de 14 a\u00f1os de edad, el que est\u00e1 imputado como presunto autor del homicidio de <strong>Mart\u00edn Ben\u00edtez Montano<\/strong>, fallecido el pasado 8 de diciembre en medio de una fiesta en el sector Punta El Olivo de esta comuna. Junto a lo anterior, el tribunal de alzada resolvi\u00f3 que el menor sea internado en forma provisoria en un Centro de Detenci\u00f3n Preventiva de Adolescentes.<\/p>\n<p>En entrevista exclusiva con <strong>Diario El Trabajo<\/strong>, el fiscal <strong>Andr\u00e9s Gallardo Cerda<\/strong> afirm\u00f3 que el actual imputado se present\u00f3 voluntariamente ayer martes ante el Tribunal de Garant\u00eda de San Felipe para dar curso a lo resuelto por la Corte de Apelaciones, para ser derivado hasta un centro a cargo del Servicio Nacional de Menores (Sename).<\/p>\n<p>\u201c<em>En la audiencia de control de detenci\u00f3n, el Juez de Garant\u00eda no decret\u00f3 la internaci\u00f3n provisoria al imputado porque dijo que el ni\u00f1o, que tiene 14 a\u00f1os, podr\u00eda traer efectos contradictorios para ese ni\u00f1o estar internado en un centro de detenci\u00f3n preventiva. Nosotros dijimos en audiencia que esta persona mat\u00f3 a otra persona con un cortaplumas, y que el delito de homicidio es lo m\u00e1s grave del ordenamiento jur\u00eddico.\u00a0 Como no se estuvo de acuerdo con la resoluci\u00f3n de este tribunal, este fiscal apel\u00f3 dicha resoluci\u00f3n\u00b4. El d\u00eda de ayer (lunes) me comunicaron los abogados asesores de la Fiscal\u00eda Regional de Valpara\u00edso que fueron a alegar la causa a la Corte, que se revoc\u00f3 la resoluci\u00f3n del juez <strong>Leopoldo Soto<\/strong>, \u00e9l fue el Juez quien no dio lugar a la petici\u00f3n de la Fiscal\u00eda\u201d.<\/em><\/p>\n<p>Lo anterior deriv\u00f3 en que la Corte de Apelaciones revoc\u00f3 la resoluci\u00f3n del Juez de Garant\u00eda de San Felipe y decreta que el imputado de 14 a\u00f1os de edad debe entrar a cumplir la internaci\u00f3n provisoria como medida cautelar, hasta que un Juez no decrete lo contrario.<\/p>\n<p>\u201c<em>Estamos satisfechos con eso porque es la pretensi\u00f3n inicial de la Fiscal\u00eda, hasta el momento tenemos al presunto autor del homicidio que debe estar privado de libertad y entendemos nosotros que es un peligro para la seguridad de la sociedad, y tambi\u00e9n podr\u00eda existir un peligro de fuga porque la pena que \u00e9l arriesga es privativa de libertad, por esas razones nosotros nos encontramos satisfechos en este momento de la resoluci\u00f3n de la Corte de Apelaciones de Valpara\u00edso\u201d,<\/em> enfatiz\u00f3 el fiscal Gallardo.<\/p>\n<p>&#8211; <strong>\u00bfDesde cu\u00e1ndo rige la medida cautelar?<\/strong><\/p>\n<p>&#8211; Tengo entendido que el imputado se present\u00f3 voluntariamente hoy (martes) al Tribunal y el mismo Juez Leopoldo Soto hizo la audiencia, donde orden\u00f3 que esta persona fuera trasladada hasta el centro de detenci\u00f3n para menores.<\/p>\n<p>&#8211; <strong>\u00bfSe ha logrado precisar la din\u00e1mica del homicidio?<\/strong><\/p>\n<p>&#8211; Estamos investigando los hechos, tenemos ocho testigos presenciales que estaban en un contexto de una fiesta y este sujeto habr\u00eda matado a la v\u00edctima. Los m\u00f3viles precisos y determinantes que provocaron esto, los estamos investigando.<\/p>\n<p>&#8211; <strong>Trascendi\u00f3 un m\u00f3vil por celos.<\/strong><\/p>\n<p>&#8211; Esos son los rumores que hay, no tengo informaci\u00f3n para aseverar eso, por tal motivo hemos pedido varias diligencias, entrevistas a testigos para determinar cu\u00e1l fue el m\u00f3vil que mantuvo esta persona para dar muerte al menor.<\/p>\n<p>&#8211; <strong>\u00bfEl arma homicida no ha sido hallada?<\/strong><\/p>\n<p>&#8211; Eso es cierto, eso se expres\u00f3 en la audiencia p\u00fablica de control de detenci\u00f3n, donde el sujeto al parecer se deshizo del arma, pero no se ha logrado la ubicaci\u00f3n de \u00e9sta.<\/p>\n<p><strong>Pablo Salinas Sald\u00edas<\/strong><\/p>\n<p>&nbsp;<\/p>\n<figure id=\"attachment_96150\" aria-describedby=\"caption-attachment-96150\" style=\"width: 580px\" class=\"wp-caption alignnone\"><img data-recalc-dims=\"1\" loading=\"lazy\" decoding=\"async\" class=\"size-full wp-image-96150\" src=\"https:\/\/i0.wp.com\/www.eltrabajo.cl\/portal\/wp-content\/uploads\/2019\/12\/MARTIN1-1.jpg?resize=580%2C358\" alt=\"Mart\u00edn Arturo Ben\u00edtez Montano fue apu\u00f1alado a los 15 a\u00f1os de edad el pasado 8 de diciembre, en medio de una fiesta en el sector Punta El Olivo de San Felipe.\" width=\"580\" height=\"358\" srcset=\"https:\/\/i0.wp.com\/eltrabajo.cl\/portal\/wp-content\/uploads\/2019\/12\/MARTIN1-1.jpg?w=580&amp;ssl=1 580w, https:\/\/i0.wp.com\/eltrabajo.cl\/portal\/wp-content\/uploads\/2019\/12\/MARTIN1-1.jpg?resize=300%2C185&amp;ssl=1 300w, https:\/\/i0.wp.com\/eltrabajo.cl\/portal\/wp-content\/uploads\/2019\/12\/MARTIN1-1.jpg?resize=200%2C123&amp;ssl=1 200w, https:\/\/i0.wp.com\/eltrabajo.cl\/portal\/wp-content\/uploads\/2019\/12\/MARTIN1-1.jpg?resize=243%2C150&amp;ssl=1 243w, https:\/\/i0.wp.com\/eltrabajo.cl\/portal\/wp-content\/uploads\/2019\/12\/MARTIN1-1.jpg?resize=400%2C247&amp;ssl=1 400w\" sizes=\"auto, (max-width: 580px) 100vw, 580px\" \/><figcaption id=\"caption-attachment-96150\" class=\"wp-caption-text\">Mart\u00edn Arturo Ben\u00edtez Montano fue apu\u00f1alado a los 15 a\u00f1os de edad el pasado 8 de diciembre, en medio de una fiesta en el sector Punta El Olivo de San Felipe.<\/figcaption><\/figure>\n","protected":false},"excerpt":{"rendered":"<p>Imputado de 14 a\u00f1os trasladado a centro del Sename: En su formalizaci\u00f3n el pasado 9 de diciembre, el Tribunal de Garant\u00eda decret\u00f3 arresto domiciliario para el adolescente, sin embargo la Fiscal\u00eda elev\u00f3&#8230;<\/p>\n","protected":false},"author":482,"featured_media":96150,"comment_status":"open","ping_status":"open","sticky":false,"template":"","format":"standard","meta":{"advanced_seo_description":"","jetpack_seo_html_title":"","jetpack_seo_noindex":false,"_jetpack_memberships_contains_paid_content":false,"footnotes":""},"categories":[97],"tags":[],"class_list":["post-96149","post","type-post","status-publish","format-standard","has-post-thumbnail","hentry","category-tribunales"],"jetpack_featured_media_url":"https:\/\/i0.wp.com\/eltrabajo.cl\/portal\/wp-content\/uploads\/2019\/12\/MARTIN1-1.jpg?fit=580%2C358&ssl=1","jetpack_sharing_enabled":true,"jetpack_likes_enabled":true,"jetpack-related-posts":[],"_links":{"self":[{"href":"https:\/\/eltrabajo.cl\/portal\/wp-json\/wp\/v2\/posts\/96149","targetHints":{"allow":["GET"]}}],"collection":[{"href":"https:\/\/eltrabajo.cl\/portal\/wp-json\/wp\/v2\/posts"}],"about":[{"href":"https:\/\/eltrabajo.cl\/portal\/wp-json\/wp\/v2\/types\/post"}],"author":[{"embeddable":true,"href":"https:\/\/eltrabajo.cl\/portal\/wp-json\/wp\/v2\/users\/482"}],"replies":[{"embeddable":true,"href":"https:\/\/eltrabajo.cl\/portal\/wp-json\/wp\/v2\/comments?post=96149"}],"version-history":[{"count":0,"href":"https:\/\/eltrabajo.cl\/portal\/wp-json\/wp\/v2\/posts\/96149\/revisions"}],"wp:featuredmedia":[{"embeddable":true,"href":"https:\/\/eltrabajo.cl\/portal\/wp-json\/wp\/v2\/media\/96150"}],"wp:attachment":[{"href":"https:\/\/eltrabajo.cl\/portal\/wp-json\/wp\/v2\/media?parent=96149"}],"wp:term":[{"taxonomy":"category","embeddable":true,"href":"https:\/\/eltrabajo.cl\/portal\/wp-json\/wp\/v2\/categories?post=96149"},{"taxonomy":"post_tag","embeddable":true,"href":"https:\/\/eltrabajo.cl\/portal\/wp-json\/wp\/v2\/tags?post=96149"}],"curies":[{"name":"wp","href":"https:\/\/api.w.org\/{rel}","templated":true}]}}